{"id":9912,"date":"2024-11-06T18:03:13","date_gmt":"2024-11-06T16:03:13","guid":{"rendered":"https:\/\/blogsaverroes.juntadeandalucia.es\/entresierras\/?p=9912"},"modified":"2024-11-06T18:06:13","modified_gmt":"2024-11-06T16:06:13","slug":"9912","status":"publish","type":"post","link":"https:\/\/blogsaverroes.juntadeandalucia.es\/entresierras\/2024\/11\/06\/9912\/","title":{"rendered":"NOCIONES DE PRIMEROS AUXILIOS, SALUD Y ALIMENTACI\u00d3N PARA EL PROFESORADO DEL IES ENTRESIERRAS"},"content":{"rendered":"<p>La enfermera de referencia de nuestro centro educativo, Carmen Cano, se desplaz\u00f3 a nuestras instalaciones para impartir al profesorado del IES Entresierras, nociones b\u00e1sicas sobre primeros auxilios, salud y alimentaci\u00f3n.<\/p>\n<p><img loading=\"lazy\" decoding=\"async\" class=\"alignleft  wp-image-9915\" src=\"https:\/\/blogsaverroes.juntadeandalucia.es\/entresierras\/files\/2024\/11\/20241105_164140-300x169.jpg\" alt=\"\" width=\"367\" height=\"207\" srcset=\"https:\/\/blogsaverroes.juntadeandalucia.es\/entresierras\/files\/2024\/11\/20241105_164140-300x169.jpg 300w, https:\/\/blogsaverroes.juntadeandalucia.es\/entresierras\/files\/2024\/11\/20241105_164140-1024x576.jpg 1024w, https:\/\/blogsaverroes.juntadeandalucia.es\/entresierras\/files\/2024\/11\/20241105_164140-768x432.jpg 768w, https:\/\/blogsaverroes.juntadeandalucia.es\/entresierras\/files\/2024\/11\/20241105_164140-1536x864.jpg 1536w, https:\/\/blogsaverroes.juntadeandalucia.es\/entresierras\/files\/2024\/11\/20241105_164140-2048x1152.jpg 2048w\" sizes=\"(max-width: 367px) 100vw, 367px\" \/> Carmen comenz\u00f3&nbsp; explicando al personal docente aspectos b\u00e1sicos de nutrici\u00f3n, incidiendo en la cantidad de az\u00facar que contienen distintos alimentos de nuestra vida cotidiana.<\/p>\n<p>Nuestra enfermera continu\u00f3 abordando nociones de primeros auxilios, diferenciando en primer lugar entre emergencia y urgencia (algo b\u00e1sico a la hora de administrar los primeros auxilios), y&nbsp; trasmiti\u00f3 al profesorado el protocolo adecuado de actuaci\u00f3n ante cualquier imprevisto o accidente que requiera primeros auxilios, tanto con p\u00e9rdida de consciencia, respiraci\u00f3n y\/o pulso. Nuestra enfermera de referencia hizo especial hincapi\u00e9 en la necesidad de comunicar la emergencia en el menor tiempo posible, utilizando para ello los n\u00fameros de tel\u00e9fono para tal fin (112 para coordinar las actuaciones como&nbsp; puede ser un accidente de tr\u00e1fico en el que es necesario la presencia de bomberos, sanitarios y cuerpos de seguridad&nbsp; y 061 para emergencia m\u00e9dica).<\/p>\n<p><img loading=\"lazy\" decoding=\"async\" class=\" wp-image-9913 alignright\" src=\"https:\/\/blogsaverroes.juntadeandalucia.es\/entresierras\/files\/2024\/11\/20241105_170030-169x300.jpg\" alt=\"\" width=\"172\" height=\"305\" srcset=\"https:\/\/blogsaverroes.juntadeandalucia.es\/entresierras\/files\/2024\/11\/20241105_170030-169x300.jpg 169w, https:\/\/blogsaverroes.juntadeandalucia.es\/entresierras\/files\/2024\/11\/20241105_170030-576x1024.jpg 576w, https:\/\/blogsaverroes.juntadeandalucia.es\/entresierras\/files\/2024\/11\/20241105_170030-768x1365.jpg 768w, https:\/\/blogsaverroes.juntadeandalucia.es\/entresierras\/files\/2024\/11\/20241105_170030-864x1536.jpg 864w, https:\/\/blogsaverroes.juntadeandalucia.es\/entresierras\/files\/2024\/11\/20241105_170030-1152x2048.jpg 1152w, https:\/\/blogsaverroes.juntadeandalucia.es\/entresierras\/files\/2024\/11\/20241105_170030-scaled.jpg 1440w\" sizes=\"(max-width: 172px) 100vw, 172px\" \/>Carmen nos mostr\u00f3 como realizar la Reanimaci\u00f3n Cardiopulmonar, como usar un desfibrilador, como actuar ante una rotura \u00f3sea o una herida, fueron algunos de los temas tratados en esta interesante charla.<\/p>\n<p>M<span class=\"BxUVEf ILfuVd\" lang=\"es\"><span class=\"hgKElc\">ediante estas t\u00e9cnicas, adem\u00e1s de preparar al profesorado para actuar ante una emergencia en el entorno escolar o en otros \u00e1mbitos de la vida, se pretende tambi\u00e9n mejorar las habilidades interpersonales como la confianza, la capacidad de mantener su calma en situaciones de emergencia, la amabilidad o la voluntad de ayudar, lo que tambi\u00e9n aporta seguridad y prevenci\u00f3n.<\/span><\/span><\/p>\n<p>Es esta una actuaci\u00f3n de formaci\u00f3n interna de nuestro centro educativo, destinada a preparar al personal docente de cara a posibles situaciones de emergencia y que tambi\u00e9n a<span dir=\"ltr\" role=\"presentation\">bordar conceptos del \u00e1mbito de conocimiento \u00abP<\/span><span dir=\"ltr\" role=\"presentation\">romoci\u00f3n de h\u00e1bitos de vida saludable\u00bb, \u00e1mbito incluido en el Programa CIMA de nuestro IES.<br \/>\n<\/span><\/p>\n<p>Damos las gracias a Carmen Cano por su maravillosa forma de trasmitir y por su implicaci\u00f3n constante con nuestro centro educativo.<\/p>\n","protected":false},"excerpt":{"rendered":"<p>La enfermera de referencia de nuestro centro educativo, Carmen Cano, se desplaz\u00f3 a nuestras instalaciones para impartir al profesorado del IES Entresierras, nociones b\u00e1sicas sobre primeros auxilios, salud y alimentaci\u00f3n. Carmen comenz\u00f3&nbsp; explicando al&#46;&#46;&#46;<\/p>\n","protected":false},"author":7709,"featured_media":9914,"comment_status":"open","ping_status":"open","sticky":false,"template":"","format":"standard","meta":{"ngg_post_thumbnail":0,"footnotes":""},"categories":[3,30],"tags":[],"aioseo_notices":[],"_links":{"self":[{"href":"https:\/\/blogsaverroes.juntadeandalucia.es\/entresierras\/wp-json\/wp\/v2\/posts\/9912"}],"collection":[{"href":"https:\/\/blogsaverroes.juntadeandalucia.es\/entresierras\/wp-json\/wp\/v2\/posts"}],"about":[{"href":"https:\/\/blogsaverroes.juntadeandalucia.es\/entresierras\/wp-json\/wp\/v2\/types\/post"}],"author":[{"embeddable":true,"href":"https:\/\/blogsaverroes.juntadeandalucia.es\/entresierras\/wp-json\/wp\/v2\/users\/7709"}],"replies":[{"embeddable":true,"href":"https:\/\/blogsaverroes.juntadeandalucia.es\/entresierras\/wp-json\/wp\/v2\/comments?post=9912"}],"version-history":[{"count":6,"href":"https:\/\/blogsaverroes.juntadeandalucia.es\/entresierras\/wp-json\/wp\/v2\/posts\/9912\/revisions"}],"predecessor-version":[{"id":9921,"href":"https:\/\/blogsaverroes.juntadeandalucia.es\/entresierras\/wp-json\/wp\/v2\/posts\/9912\/revisions\/9921"}],"wp:featuredmedia":[{"embeddable":true,"href":"https:\/\/blogsaverroes.juntadeandalucia.es\/entresierras\/wp-json\/wp\/v2\/media\/9914"}],"wp:attachment":[{"href":"https:\/\/blogsaverroes.juntadeandalucia.es\/entresierras\/wp-json\/wp\/v2\/media?parent=9912"}],"wp:term":[{"taxonomy":"category","embeddable":true,"href":"https:\/\/blogsaverroes.juntadeandalucia.es\/entresierras\/wp-json\/wp\/v2\/categories?post=9912"},{"taxonomy":"post_tag","embeddable":true,"href":"https:\/\/blogsaverroes.juntadeandalucia.es\/entresierras\/wp-json\/wp\/v2\/tags?post=9912"}],"curies":[{"name":"wp","href":"https:\/\/api.w.org\/{rel}","templated":true}]}}