{"id":9994,"date":"2025-01-07T21:51:20","date_gmt":"2025-01-07T19:51:20","guid":{"rendered":"https:\/\/blogsaverroes.juntadeandalucia.es\/entresierras\/?p=9994"},"modified":"2025-01-21T19:13:27","modified_gmt":"2025-01-21T17:13:27","slug":"erasmus-lituania","status":"publish","type":"post","link":"https:\/\/blogsaverroes.juntadeandalucia.es\/entresierras\/2025\/01\/07\/erasmus-lituania\/","title":{"rendered":"PROYECTO ERASMUS +: \u00abInclusive Future Leaders\u00bb en  SIRVINTOS, LITUANIA"},"content":{"rendered":"\r\n<p><img loading=\"lazy\" decoding=\"async\" class=\"alignleft size-full wp-image-7297\" src=\"https:\/\/blogsaverroes.juntadeandalucia.es\/entresierras\/files\/2022\/03\/erasmus-e1647979175995.png\" alt=\"\" width=\"225\" height=\"225\">Terminamos el a\u00f1o con una propuesta muy interesante, a la vez que precipitada,para nuestro alumnado de 14 a\u00f1os o m\u00e1s. Nos ofrecieron la posibilidad de participar en un Erasmus a Lituania ,7 alumnos y un profesor. Nos pareci\u00f3 una aventura muy atractiva para nuestro alumnado pero ten\u00edamos que dar nuestra conformidad en dos d\u00edas, as\u00ed que , se le comunic\u00f3 a todo el alumnado que cumpl\u00eda el requisito de edad y se le dio un margen de un d\u00eda para que sus padres se pusieran en contacto v\u00eda Pasen con el centro educativo dando su conformidad para que sus hijos participaran en dicho proyecto Erasmus.<br><br>El d\u00eda 20 de diciembre hicimos una selecci\u00f3n de alumnado siguiente los siguientes criterios<br>1- PARTICIPACI\u00d3N EN PROGRAMAS INTERNACIONALES A\u00d1O ACTUAL<br><br>2-PARTICIPACI\u00d3N EN PROGRAMAS INTERNACIONALES A\u00d1OS ANTERIORES<br><br>3-NIVEL DE INGL\u00c9S<br><br>4- MOTIVACI\u00d3N Y MADUREZ PERSONAL<br><br>5- PARTICIPACI\u00d3N EN ACTIVIDADES COMPLEMENTARIAS Y EXTRAESCOLARES DEL INSTITUTO<br><br>6- CONVIVENCIA POSITIVA EN EL CENTRO<br><br>7-DESVENTAJAS SOCIO ECON\u00d3MICAS DE LOS ESTUDIANTES<br><br>8-RIESGO DE ABANDONO ESCOLAR<br><br><br>Los alumnos seleccionados pueden consultarlos pinchando <a href=\"https:\/\/docs.google.com\/document\/d\/11_c8wb9hmbkUaTDu75NwsMt_KWhuF84Pr7g16TaRlV8\/edit?usp=sharing\">aqu\u00ed<\/a><br><br><br><br>Para obtener m\u00e1s informaci\u00f3n sobre el proyecto pueden pinchar<a href=\"https:\/\/drive.google.com\/file\/d\/1rLTT6kGfKz1JyNbnzICZew7ZspIngPiW\/view?usp=sharing\"> aqu\u00ed<\/a><\/p>\r\n","protected":false},"excerpt":{"rendered":"<p>Terminamos el a\u00f1o con una propuesta muy interesante, a la vez que precipitada,para nuestro alumnado de 14 a\u00f1os o m\u00e1s. Nos ofrecieron la posibilidad de participar en un Erasmus a Lituania ,7 alumnos y&#46;&#46;&#46;<\/p>\n","protected":false},"author":17642,"featured_media":47,"comment_status":"open","ping_status":"open","sticky":false,"template":"","format":"standard","meta":{"ngg_post_thumbnail":0,"footnotes":""},"categories":[20,1],"tags":[],"aioseo_notices":[],"_links":{"self":[{"href":"https:\/\/blogsaverroes.juntadeandalucia.es\/entresierras\/wp-json\/wp\/v2\/posts\/9994"}],"collection":[{"href":"https:\/\/blogsaverroes.juntadeandalucia.es\/entresierras\/wp-json\/wp\/v2\/posts"}],"about":[{"href":"https:\/\/blogsaverroes.juntadeandalucia.es\/entresierras\/wp-json\/wp\/v2\/types\/post"}],"author":[{"embeddable":true,"href":"https:\/\/blogsaverroes.juntadeandalucia.es\/entresierras\/wp-json\/wp\/v2\/users\/17642"}],"replies":[{"embeddable":true,"href":"https:\/\/blogsaverroes.juntadeandalucia.es\/entresierras\/wp-json\/wp\/v2\/comments?post=9994"}],"version-history":[{"count":5,"href":"https:\/\/blogsaverroes.juntadeandalucia.es\/entresierras\/wp-json\/wp\/v2\/posts\/9994\/revisions"}],"predecessor-version":[{"id":10002,"href":"https:\/\/blogsaverroes.juntadeandalucia.es\/entresierras\/wp-json\/wp\/v2\/posts\/9994\/revisions\/10002"}],"wp:featuredmedia":[{"embeddable":true,"href":"https:\/\/blogsaverroes.juntadeandalucia.es\/entresierras\/wp-json\/wp\/v2\/media\/47"}],"wp:attachment":[{"href":"https:\/\/blogsaverroes.juntadeandalucia.es\/entresierras\/wp-json\/wp\/v2\/media?parent=9994"}],"wp:term":[{"taxonomy":"category","embeddable":true,"href":"https:\/\/blogsaverroes.juntadeandalucia.es\/entresierras\/wp-json\/wp\/v2\/categories?post=9994"},{"taxonomy":"post_tag","embeddable":true,"href":"https:\/\/blogsaverroes.juntadeandalucia.es\/entresierras\/wp-json\/wp\/v2\/tags?post=9994"}],"curies":[{"name":"wp","href":"https:\/\/api.w.org\/{rel}","templated":true}]}}