{"id":2252,"date":"2015-12-11T22:37:40","date_gmt":"2015-12-11T22:37:40","guid":{"rendered":"http:\/\/blogsaverroes.juntadeandalucia.es\/eoedelucena\/?p=2252"},"modified":"2016-01-15T11:51:15","modified_gmt":"2016-01-15T11:51:15","slug":"comenzamos-nuestro-blog-2","status":"publish","type":"post","link":"https:\/\/blogsaverroes.juntadeandalucia.es\/eoedelucena\/comenzamos-nuestro-blog-2\/","title":{"rendered":"Comenzamos nuestro blog"},"content":{"rendered":"<div id=\"attachment_2220\" style=\"width: 202px\" class=\"wp-caption alignleft\"><a href=\"http:\/\/blogsaverroes.juntadeandalucia.es\/eoedelucena\/files\/2015\/12\/Br\u00fajula-oro.jpg\"><img loading=\"lazy\" decoding=\"async\" aria-describedby=\"caption-attachment-2220\" class=\" wp-image-2220\" src=\"http:\/\/blogsaverroes.juntadeandalucia.es\/eoedelucena\/files\/2015\/12\/Br\u00fajula-oro.jpg\" alt=\"orientarnos\" width=\"192\" height=\"128\" \/><\/a><p id=\"caption-attachment-2220\" class=\"wp-caption-text\">orientarnos<\/p><\/div>\n<p style=\"text-align: justify\">El\u00a0motivo de abrir un <strong>espacio<\/strong>\u00a0de este tipo\u00a0es el de, simplemente, ahondar en el tema de la <strong>orientaci\u00f3n educativa<\/strong>.\u00a0Surge con la finalidad de\u00a0servir como herramienta de trabajo, reflexi\u00f3n e informaci\u00f3n para todos los miembros que componen nuestra comunidad educativa:\u00a0el <strong>alumnado<\/strong>, sus <strong>familias<\/strong> y el <strong>profesorado<\/strong>. De esta manera, vamos a intentar nutrirlo de todo aquel contenido, relacionado con la tutor\u00eda, orientaci\u00f3n vocacional y atenci\u00f3n a la diversidad, que pueda resultar enriquecedor para todo aquel que as\u00ed lo desee.<\/p>\n<hr \/>\n<p style=\"text-align: justify\">\n","protected":false},"excerpt":{"rendered":"<p>inicio <\/p>\n","protected":false},"author":2477,"featured_media":2220,"comment_status":"open","ping_status":"open","sticky":false,"template":"","format":"standard","meta":{"ngg_post_thumbnail":0,"footnotes":""},"categories":[526,11909],"tags":[],"aioseo_notices":[],"_links":{"self":[{"href":"https:\/\/blogsaverroes.juntadeandalucia.es\/eoedelucena\/wp-json\/wp\/v2\/posts\/2252"}],"collection":[{"href":"https:\/\/blogsaverroes.juntadeandalucia.es\/eoedelucena\/wp-json\/wp\/v2\/posts"}],"about":[{"href":"https:\/\/blogsaverroes.juntadeandalucia.es\/eoedelucena\/wp-json\/wp\/v2\/types\/post"}],"author":[{"embeddable":true,"href":"https:\/\/blogsaverroes.juntadeandalucia.es\/eoedelucena\/wp-json\/wp\/v2\/users\/2477"}],"replies":[{"embeddable":true,"href":"https:\/\/blogsaverroes.juntadeandalucia.es\/eoedelucena\/wp-json\/wp\/v2\/comments?post=2252"}],"version-history":[{"count":4,"href":"https:\/\/blogsaverroes.juntadeandalucia.es\/eoedelucena\/wp-json\/wp\/v2\/posts\/2252\/revisions"}],"predecessor-version":[{"id":2511,"href":"https:\/\/blogsaverroes.juntadeandalucia.es\/eoedelucena\/wp-json\/wp\/v2\/posts\/2252\/revisions\/2511"}],"wp:featuredmedia":[{"embeddable":true,"href":"https:\/\/blogsaverroes.juntadeandalucia.es\/eoedelucena\/wp-json\/wp\/v2\/media\/2220"}],"wp:attachment":[{"href":"https:\/\/blogsaverroes.juntadeandalucia.es\/eoedelucena\/wp-json\/wp\/v2\/media?parent=2252"}],"wp:term":[{"taxonomy":"category","embeddable":true,"href":"https:\/\/blogsaverroes.juntadeandalucia.es\/eoedelucena\/wp-json\/wp\/v2\/categories?post=2252"},{"taxonomy":"post_tag","embeddable":true,"href":"https:\/\/blogsaverroes.juntadeandalucia.es\/eoedelucena\/wp-json\/wp\/v2\/tags?post=2252"}],"curies":[{"name":"wp","href":"https:\/\/api.w.org\/{rel}","templated":true}]}}