{"id":2513,"date":"2016-01-17T19:12:36","date_gmt":"2016-01-17T19:12:36","guid":{"rendered":"http:\/\/blogsaverroes.juntadeandalucia.es\/eoedelucena\/?p=2513"},"modified":"2016-01-17T19:12:36","modified_gmt":"2016-01-17T19:12:36","slug":"borrador-del-libro-blanco-del-profesorado","status":"publish","type":"post","link":"https:\/\/blogsaverroes.juntadeandalucia.es\/eoedelucena\/borrador-del-libro-blanco-del-profesorado\/","title":{"rendered":"Borrador del libro blanco del profesorado"},"content":{"rendered":"<p style=\"text-align: justify\">El Ministerio de Educaci\u00f3n, Cultura y Deporte ha recibido\u00a0 de manos del catedr\u00e1tico de Instituto Jos\u00e9 Antonio Marina el borrador del Libro Blanco de la Funci\u00f3n Docente no Universitaria.<\/p>\n<p style=\"text-align: justify\">Seg\u00fan M\u00e9ndez de Vigo, es un compromiso fundamental reconocer a los docentes la importante labor que realizan en el sistema educativo. De ah\u00ed, la intenci\u00f3n de destacar su trabajo y valorar su esfuerzo.<\/p>\n<p style=\"text-align: justify\">Se va a proceder a la distribuci\u00f3n de este borrador al conjunto de la comunidad educativa para que pueda conocer su contenido y realizar todas aquellas aportaciones que se consideren oportunas. A partir de este mes de enero, el ministro tiene la intenci\u00f3n de proceder a su valoraci\u00f3n, estudio y debate con todos los actores implicados con el objetivo de presentar un texto que cuente con el m\u00e1ximo consenso.<\/p>\n<p style=\"text-align: justify\">El borrador del Libro Blanco de la Funci\u00f3n Docente no Universitaria est\u00e1 disponible en la p\u00e1gina web del Ministerio de Educaci\u00f3n, Cultura y Deporte (<a title=\"Enlace externo, se abre en ventana nueva\" href=\"http:\/\/www.mecd.gob.es\/mecd\/destacados\/libro-blanco-funcion-docente-no-universitaria.html\" rel=\"external\"><strong>www.mecd.gob.es<\/strong><\/a>), y contar\u00e1 con una direcci\u00f3n de correo electr\u00f3nico (<a href=\"mailto:libro.blanco@mecd.es\"><strong>libro.blanco@mecd.es<\/strong><\/a>) para la recepci\u00f3n de sugerencias.<\/p>\n<hr \/>\n<p style=\"text-align: justify\"><a href=\"http:\/\/blogsaverroes.juntadeandalucia.es\/eoedelucena\/files\/2016\/01\/libro-blanco-profesion-docente.pdf\">libro-blanco-profesion-docente<\/a><\/p>\n","protected":false},"excerpt":{"rendered":"<p>El Ministerio de Educaci\u00f3n, Cultura y Deporte ha recibido\u00a0 de manos del catedr\u00e1tico de Instituto Jos\u00e9 Antonio Marina el borrador del Libro Blanco de la Funci\u00f3n Docente no Universitaria. Seg\u00fan M\u00e9ndez de Vigo, es&#46;&#46;&#46;<\/p>\n","protected":false},"author":2507,"featured_media":2421,"comment_status":"open","ping_status":"open","sticky":false,"template":"","format":"standard","meta":{"ngg_post_thumbnail":0,"footnotes":""},"categories":[526],"tags":[6134,343037],"aioseo_notices":[],"_links":{"self":[{"href":"https:\/\/blogsaverroes.juntadeandalucia.es\/eoedelucena\/wp-json\/wp\/v2\/posts\/2513"}],"collection":[{"href":"https:\/\/blogsaverroes.juntadeandalucia.es\/eoedelucena\/wp-json\/wp\/v2\/posts"}],"about":[{"href":"https:\/\/blogsaverroes.juntadeandalucia.es\/eoedelucena\/wp-json\/wp\/v2\/types\/post"}],"author":[{"embeddable":true,"href":"https:\/\/blogsaverroes.juntadeandalucia.es\/eoedelucena\/wp-json\/wp\/v2\/users\/2507"}],"replies":[{"embeddable":true,"href":"https:\/\/blogsaverroes.juntadeandalucia.es\/eoedelucena\/wp-json\/wp\/v2\/comments?post=2513"}],"version-history":[{"count":1,"href":"https:\/\/blogsaverroes.juntadeandalucia.es\/eoedelucena\/wp-json\/wp\/v2\/posts\/2513\/revisions"}],"predecessor-version":[{"id":2516,"href":"https:\/\/blogsaverroes.juntadeandalucia.es\/eoedelucena\/wp-json\/wp\/v2\/posts\/2513\/revisions\/2516"}],"wp:featuredmedia":[{"embeddable":true,"href":"https:\/\/blogsaverroes.juntadeandalucia.es\/eoedelucena\/wp-json\/wp\/v2\/media\/2421"}],"wp:attachment":[{"href":"https:\/\/blogsaverroes.juntadeandalucia.es\/eoedelucena\/wp-json\/wp\/v2\/media?parent=2513"}],"wp:term":[{"taxonomy":"category","embeddable":true,"href":"https:\/\/blogsaverroes.juntadeandalucia.es\/eoedelucena\/wp-json\/wp\/v2\/categories?post=2513"},{"taxonomy":"post_tag","embeddable":true,"href":"https:\/\/blogsaverroes.juntadeandalucia.es\/eoedelucena\/wp-json\/wp\/v2\/tags?post=2513"}],"curies":[{"name":"wp","href":"https:\/\/api.w.org\/{rel}","templated":true}]}}