{"id":2723,"date":"2020-11-17T18:29:15","date_gmt":"2020-11-17T18:29:15","guid":{"rendered":"http:\/\/blogsaverroes.juntadeandalucia.es\/eoedelucena\/?p=2723"},"modified":"2020-11-17T18:44:07","modified_gmt":"2020-11-17T18:44:07","slug":"programas-de-educacion-emocional-en-la-escuela","status":"publish","type":"post","link":"https:\/\/blogsaverroes.juntadeandalucia.es\/eoedelucena\/programas-de-educacion-emocional-en-la-escuela\/","title":{"rendered":"Programas de Educaci\u00f3n Emocional en la escuela"},"content":{"rendered":"<p><img loading=\"lazy\" decoding=\"async\" class=\"wp-image-2724 alignnone\" src=\"https:\/\/blogsaverroes.juntadeandalucia.es\/eoedelucena\/files\/2020\/11\/educacion-emocional-300x169.jpg\" alt=\"educacion emocional \" width=\"300\" height=\"169\" srcset=\"https:\/\/blogsaverroes.juntadeandalucia.es\/eoedelucena\/files\/2020\/11\/educacion-emocional-300x169.jpg 300w, https:\/\/blogsaverroes.juntadeandalucia.es\/eoedelucena\/files\/2020\/11\/educacion-emocional-1024x576.jpg 1024w, https:\/\/blogsaverroes.juntadeandalucia.es\/eoedelucena\/files\/2020\/11\/educacion-emocional-768x432.jpg 768w, https:\/\/blogsaverroes.juntadeandalucia.es\/eoedelucena\/files\/2020\/11\/educacion-emocional-24x14.jpg 24w, https:\/\/blogsaverroes.juntadeandalucia.es\/eoedelucena\/files\/2020\/11\/educacion-emocional-36x20.jpg 36w, https:\/\/blogsaverroes.juntadeandalucia.es\/eoedelucena\/files\/2020\/11\/educacion-emocional-48x27.jpg 48w, https:\/\/blogsaverroes.juntadeandalucia.es\/eoedelucena\/files\/2020\/11\/educacion-emocional.jpg 1500w\" sizes=\"(max-width: 300px) 100vw, 300px\" \/><\/p>\n<p style=\"text-align: left\">El aprendizaje social y emocional es una parte integral de la educaci\u00f3n desde la&nbsp; etapa de preescolar hasta&nbsp;&nbsp;la de secundaria.<\/p>\n<p style=\"text-align: left\">Es recomendable la&nbsp;&nbsp;aplicaci\u00f3n de programas de educaci\u00f3n emocional en los centros educativos que re\u00fanan una serie de requisitos:<\/p>\n<ul style=\"text-align: left\">\n<li>Est\u00e9n bien dise\u00f1ados y promuevan de forma sistem\u00e1tica la competencia social y emocional de los estudiantes, ofreciendo oportunidades para la pr\u00e1ctica y que cuenten con una programaci\u00f3n anual.&nbsp;<\/li>\n<li>Ofrezcan alta calidad en la formaci\u00f3n de los educadores que lo impartan y un apoyo permanente a los mismos que garantice una aplicaci\u00f3n correcta del programa.&nbsp;<\/li>\n<li>Est\u00e9n basados en la evidencia y cuenten con una base emp\u00edrica de su eficacia, con al menos una evaluaci\u00f3n que documente los impactos positivos en el comportamiento del estudiante y\/o su rendimiento acad\u00e9mico.&nbsp;<\/li>\n<li>Esta evaluaci\u00f3n debe incluir una valoraci\u00f3n de las habilidades socio-emocionales incluidas en el programa y\/o otras conductas relacionadas del estudiante.&nbsp;<\/li>\n<li>Conveniencia de que los programas se integren plenamente en el curr\u00edculo, con sesiones que expliciten de forma clara las habilidades a desarrollar y la formaci\u00f3n requerida por los educadores para llevarlas a cabo.&nbsp;<\/li>\n<\/ul>\n<p style=\"text-align: left\">La aplicaci\u00f3n de programas de aprendizaje social y emocional que cumplen estas caracter\u00edsticas puede tener un impacto positivo en el ambiente escolar y promover una serie de beneficios acad\u00e9micos, sociales y emocionales de los estudiantes. los estudiantes que reciben esta educaci\u00f3n socio-emocional de calidad muestran:<\/p>\n<ul>\n<li style=\"text-align: left\">Mejor rendimiento acad\u00e9mico<\/li>\n<li style=\"text-align: left\">Mejora de las actitudes y comportamientos: mayor motivaci\u00f3n para aprender, un compromiso m\u00e1s profundo a la escuela, el aumento del tiempo dedicado a las tareas escolares, y un mejor comportamiento en la clase.&nbsp;<\/li>\n<li style=\"text-align: left\">Menos comportamientos negativos: disminuci\u00f3n de la conducta disruptiva en clase.&nbsp;<\/li>\n<li style=\"text-align: left\">Reducci\u00f3n de la angustia emocional<\/li>\n<\/ul>\n<p style=\"text-align: center\"><a href=\"https:\/\/www.juntadeandalucia.es\/educacion\/portals\/delegate\/content\/45327ed9-ccbc-4e81-b9bf-7009eeb62dd2\">PROGRAMA DE EDUCACI\u00d3N EMOCIONAL<\/a><\/p>\n<p style=\"text-align: center\">Autores: Manuel Segura Morales<br \/>\nMargarita Arcas Cuenca<\/p>\n","protected":false},"excerpt":{"rendered":"<p>El aprendizaje social y emocional es una parte integral de la educaci\u00f3n desde la&nbsp; etapa de preescolar hasta&nbsp;&nbsp;la de secundaria. Es recomendable la&nbsp;&nbsp;aplicaci\u00f3n de programas de educaci\u00f3n emocional en los centros educativos que re\u00fanan&#46;&#46;&#46;<\/p>\n","protected":false},"author":2507,"featured_media":0,"comment_status":"open","ping_status":"open","sticky":false,"template":"","format":"standard","meta":{"ngg_post_thumbnail":0,"footnotes":""},"categories":[11909],"tags":[],"aioseo_notices":[],"_links":{"self":[{"href":"https:\/\/blogsaverroes.juntadeandalucia.es\/eoedelucena\/wp-json\/wp\/v2\/posts\/2723"}],"collection":[{"href":"https:\/\/blogsaverroes.juntadeandalucia.es\/eoedelucena\/wp-json\/wp\/v2\/posts"}],"about":[{"href":"https:\/\/blogsaverroes.juntadeandalucia.es\/eoedelucena\/wp-json\/wp\/v2\/types\/post"}],"author":[{"embeddable":true,"href":"https:\/\/blogsaverroes.juntadeandalucia.es\/eoedelucena\/wp-json\/wp\/v2\/users\/2507"}],"replies":[{"embeddable":true,"href":"https:\/\/blogsaverroes.juntadeandalucia.es\/eoedelucena\/wp-json\/wp\/v2\/comments?post=2723"}],"version-history":[{"count":5,"href":"https:\/\/blogsaverroes.juntadeandalucia.es\/eoedelucena\/wp-json\/wp\/v2\/posts\/2723\/revisions"}],"predecessor-version":[{"id":2730,"href":"https:\/\/blogsaverroes.juntadeandalucia.es\/eoedelucena\/wp-json\/wp\/v2\/posts\/2723\/revisions\/2730"}],"wp:attachment":[{"href":"https:\/\/blogsaverroes.juntadeandalucia.es\/eoedelucena\/wp-json\/wp\/v2\/media?parent=2723"}],"wp:term":[{"taxonomy":"category","embeddable":true,"href":"https:\/\/blogsaverroes.juntadeandalucia.es\/eoedelucena\/wp-json\/wp\/v2\/categories?post=2723"},{"taxonomy":"post_tag","embeddable":true,"href":"https:\/\/blogsaverroes.juntadeandalucia.es\/eoedelucena\/wp-json\/wp\/v2\/tags?post=2723"}],"curies":[{"name":"wp","href":"https:\/\/api.w.org\/{rel}","templated":true}]}}