{"id":381,"date":"2025-12-05T12:49:08","date_gmt":"2025-12-05T12:49:08","guid":{"rendered":"https:\/\/blogsaverroes.juntadeandalucia.es\/eoeeaacccadiz\/?p=381"},"modified":"2025-12-05T12:49:08","modified_gmt":"2025-12-05T12:49:08","slug":"programa-mentor-prim-3a-edicion","status":"publish","type":"post","link":"https:\/\/blogsaverroes.juntadeandalucia.es\/eoeeaacccadiz\/2025\/12\/05\/programa-mentor-prim-3a-edicion\/","title":{"rendered":"PROGRAMA MENTOR-PRIM (3\u00aa EDICI\u00d3N)"},"content":{"rendered":"<p>Informaci\u00f3n sobre la 3\u00aa edici\u00f3n del Programa de Enriquecimiento extracurricular dirigido al alumnado NEAE por Altas Capacidades Intelectuales (AACCII) escolarizado en 3er ciclo de E.Primaria de CEIPs de la provincia de C\u00e1diz:<\/p>\n<p><a href=\"https:\/\/blogsaverroes.juntadeandalucia.es\/eoeeaacccadiz\/files\/2025\/12\/TRIPTICO-INFORMATIVO-MENTORIA-PRIMARIA-EN-CADIZ-3a-edicion-Curso-25-26.pdf\">TR\u00cdPTICO INFORMATIVO MENTORIA PRIMARIA EN C\u00c1DIZ 3\u00aa edici\u00f3n Curso 25-26<\/a><\/p>\n","protected":false},"excerpt":{"rendered":"<p>Informaci\u00f3n sobre la 3\u00aa edici\u00f3n del Programa de Enriquecimiento extracurricular dirigido al alumnado NEAE por Altas Capacidades Intelectuales (AACCII) escolarizado en 3er ciclo de E.Primaria de CEIPs de la provincia de C\u00e1diz: TR\u00cdPTICO INFORMATIVO MENTORIA PRIMARIA EN C\u00c1DIZ 3\u00aa edici\u00f3n Curso 25-26<\/p>\n","protected":false},"author":11868,"featured_media":0,"comment_status":"open","ping_status":"open","sticky":false,"template":"","format":"standard","meta":{"ngg_post_thumbnail":0,"footnotes":""},"categories":[1],"tags":[],"aioseo_notices":[],"_links":{"self":[{"href":"https:\/\/blogsaverroes.juntadeandalucia.es\/eoeeaacccadiz\/wp-json\/wp\/v2\/posts\/381"}],"collection":[{"href":"https:\/\/blogsaverroes.juntadeandalucia.es\/eoeeaacccadiz\/wp-json\/wp\/v2\/posts"}],"about":[{"href":"https:\/\/blogsaverroes.juntadeandalucia.es\/eoeeaacccadiz\/wp-json\/wp\/v2\/types\/post"}],"author":[{"embeddable":true,"href":"https:\/\/blogsaverroes.juntadeandalucia.es\/eoeeaacccadiz\/wp-json\/wp\/v2\/users\/11868"}],"replies":[{"embeddable":true,"href":"https:\/\/blogsaverroes.juntadeandalucia.es\/eoeeaacccadiz\/wp-json\/wp\/v2\/comments?post=381"}],"version-history":[{"count":1,"href":"https:\/\/blogsaverroes.juntadeandalucia.es\/eoeeaacccadiz\/wp-json\/wp\/v2\/posts\/381\/revisions"}],"predecessor-version":[{"id":383,"href":"https:\/\/blogsaverroes.juntadeandalucia.es\/eoeeaacccadiz\/wp-json\/wp\/v2\/posts\/381\/revisions\/383"}],"wp:attachment":[{"href":"https:\/\/blogsaverroes.juntadeandalucia.es\/eoeeaacccadiz\/wp-json\/wp\/v2\/media?parent=381"}],"wp:term":[{"taxonomy":"category","embeddable":true,"href":"https:\/\/blogsaverroes.juntadeandalucia.es\/eoeeaacccadiz\/wp-json\/wp\/v2\/categories?post=381"},{"taxonomy":"post_tag","embeddable":true,"href":"https:\/\/blogsaverroes.juntadeandalucia.es\/eoeeaacccadiz\/wp-json\/wp\/v2\/tags?post=381"}],"curies":[{"name":"wp","href":"https:\/\/api.w.org\/{rel}","templated":true}]}}