{"id":940,"date":"2024-12-18T09:25:13","date_gmt":"2024-12-18T09:25:13","guid":{"rendered":"https:\/\/blogsaverroes.juntadeandalucia.es\/eoeeatcadiz\/?p=940"},"modified":"2024-12-18T09:25:13","modified_gmt":"2024-12-18T09:25:13","slug":"12-diciembre-formacion-ciclos-formativos-grado-superiores","status":"publish","type":"post","link":"https:\/\/blogsaverroes.juntadeandalucia.es\/eoeeatcadiz\/2024\/12\/18\/12-diciembre-formacion-ciclos-formativos-grado-superiores\/","title":{"rendered":"12 DICIEMBRE: FORMACI\u00d3N CICLOS FORMATIVOS GRADO SUPERIORES"},"content":{"rendered":"<h3 class=\"western\" style=\"text-align: center\"><strong><span style=\"color: #ff0000\">FORMACI\u00d3N CICLOS FORMATIVOS DE GRADO SUPERIOR DE EDUCACI\u00d3N INFANTIL <\/span><\/strong><strong style=\"font-size: 1.125rem\"><span style=\"color: #ff0000\">I.E.S. CORNELIO BALBO (C\u00c1DIZ)<\/span><\/strong><\/h3>\n<p><img loading=\"lazy\" decoding=\"async\" class=\"alignnone size-medium wp-image-941 aligncenter\" src=\"https:\/\/blogsaverroes.juntadeandalucia.es\/eoeeatcadiz\/files\/2024\/12\/CFGS-CADIZ24-1-300x225.jpeg\" alt=\"\" width=\"300\" height=\"225\" srcset=\"https:\/\/blogsaverroes.juntadeandalucia.es\/eoeeatcadiz\/files\/2024\/12\/CFGS-CADIZ24-1-300x225.jpeg 300w, https:\/\/blogsaverroes.juntadeandalucia.es\/eoeeatcadiz\/files\/2024\/12\/CFGS-CADIZ24-1-1024x768.jpeg 1024w, https:\/\/blogsaverroes.juntadeandalucia.es\/eoeeatcadiz\/files\/2024\/12\/CFGS-CADIZ24-1-768x576.jpeg 768w, https:\/\/blogsaverroes.juntadeandalucia.es\/eoeeatcadiz\/files\/2024\/12\/CFGS-CADIZ24-1-1536x1152.jpeg 1536w, https:\/\/blogsaverroes.juntadeandalucia.es\/eoeeatcadiz\/files\/2024\/12\/CFGS-CADIZ24-1.jpeg 1600w\" sizes=\"(max-width: 300px) 100vw, 300px\" \/><\/p>\n<p>EL D\u00cdA<strong> 12 DE DICIEMBRE<\/strong>&nbsp;REALIZAMOS UNA&nbsp;<strong>FORMACI\u00d3N<\/strong> CON EL ALUMNADO&nbsp; Y PROFESORADO DE 1\u00ba Y 2\u00ba CICLO DEL GRADO SUPERIOR DE EDUCACI\u00d3N INFANTIL Y DE 2\u00ba CICLO DE INTEGRACI\u00d3N SOCIAL DEL <strong><span style=\"color: #ff0000\">I.E.S. CORNELIO BALBO.<\/span><\/strong><\/p>\n<p>&nbsp;<\/p>\n<p>EL EOE-E AT HEMOS PRESENTADO NUESTRA VISI\u00d3N DE LA ATENCI\u00d3N TEMPRANA Y HEMOS COMPARTIDO EXPERIENCIAS EDUCATIVAS ENTRE TODOS.<\/p>\n<p align=\"center\"><img loading=\"lazy\" decoding=\"async\" class=\"alignnone size-medium wp-image-942\" src=\"https:\/\/blogsaverroes.juntadeandalucia.es\/eoeeatcadiz\/files\/2024\/12\/CFGS-CADIZ24-2-300x225.jpeg\" alt=\"\" width=\"300\" height=\"225\" srcset=\"https:\/\/blogsaverroes.juntadeandalucia.es\/eoeeatcadiz\/files\/2024\/12\/CFGS-CADIZ24-2-300x225.jpeg 300w, https:\/\/blogsaverroes.juntadeandalucia.es\/eoeeatcadiz\/files\/2024\/12\/CFGS-CADIZ24-2-1024x768.jpeg 1024w, https:\/\/blogsaverroes.juntadeandalucia.es\/eoeeatcadiz\/files\/2024\/12\/CFGS-CADIZ24-2-768x576.jpeg 768w, https:\/\/blogsaverroes.juntadeandalucia.es\/eoeeatcadiz\/files\/2024\/12\/CFGS-CADIZ24-2-1536x1152.jpeg 1536w, https:\/\/blogsaverroes.juntadeandalucia.es\/eoeeatcadiz\/files\/2024\/12\/CFGS-CADIZ24-2.jpeg 1600w\" sizes=\"(max-width: 300px) 100vw, 300px\" \/><\/p>\n<p align=\"center\"><span style=\"font-size: 1rem\">\u00a1NOS VEMOS PRONTO EN LAS ESCUELAS!<\/span><span style=\"font-size: 1rem\">&nbsp;<\/span><\/p>\n","protected":false},"excerpt":{"rendered":"<p>FORMACI\u00d3N CICLOS FORMATIVOS DE GRADO SUPERIOR DE EDUCACI\u00d3N INFANTIL I.E.S. CORNELIO BALBO (C\u00c1DIZ) EL D\u00cdA 12 DE DICIEMBRE&nbsp;REALIZAMOS UNA&nbsp;FORMACI\u00d3N CON EL ALUMNADO&nbsp; Y PROFESORADO DE 1\u00ba Y 2\u00ba CICLO DEL GRADO SUPERIOR DE EDUCACI\u00d3N INFANTIL Y DE 2\u00ba CICLO DE INTEGRACI\u00d3N SOCIAL DEL I.E.S. CORNELIO BALBO. &nbsp; EL EOE-E AT HEMOS PRESENTADO NUESTRA VISI\u00d3N DE &hellip; <\/p>\n<p class=\"link-more\"><a href=\"https:\/\/blogsaverroes.juntadeandalucia.es\/eoeeatcadiz\/2024\/12\/18\/12-diciembre-formacion-ciclos-formativos-grado-superiores\/\" class=\"more-link\">Continuar leyendo<span class=\"screen-reader-text\"> \u00ab12 DICIEMBRE: FORMACI\u00d3N CICLOS FORMATIVOS GRADO SUPERIORES\u00bb<\/span><\/a><\/p>\n","protected":false},"author":11172,"featured_media":0,"comment_status":"open","ping_status":"open","sticky":false,"template":"","format":"standard","meta":{"ngg_post_thumbnail":0,"footnotes":""},"categories":[9,4],"tags":[],"aioseo_notices":[],"_links":{"self":[{"href":"https:\/\/blogsaverroes.juntadeandalucia.es\/eoeeatcadiz\/wp-json\/wp\/v2\/posts\/940"}],"collection":[{"href":"https:\/\/blogsaverroes.juntadeandalucia.es\/eoeeatcadiz\/wp-json\/wp\/v2\/posts"}],"about":[{"href":"https:\/\/blogsaverroes.juntadeandalucia.es\/eoeeatcadiz\/wp-json\/wp\/v2\/types\/post"}],"author":[{"embeddable":true,"href":"https:\/\/blogsaverroes.juntadeandalucia.es\/eoeeatcadiz\/wp-json\/wp\/v2\/users\/11172"}],"replies":[{"embeddable":true,"href":"https:\/\/blogsaverroes.juntadeandalucia.es\/eoeeatcadiz\/wp-json\/wp\/v2\/comments?post=940"}],"version-history":[{"count":1,"href":"https:\/\/blogsaverroes.juntadeandalucia.es\/eoeeatcadiz\/wp-json\/wp\/v2\/posts\/940\/revisions"}],"predecessor-version":[{"id":943,"href":"https:\/\/blogsaverroes.juntadeandalucia.es\/eoeeatcadiz\/wp-json\/wp\/v2\/posts\/940\/revisions\/943"}],"wp:attachment":[{"href":"https:\/\/blogsaverroes.juntadeandalucia.es\/eoeeatcadiz\/wp-json\/wp\/v2\/media?parent=940"}],"wp:term":[{"taxonomy":"category","embeddable":true,"href":"https:\/\/blogsaverroes.juntadeandalucia.es\/eoeeatcadiz\/wp-json\/wp\/v2\/categories?post=940"},{"taxonomy":"post_tag","embeddable":true,"href":"https:\/\/blogsaverroes.juntadeandalucia.es\/eoeeatcadiz\/wp-json\/wp\/v2\/tags?post=940"}],"curies":[{"name":"wp","href":"https:\/\/api.w.org\/{rel}","templated":true}]}}