{"id":232,"date":"2024-01-29T23:23:57","date_gmt":"2024-01-29T23:23:57","guid":{"rendered":"https:\/\/blogsaverroes.juntadeandalucia.es\/eoeeteacadiz\/?p=232"},"modified":"2024-01-30T22:39:44","modified_gmt":"2024-01-30T22:39:44","slug":"232","status":"publish","type":"post","link":"https:\/\/blogsaverroes.juntadeandalucia.es\/eoeeteacadiz\/2024\/01\/29\/232\/","title":{"rendered":"Detecci\u00f3n temprana del TEA"},"content":{"rendered":"<p>Esta es la historia de Bruno, y de muchos otros ni\u00f1os. bbMiradas trabaja con una tecnolog\u00eda experimental que busca se\u00f1ales de autismo en beb\u00e9s de grupos de riesgo.<a href=\"https:\/\/fb.watch\/pTX9YRjxum\/\" target=\"_blank\" rel=\"noopener noreferrer\"><img loading=\"lazy\" decoding=\"async\" class=\"aligncenter\" src=\"https:\/\/autismocastillayleon.com\/wp-content\/uploads\/2021\/11\/1.-bbMiradas.jpg\" alt=\"El programa bbMiradas para el diagn\u00f3stico del autismo, se transfiere a otras provincias espa\u00f1olas\" width=\"356\" height=\"237\"><\/a><\/p>\n<p style=\"text-align: center\"><em><strong><span style=\"font-size: 8pt\">Pincha la imagen<\/span><\/strong><\/em><\/p>\n<p style=\"text-align: center\"><span style=\"color: #000080\"><em><strong>\u00abTen altas expectativas y te sorprender\u00e1n\u00bb<\/strong><\/em><\/span><\/p>\n<p>&nbsp;<\/p>\n<p>&nbsp;<\/p>\n","protected":false},"excerpt":{"rendered":"<p>Esta es la historia de Bruno, y de muchos otros ni\u00f1os. bbMiradas trabaja con una tecnolog\u00eda experimental que busca se\u00f1ales de autismo en beb\u00e9s de grupos de riesgo. Pincha la imagen \u00abTen altas expectativas y te sorprender\u00e1n\u00bb &nbsp; &nbsp;<\/p>\n","protected":false},"author":11865,"featured_media":0,"comment_status":"open","ping_status":"open","sticky":false,"template":"","format":"standard","meta":{"ngg_post_thumbnail":0,"footnotes":""},"categories":[24],"tags":[28,29],"aioseo_notices":[],"_links":{"self":[{"href":"https:\/\/blogsaverroes.juntadeandalucia.es\/eoeeteacadiz\/wp-json\/wp\/v2\/posts\/232"}],"collection":[{"href":"https:\/\/blogsaverroes.juntadeandalucia.es\/eoeeteacadiz\/wp-json\/wp\/v2\/posts"}],"about":[{"href":"https:\/\/blogsaverroes.juntadeandalucia.es\/eoeeteacadiz\/wp-json\/wp\/v2\/types\/post"}],"author":[{"embeddable":true,"href":"https:\/\/blogsaverroes.juntadeandalucia.es\/eoeeteacadiz\/wp-json\/wp\/v2\/users\/11865"}],"replies":[{"embeddable":true,"href":"https:\/\/blogsaverroes.juntadeandalucia.es\/eoeeteacadiz\/wp-json\/wp\/v2\/comments?post=232"}],"version-history":[{"count":4,"href":"https:\/\/blogsaverroes.juntadeandalucia.es\/eoeeteacadiz\/wp-json\/wp\/v2\/posts\/232\/revisions"}],"predecessor-version":[{"id":236,"href":"https:\/\/blogsaverroes.juntadeandalucia.es\/eoeeteacadiz\/wp-json\/wp\/v2\/posts\/232\/revisions\/236"}],"wp:attachment":[{"href":"https:\/\/blogsaverroes.juntadeandalucia.es\/eoeeteacadiz\/wp-json\/wp\/v2\/media?parent=232"}],"wp:term":[{"taxonomy":"category","embeddable":true,"href":"https:\/\/blogsaverroes.juntadeandalucia.es\/eoeeteacadiz\/wp-json\/wp\/v2\/categories?post=232"},{"taxonomy":"post_tag","embeddable":true,"href":"https:\/\/blogsaverroes.juntadeandalucia.es\/eoeeteacadiz\/wp-json\/wp\/v2\/tags?post=232"}],"curies":[{"name":"wp","href":"https:\/\/api.w.org\/{rel}","templated":true}]}}