{"id":1102,"date":"2022-11-21T21:23:48","date_gmt":"2022-11-21T20:23:48","guid":{"rendered":"https:\/\/blogsaverroes.juntadeandalucia.es\/eoepriegodecordoba\/?p=1102"},"modified":"2022-11-28T16:53:51","modified_gmt":"2022-11-28T15:53:51","slug":"la-ensenanza-del-ingles-en-el-alumnado-con-dislexia","status":"publish","type":"post","link":"https:\/\/blogsaverroes.juntadeandalucia.es\/eoepriegodecordoba\/la-ensenanza-del-ingles-en-el-alumnado-con-dislexia\/","title":{"rendered":"La ense\u00f1anza del ingl\u00e9s en el alumnado con dislexia. EOE Especializado en DEA de C\u00f3rdoba."},"content":{"rendered":"<p><img loading=\"lazy\" decoding=\"async\" class=\"aligncenter size-full wp-image-1103\" src=\"https:\/\/blogsaverroes.juntadeandalucia.es\/eoepriegodecordoba\/files\/2022\/11\/INGLE\u0301S-.png\" alt=\"\" width=\"300\" height=\"213\"><\/p>\n<p>La dislexia tiene una base de origen fonol\u00f3gico y, como tal, no solo afecta a la lectura y la escritura del castellano sino tambi\u00e9n, y de forma m\u00e1s comprometida al tratarse de una lengua opaca, a la del ingl\u00e9s.<\/p>\n<p>En el mes de septiembre de 2020 se public\u00f3 en edici\u00f3n digital \u00ab<strong>Lectura y dificultades lectoras en el siglo XXI<\/strong>\u00ab, cuyos coordinadores fueron&nbsp;<em>D\u00edez Mediavilla y Guti\u00e9rrez Fresneda<\/em>. En \u00e9l, se recogen aportaciones procedentes de investigaciones y experiencias educativas recientes en torno al aprendizaje de la lectura. Uno de los cap\u00edtulos que considero m\u00e1s interesantes de cara a nuestro trabajo es el de&nbsp;<strong>Silvia Serna<\/strong>, en el que desgrana&nbsp;<em>diferentes formas de atender al alumnado con dislexia en el aprendizaje del ingl\u00e9s como segunda lengua desde un enfoque inclusivo en la etapa de Primaria<\/em>. Ten\u00e9is una s\u00edntesis de sus propuestas en la infograf\u00eda adjunta y m\u00e1s informaci\u00f3n en los enlaces incluidos.<\/p>\n<p>Fuente: EOE Especializado Dificultades de Aprendizaje. C\u00f3rdoba. Enlace <a href=\"https:\/\/blogsaverroes.juntadeandalucia.es\/diacordoba\/2022\/11\/02\/la-ensenanza-del-ingles-en-alumnado-con-dislexia\/\" target=\"_blank\" rel=\"noopener noreferrer\">aqu\u00ed<\/a><\/p>\n","protected":false},"excerpt":{"rendered":"<p>La dislexia tiene una base de origen fonol\u00f3gico y, como tal, no solo afecta a la lectura y la escritura del castellano sino tambi\u00e9n, y de forma m\u00e1s comprometida al tratarse de una lengua&#46;&#46;&#46;<\/p>\n","protected":false},"author":15677,"featured_media":1103,"comment_status":"closed","ping_status":"open","sticky":false,"template":"","format":"standard","meta":{"_exactmetrics_skip_tracking":false,"_exactmetrics_sitenote_active":false,"_exactmetrics_sitenote_note":"","_exactmetrics_sitenote_category":0,"ngg_post_thumbnail":0,"footnotes":""},"categories":[3],"tags":[13,14],"aioseo_notices":[],"_links":{"self":[{"href":"https:\/\/blogsaverroes.juntadeandalucia.es\/eoepriegodecordoba\/wp-json\/wp\/v2\/posts\/1102"}],"collection":[{"href":"https:\/\/blogsaverroes.juntadeandalucia.es\/eoepriegodecordoba\/wp-json\/wp\/v2\/posts"}],"about":[{"href":"https:\/\/blogsaverroes.juntadeandalucia.es\/eoepriegodecordoba\/wp-json\/wp\/v2\/types\/post"}],"author":[{"embeddable":true,"href":"https:\/\/blogsaverroes.juntadeandalucia.es\/eoepriegodecordoba\/wp-json\/wp\/v2\/users\/15677"}],"replies":[{"embeddable":true,"href":"https:\/\/blogsaverroes.juntadeandalucia.es\/eoepriegodecordoba\/wp-json\/wp\/v2\/comments?post=1102"}],"version-history":[{"count":4,"href":"https:\/\/blogsaverroes.juntadeandalucia.es\/eoepriegodecordoba\/wp-json\/wp\/v2\/posts\/1102\/revisions"}],"predecessor-version":[{"id":1221,"href":"https:\/\/blogsaverroes.juntadeandalucia.es\/eoepriegodecordoba\/wp-json\/wp\/v2\/posts\/1102\/revisions\/1221"}],"wp:featuredmedia":[{"embeddable":true,"href":"https:\/\/blogsaverroes.juntadeandalucia.es\/eoepriegodecordoba\/wp-json\/wp\/v2\/media\/1103"}],"wp:attachment":[{"href":"https:\/\/blogsaverroes.juntadeandalucia.es\/eoepriegodecordoba\/wp-json\/wp\/v2\/media?parent=1102"}],"wp:term":[{"taxonomy":"category","embeddable":true,"href":"https:\/\/blogsaverroes.juntadeandalucia.es\/eoepriegodecordoba\/wp-json\/wp\/v2\/categories?post=1102"},{"taxonomy":"post_tag","embeddable":true,"href":"https:\/\/blogsaverroes.juntadeandalucia.es\/eoepriegodecordoba\/wp-json\/wp\/v2\/tags?post=1102"}],"curies":[{"name":"wp","href":"https:\/\/api.w.org\/{rel}","templated":true}]}}