{"id":1223,"date":"2021-01-20T16:00:47","date_gmt":"2021-01-20T15:00:47","guid":{"rendered":"https:\/\/blogsaverroes.juntadeandalucia.es\/equipoespecificodiscapacidadvisualmalaga\/?p=1223"},"modified":"2021-01-20T16:25:12","modified_gmt":"2021-01-20T15:25:12","slug":"metodos-para-el-aprendizaje-de-la-lectoescritura-en-braille","status":"publish","type":"post","link":"https:\/\/blogsaverroes.juntadeandalucia.es\/equipoespecificodiscapacidadvisualmalaga\/2021\/01\/20\/metodos-para-el-aprendizaje-de-la-lectoescritura-en-braille\/","title":{"rendered":"M\u00c9TODOS PARA EL APRENDIZAJE DE LA LECTOESCRITURA EN BRAILLE"},"content":{"rendered":"<p style=\"text-align: justify\"><img loading=\"lazy\" decoding=\"async\" class=\"size-medium wp-image-1229 alignright\" src=\"https:\/\/blogsaverroes.juntadeandalucia.es\/equipoespecificodiscapacidadvisualmalaga\/files\/2021\/01\/626AE4D9-DCDB-4945-AC89-770F967DBCA2-300x300.png\" alt=\"Fichas m\u00e9todo almazara\" width=\"300\" height=\"300\" srcset=\"https:\/\/blogsaverroes.juntadeandalucia.es\/equipoespecificodiscapacidadvisualmalaga\/files\/2021\/01\/626AE4D9-DCDB-4945-AC89-770F967DBCA2-300x300.png 300w, https:\/\/blogsaverroes.juntadeandalucia.es\/equipoespecificodiscapacidadvisualmalaga\/files\/2021\/01\/626AE4D9-DCDB-4945-AC89-770F967DBCA2-1024x1024.png 1024w, https:\/\/blogsaverroes.juntadeandalucia.es\/equipoespecificodiscapacidadvisualmalaga\/files\/2021\/01\/626AE4D9-DCDB-4945-AC89-770F967DBCA2-150x150.png 150w, https:\/\/blogsaverroes.juntadeandalucia.es\/equipoespecificodiscapacidadvisualmalaga\/files\/2021\/01\/626AE4D9-DCDB-4945-AC89-770F967DBCA2-768x768.png 768w, https:\/\/blogsaverroes.juntadeandalucia.es\/equipoespecificodiscapacidadvisualmalaga\/files\/2021\/01\/626AE4D9-DCDB-4945-AC89-770F967DBCA2-100x100.png 100w, https:\/\/blogsaverroes.juntadeandalucia.es\/equipoespecificodiscapacidadvisualmalaga\/files\/2021\/01\/626AE4D9-DCDB-4945-AC89-770F967DBCA2-24x24.png 24w, https:\/\/blogsaverroes.juntadeandalucia.es\/equipoespecificodiscapacidadvisualmalaga\/files\/2021\/01\/626AE4D9-DCDB-4945-AC89-770F967DBCA2-36x36.png 36w, https:\/\/blogsaverroes.juntadeandalucia.es\/equipoespecificodiscapacidadvisualmalaga\/files\/2021\/01\/626AE4D9-DCDB-4945-AC89-770F967DBCA2-48x48.png 48w, https:\/\/blogsaverroes.juntadeandalucia.es\/equipoespecificodiscapacidadvisualmalaga\/files\/2021\/01\/626AE4D9-DCDB-4945-AC89-770F967DBCA2.png 1080w\" sizes=\"(max-width: 300px) 100vw, 300px\" \/>Existen &nbsp;multitud de m\u00e9todos de aprendizaje de lectura y escritura en braille. Sin embargo, la elecci\u00f3n de uno de ellos o la combinaci\u00f3n de varios debe atender a las capacidades de nuestro alumnado, el sistema de lectoescritura que se est\u00e9 llevando a cabo en el aula, el ritmo de aprendizaje, la motivaci\u00f3n e intereses de los mismos, con el objetivo de favorecer la inclusi\u00f3n &nbsp;en el aula.<\/p>\n<p style=\"text-align: justify\">Entre la variedad de m\u00e9todos existentes, nos vamos a centrar en aquellos que hemos utilizado a lo largo de estos a\u00f1os con nuestro alumnado en la etapa de infantil: M\u00e9todo Almazara, Tomillo, Punt a Punt y Braitico.<\/p>\n<p style=\"text-align: justify\"><b>1. M\u00e9todo Almazara<\/b>:<img loading=\"lazy\" decoding=\"async\" class=\"size-medium wp-image-1256 alignright\" src=\"https:\/\/blogsaverroes.juntadeandalucia.es\/equipoespecificodiscapacidadvisualmalaga\/files\/2021\/01\/F0E9983B-CE85-4137-84ED-03A9DB38C8FF-300x300.jpeg\" alt=\"\" width=\"300\" height=\"300\" srcset=\"https:\/\/blogsaverroes.juntadeandalucia.es\/equipoespecificodiscapacidadvisualmalaga\/files\/2021\/01\/F0E9983B-CE85-4137-84ED-03A9DB38C8FF-300x300.jpeg 300w, https:\/\/blogsaverroes.juntadeandalucia.es\/equipoespecificodiscapacidadvisualmalaga\/files\/2021\/01\/F0E9983B-CE85-4137-84ED-03A9DB38C8FF-1022x1024.jpeg 1022w, https:\/\/blogsaverroes.juntadeandalucia.es\/equipoespecificodiscapacidadvisualmalaga\/files\/2021\/01\/F0E9983B-CE85-4137-84ED-03A9DB38C8FF-150x150.jpeg 150w, https:\/\/blogsaverroes.juntadeandalucia.es\/equipoespecificodiscapacidadvisualmalaga\/files\/2021\/01\/F0E9983B-CE85-4137-84ED-03A9DB38C8FF-768x770.jpeg 768w, https:\/\/blogsaverroes.juntadeandalucia.es\/equipoespecificodiscapacidadvisualmalaga\/files\/2021\/01\/F0E9983B-CE85-4137-84ED-03A9DB38C8FF-100x100.jpeg 100w, https:\/\/blogsaverroes.juntadeandalucia.es\/equipoespecificodiscapacidadvisualmalaga\/files\/2021\/01\/F0E9983B-CE85-4137-84ED-03A9DB38C8FF-1532x1536.jpeg 1532w, https:\/\/blogsaverroes.juntadeandalucia.es\/equipoespecificodiscapacidadvisualmalaga\/files\/2021\/01\/F0E9983B-CE85-4137-84ED-03A9DB38C8FF-24x24.jpeg 24w, https:\/\/blogsaverroes.juntadeandalucia.es\/equipoespecificodiscapacidadvisualmalaga\/files\/2021\/01\/F0E9983B-CE85-4137-84ED-03A9DB38C8FF-36x36.jpeg 36w, https:\/\/blogsaverroes.juntadeandalucia.es\/equipoespecificodiscapacidadvisualmalaga\/files\/2021\/01\/F0E9983B-CE85-4137-84ED-03A9DB38C8FF-48x48.jpeg 48w, https:\/\/blogsaverroes.juntadeandalucia.es\/equipoespecificodiscapacidadvisualmalaga\/files\/2021\/01\/F0E9983B-CE85-4137-84ED-03A9DB38C8FF.jpeg 1664w\" sizes=\"(max-width: 300px) 100vw, 300px\" \/><\/p>\n<p style=\"text-align: justify\">Este m\u00e9todo trabaja de forma conjunta la escritura y la lectura en braille. Con \u00e9l se pretende &nbsp;que el alumnado cree una imagen mental y espacial de cada una de las letras en braille, nombrando los puntos seg\u00fan su localizaci\u00f3n ( arriba a la derecha, abajo a la izquierda, en medio a la derecha&#8230;) en lugar de identificar las letras&nbsp;con la combinaci\u00f3n de los puntos del 1 al 6 que conforman el signo generador o cajet\u00edn braille. Este m\u00e9todo permite adaptarse a cualquier m\u00e9todo de lectura y escritura que se lleve a cabo en el aula ordinaria.<br \/>\nEl m\u00e9todo Almazara consta de cuatro fases:&nbsp;<\/p>\n<ul style=\"list-style-type: circle\">\n<li style=\"text-align: justify\">En la primera fase se trabaja la orientaci\u00f3n y direccionalidad, haciendo uso de nuestro cuerpo para identificar las posiciones en el espacio de los puntos que forman el signo generador braille (arriba, en medio, abajo, izquierda y derecha).<\/li>\n<li style=\"text-align: justify\">En la segunda fase, se trabaja la orientaci\u00f3n y direccionalidad en el plano a trav\u00e9s de materiales manipulativos como un tablero donde se van a insertar unos pivotes o una \u201c huevera\u201d en la que usando 6 pelotas de pin pon trabajaremos la localizaci\u00f3n de los puntos del cajet\u00edn.&nbsp;<\/li>\n<li style=\"text-align: justify\">En la tercera fase, se refuerzan&nbsp; dichos conceptos pero de una manera m\u00e1s precisa, ubicando con m\u00e1s exactitud los pivotes usando la pizarra braille. La pizarra es un tablero en el que se han perforado varias filas con los agujeros del signo generador en los que se pueden insertar los pivotes o pinchitos que se encuentran almacenados en una caja anexa. Con este material podemos copiar el modelo dado, hacer dictados de puntos, buscar el diferente, leer las letras y palabras, trabajar el cambio de l\u00ednea .<\/li>\n<li style=\"text-align: justify\">En la cuarta fase se introduce la escritura con la m\u00e1quina Perkins que comenzar\u00e1 con el signo generador, para continuar despu\u00e9s con ejercicios de disociaci\u00f3n de dedos con cada una de las manos. Se realizar\u00e1n &nbsp;diversos tipos de ejercicios, como copias, dictados, etc.<\/li>\n<\/ul>\n<p style=\"text-align: justify\">Si quieres ver c\u00f3mo trabajar con la pizarra del m\u00e9todo, haz clic &nbsp;<a href=\"https:\/\/blogsaverroes.juntadeandalucia.es\/equipoespecificodiscapacidadvisualmalaga\/files\/2021\/01\/joined_video_6c15b2bf153443e2bff4cb1a919dfc4e.mp4\">aqu\u00ed<\/a><\/p>\n<p style=\"text-align: justify\"><b>2. M\u00e9todo de iniciaci\u00f3n a la lectura Tomillo<\/b>:<img loading=\"lazy\" decoding=\"async\" class=\"size-medium wp-image-1228 alignright\" src=\"https:\/\/blogsaverroes.juntadeandalucia.es\/equipoespecificodiscapacidadvisualmalaga\/files\/2021\/01\/31101037-89C7-416E-9E4E-814886C51357-300x256.jpeg\" alt=\"\" width=\"300\" height=\"256\" srcset=\"https:\/\/blogsaverroes.juntadeandalucia.es\/equipoespecificodiscapacidadvisualmalaga\/files\/2021\/01\/31101037-89C7-416E-9E4E-814886C51357-300x256.jpeg 300w, https:\/\/blogsaverroes.juntadeandalucia.es\/equipoespecificodiscapacidadvisualmalaga\/files\/2021\/01\/31101037-89C7-416E-9E4E-814886C51357-1024x873.jpeg 1024w, https:\/\/blogsaverroes.juntadeandalucia.es\/equipoespecificodiscapacidadvisualmalaga\/files\/2021\/01\/31101037-89C7-416E-9E4E-814886C51357-768x655.jpeg 768w, https:\/\/blogsaverroes.juntadeandalucia.es\/equipoespecificodiscapacidadvisualmalaga\/files\/2021\/01\/31101037-89C7-416E-9E4E-814886C51357-1536x1310.jpeg 1536w, https:\/\/blogsaverroes.juntadeandalucia.es\/equipoespecificodiscapacidadvisualmalaga\/files\/2021\/01\/31101037-89C7-416E-9E4E-814886C51357-2048x1746.jpeg 2048w, https:\/\/blogsaverroes.juntadeandalucia.es\/equipoespecificodiscapacidadvisualmalaga\/files\/2021\/01\/31101037-89C7-416E-9E4E-814886C51357-24x20.jpeg 24w, https:\/\/blogsaverroes.juntadeandalucia.es\/equipoespecificodiscapacidadvisualmalaga\/files\/2021\/01\/31101037-89C7-416E-9E4E-814886C51357-36x31.jpeg 36w, https:\/\/blogsaverroes.juntadeandalucia.es\/equipoespecificodiscapacidadvisualmalaga\/files\/2021\/01\/31101037-89C7-416E-9E4E-814886C51357-48x41.jpeg 48w\" sizes=\"(max-width: 300px) 100vw, 300px\" \/><\/p>\n<p style=\"text-align: justify\">Es un m\u00e9todo de iniciaci\u00f3n a la lectura Braille dirigido especialmente, a la poblaci\u00f3n infantil de 5 y 6 a\u00f1os.<br \/>\n<img loading=\"lazy\" decoding=\"async\" class=\"size-medium wp-image-1226 alignright\" src=\"https:\/\/blogsaverroes.juntadeandalucia.es\/equipoespecificodiscapacidadvisualmalaga\/files\/2021\/01\/4044F4E7-C53B-487E-A42B-FFADF10F9B18-300x242.jpeg\" alt=\"Fichas del tomillo\" width=\"300\" height=\"242\" srcset=\"https:\/\/blogsaverroes.juntadeandalucia.es\/equipoespecificodiscapacidadvisualmalaga\/files\/2021\/01\/4044F4E7-C53B-487E-A42B-FFADF10F9B18-300x242.jpeg 300w, https:\/\/blogsaverroes.juntadeandalucia.es\/equipoespecificodiscapacidadvisualmalaga\/files\/2021\/01\/4044F4E7-C53B-487E-A42B-FFADF10F9B18-1024x827.jpeg 1024w, https:\/\/blogsaverroes.juntadeandalucia.es\/equipoespecificodiscapacidadvisualmalaga\/files\/2021\/01\/4044F4E7-C53B-487E-A42B-FFADF10F9B18-768x620.jpeg 768w, https:\/\/blogsaverroes.juntadeandalucia.es\/equipoespecificodiscapacidadvisualmalaga\/files\/2021\/01\/4044F4E7-C53B-487E-A42B-FFADF10F9B18-1536x1240.jpeg 1536w, https:\/\/blogsaverroes.juntadeandalucia.es\/equipoespecificodiscapacidadvisualmalaga\/files\/2021\/01\/4044F4E7-C53B-487E-A42B-FFADF10F9B18-2048x1654.jpeg 2048w, https:\/\/blogsaverroes.juntadeandalucia.es\/equipoespecificodiscapacidadvisualmalaga\/files\/2021\/01\/4044F4E7-C53B-487E-A42B-FFADF10F9B18-24x19.jpeg 24w, https:\/\/blogsaverroes.juntadeandalucia.es\/equipoespecificodiscapacidadvisualmalaga\/files\/2021\/01\/4044F4E7-C53B-487E-A42B-FFADF10F9B18-36x29.jpeg 36w, https:\/\/blogsaverroes.juntadeandalucia.es\/equipoespecificodiscapacidadvisualmalaga\/files\/2021\/01\/4044F4E7-C53B-487E-A42B-FFADF10F9B18-48x39.jpeg 48w\" sizes=\"(max-width: 300px) 100vw, 300px\" \/><\/p>\n<p style=\"text-align: justify\">Los objetivos del m\u00e9todo son: proporcionar una lectura comprensiva a trav\u00e9s de contenidos significativos, utilizando palabras y frases cortas con sentido y estructuras ling\u00fc\u00edsticas familiares al alumnado en esas edades y estimular el deseo de leer gracias a sus materiales atractivos, pues cada unidad se presenta con im\u00e1genes con texturas muy afines al texto.<\/p>\n<p style=\"text-align: justify\">Debemos tener en cuenta que se trata de un m\u00e9todo para trabajar directamente la lectura en braille, dando por supuesto que las etapas previas de habilidades b\u00e1sicas y prebraille est\u00e1n superadas.<\/p>\n<p style=\"text-align: justify\">Este m\u00e9todo consta de dos vol\u00famenes encuadernados con anillas de manera que se pueden sacar las fichas y trabajar las actividades de forma independiente seg\u00fan la letra que se quiera reforzar.&nbsp;&nbsp;<\/p>\n<p style=\"text-align: justify\">A la hora de establecer el orden de presentaci\u00f3n de las letras, el m\u00e9todo tiene en cuenta presentar, en primer lugar, las letras que se perciben m\u00e1s f\u00e1cilmente al tacto, las que no presentan dificultades fon\u00e9ticas y se evita unir letras sim\u00e9tricas.<\/p>\n<p style=\"text-align: justify\">Como caracter\u00edsticas particulares, el m\u00e9todo Tomillo va introduciendo desde el principio las vocales con tilde y se utiliza doble espacio para facilitar la lectura y el cambio de l\u00ednea.<\/p>\n<div id='gallery-1' class='gallery galleryid-1223 gallery-columns-3 gallery-size-thumbnail'><figure class='gallery-item'>\n\t\t\t<div class='gallery-icon portrait'>\n\t\t\t\t<a href='https:\/\/blogsaverroes.juntadeandalucia.es\/equipoespecificodiscapacidadvisualmalaga\/2021\/01\/20\/metodos-para-el-aprendizaje-de-la-lectoescritura-en-braille\/e05a491b-38fb-4205-9eb6-8c1c5583f48b\/'><img loading=\"lazy\" decoding=\"async\" width=\"150\" height=\"150\" src=\"https:\/\/blogsaverroes.juntadeandalucia.es\/equipoespecificodiscapacidadvisualmalaga\/files\/2021\/01\/E05A491B-38FB-4205-9EB6-8C1C5583F48B-150x150.jpeg\" class=\"attachment-thumbnail size-thumbnail\" alt=\"Uva en relieve\" aria-describedby=\"gallery-1-1235\" srcset=\"https:\/\/blogsaverroes.juntadeandalucia.es\/equipoespecificodiscapacidadvisualmalaga\/files\/2021\/01\/E05A491B-38FB-4205-9EB6-8C1C5583F48B-150x150.jpeg 150w, https:\/\/blogsaverroes.juntadeandalucia.es\/equipoespecificodiscapacidadvisualmalaga\/files\/2021\/01\/E05A491B-38FB-4205-9EB6-8C1C5583F48B-100x100.jpeg 100w\" sizes=\"(max-width: 150px) 100vw, 150px\" \/><\/a>\n\t\t\t<\/div>\n\t\t\t\t<figcaption class='wp-caption-text gallery-caption' id='gallery-1-1235'>\n\t\t\t\tUva en relieve\n\t\t\t\t<\/figcaption><\/figure><figure class='gallery-item'>\n\t\t\t<div class='gallery-icon landscape'>\n\t\t\t\t<a href='https:\/\/blogsaverroes.juntadeandalucia.es\/equipoespecificodiscapacidadvisualmalaga\/2021\/01\/20\/metodos-para-el-aprendizaje-de-la-lectoescritura-en-braille\/4044f4e7-c53b-487e-a42b-ffadf10f9b18\/'><img loading=\"lazy\" decoding=\"async\" width=\"150\" height=\"150\" src=\"https:\/\/blogsaverroes.juntadeandalucia.es\/equipoespecificodiscapacidadvisualmalaga\/files\/2021\/01\/4044F4E7-C53B-487E-A42B-FFADF10F9B18-150x150.jpeg\" class=\"attachment-thumbnail size-thumbnail\" alt=\"Fichas del tomillo\" aria-describedby=\"gallery-1-1226\" srcset=\"https:\/\/blogsaverroes.juntadeandalucia.es\/equipoespecificodiscapacidadvisualmalaga\/files\/2021\/01\/4044F4E7-C53B-487E-A42B-FFADF10F9B18-150x150.jpeg 150w, https:\/\/blogsaverroes.juntadeandalucia.es\/equipoespecificodiscapacidadvisualmalaga\/files\/2021\/01\/4044F4E7-C53B-487E-A42B-FFADF10F9B18-100x100.jpeg 100w\" sizes=\"(max-width: 150px) 100vw, 150px\" \/><\/a>\n\t\t\t<\/div>\n\t\t\t\t<figcaption class='wp-caption-text gallery-caption' id='gallery-1-1226'>\n\t\t\t\tFichas del tomillo\n\t\t\t\t<\/figcaption><\/figure><figure class='gallery-item'>\n\t\t\t<div class='gallery-icon landscape'>\n\t\t\t\t<a href='https:\/\/blogsaverroes.juntadeandalucia.es\/equipoespecificodiscapacidadvisualmalaga\/2021\/01\/20\/metodos-para-el-aprendizaje-de-la-lectoescritura-en-braille\/d2296f3a-3856-40c8-a58d-f82cade94ccd\/'><img loading=\"lazy\" decoding=\"async\" width=\"150\" height=\"150\" src=\"https:\/\/blogsaverroes.juntadeandalucia.es\/equipoespecificodiscapacidadvisualmalaga\/files\/2021\/01\/D2296F3A-3856-40C8-A58D-F82CADE94CCD-150x150.jpeg\" class=\"attachment-thumbnail size-thumbnail\" alt=\"\" aria-describedby=\"gallery-1-1227\" srcset=\"https:\/\/blogsaverroes.juntadeandalucia.es\/equipoespecificodiscapacidadvisualmalaga\/files\/2021\/01\/D2296F3A-3856-40C8-A58D-F82CADE94CCD-150x150.jpeg 150w, https:\/\/blogsaverroes.juntadeandalucia.es\/equipoespecificodiscapacidadvisualmalaga\/files\/2021\/01\/D2296F3A-3856-40C8-A58D-F82CADE94CCD-100x100.jpeg 100w\" sizes=\"(max-width: 150px) 100vw, 150px\" \/><\/a>\n\t\t\t<\/div>\n\t\t\t\t<figcaption class='wp-caption-text gallery-caption' id='gallery-1-1227'>\n\t\t\t\tPalabras  e im\u00e1genes del tomillo\n\t\t\t\t<\/figcaption><\/figure><figure class='gallery-item'>\n\t\t\t<div class='gallery-icon portrait'>\n\t\t\t\t<a href='https:\/\/blogsaverroes.juntadeandalucia.es\/equipoespecificodiscapacidadvisualmalaga\/2021\/01\/20\/metodos-para-el-aprendizaje-de-la-lectoescritura-en-braille\/d33bbd83-e24b-469b-a4c8-1c0ea4ddf05b\/'><img loading=\"lazy\" decoding=\"async\" width=\"150\" height=\"150\" src=\"https:\/\/blogsaverroes.juntadeandalucia.es\/equipoespecificodiscapacidadvisualmalaga\/files\/2021\/01\/D33BBD83-E24B-469B-A4C8-1C0EA4DDF05B-150x150.jpeg\" class=\"attachment-thumbnail size-thumbnail\" alt=\"Tomillo\" aria-describedby=\"gallery-1-1225\" srcset=\"https:\/\/blogsaverroes.juntadeandalucia.es\/equipoespecificodiscapacidadvisualmalaga\/files\/2021\/01\/D33BBD83-E24B-469B-A4C8-1C0EA4DDF05B-150x150.jpeg 150w, https:\/\/blogsaverroes.juntadeandalucia.es\/equipoespecificodiscapacidadvisualmalaga\/files\/2021\/01\/D33BBD83-E24B-469B-A4C8-1C0EA4DDF05B-100x100.jpeg 100w\" sizes=\"(max-width: 150px) 100vw, 150px\" \/><\/a>\n\t\t\t<\/div>\n\t\t\t\t<figcaption class='wp-caption-text gallery-caption' id='gallery-1-1225'>\n\t\t\t\tFichas del tomillo\n\t\t\t\t<\/figcaption><\/figure>\n\t\t<\/div>\n\n<p>&nbsp;<\/p>\n<p style=\"text-align: justify\"><b>3. &nbsp;Programa pre-lectoescritura Punt a Punt:<\/b>&nbsp;<\/p>\n<p style=\"text-align: justify\">El punt a punt es un m\u00e9todo que consta de cinco cuadernos:<img loading=\"lazy\" decoding=\"async\" class=\"size-medium wp-image-1300 alignleft\" src=\"https:\/\/blogsaverroes.juntadeandalucia.es\/equipoespecificodiscapacidadvisualmalaga\/files\/2021\/01\/0CB19737-CFE5-4B52-A353-EA92E4ADC296-225x300.jpeg\" alt=\"\" width=\"225\" height=\"300\" srcset=\"https:\/\/blogsaverroes.juntadeandalucia.es\/equipoespecificodiscapacidadvisualmalaga\/files\/2021\/01\/0CB19737-CFE5-4B52-A353-EA92E4ADC296-225x300.jpeg 225w, https:\/\/blogsaverroes.juntadeandalucia.es\/equipoespecificodiscapacidadvisualmalaga\/files\/2021\/01\/0CB19737-CFE5-4B52-A353-EA92E4ADC296-768x1024.jpeg 768w, https:\/\/blogsaverroes.juntadeandalucia.es\/equipoespecificodiscapacidadvisualmalaga\/files\/2021\/01\/0CB19737-CFE5-4B52-A353-EA92E4ADC296-1152x1536.jpeg 1152w, https:\/\/blogsaverroes.juntadeandalucia.es\/equipoespecificodiscapacidadvisualmalaga\/files\/2021\/01\/0CB19737-CFE5-4B52-A353-EA92E4ADC296-1536x2048.jpeg 1536w, https:\/\/blogsaverroes.juntadeandalucia.es\/equipoespecificodiscapacidadvisualmalaga\/files\/2021\/01\/0CB19737-CFE5-4B52-A353-EA92E4ADC296-18x24.jpeg 18w, https:\/\/blogsaverroes.juntadeandalucia.es\/equipoespecificodiscapacidadvisualmalaga\/files\/2021\/01\/0CB19737-CFE5-4B52-A353-EA92E4ADC296-27x36.jpeg 27w, https:\/\/blogsaverroes.juntadeandalucia.es\/equipoespecificodiscapacidadvisualmalaga\/files\/2021\/01\/0CB19737-CFE5-4B52-A353-EA92E4ADC296-36x48.jpeg 36w, https:\/\/blogsaverroes.juntadeandalucia.es\/equipoespecificodiscapacidadvisualmalaga\/files\/2021\/01\/0CB19737-CFE5-4B52-A353-EA92E4ADC296-scaled.jpeg 1920w\" sizes=\"(max-width: 225px) 100vw, 225px\" \/><\/p>\n<ul style=\"text-align: justify\">\n<li>El cuaderno 1 y 2 ofrece una bater\u00eda de actividades de prelectura para iniciar el aprendizaje del braille y reforzar la percepci\u00f3n t\u00e1ctil a trav\u00e9s de ejercicios donde se trabaja la diferenciaci\u00f3n, el reconocimiento, discriminaci\u00f3n de la forma (grande, peque\u00f1o, mediano), la orientaci\u00f3n espacial (vertical, horizontal, arriba, abajo izquierda y derecha), el seguimiento horizontal, vertical y diagonal y la discriminaci\u00f3n de la diferencia.<br \/>\n<img loading=\"lazy\" decoding=\"async\" class=\"size-medium wp-image-1236 alignright\" src=\"https:\/\/blogsaverroes.juntadeandalucia.es\/equipoespecificodiscapacidadvisualmalaga\/files\/2021\/01\/AC5258EE-E854-4CE2-8A5D-BC8F9EFDC7C1-225x300.jpeg\" alt=\"\" width=\"225\" height=\"300\" srcset=\"https:\/\/blogsaverroes.juntadeandalucia.es\/equipoespecificodiscapacidadvisualmalaga\/files\/2021\/01\/AC5258EE-E854-4CE2-8A5D-BC8F9EFDC7C1-225x300.jpeg 225w, https:\/\/blogsaverroes.juntadeandalucia.es\/equipoespecificodiscapacidadvisualmalaga\/files\/2021\/01\/AC5258EE-E854-4CE2-8A5D-BC8F9EFDC7C1-768x1024.jpeg 768w, https:\/\/blogsaverroes.juntadeandalucia.es\/equipoespecificodiscapacidadvisualmalaga\/files\/2021\/01\/AC5258EE-E854-4CE2-8A5D-BC8F9EFDC7C1-1152x1536.jpeg 1152w, https:\/\/blogsaverroes.juntadeandalucia.es\/equipoespecificodiscapacidadvisualmalaga\/files\/2021\/01\/AC5258EE-E854-4CE2-8A5D-BC8F9EFDC7C1-1536x2048.jpeg 1536w, https:\/\/blogsaverroes.juntadeandalucia.es\/equipoespecificodiscapacidadvisualmalaga\/files\/2021\/01\/AC5258EE-E854-4CE2-8A5D-BC8F9EFDC7C1-18x24.jpeg 18w, https:\/\/blogsaverroes.juntadeandalucia.es\/equipoespecificodiscapacidadvisualmalaga\/files\/2021\/01\/AC5258EE-E854-4CE2-8A5D-BC8F9EFDC7C1-27x36.jpeg 27w, https:\/\/blogsaverroes.juntadeandalucia.es\/equipoespecificodiscapacidadvisualmalaga\/files\/2021\/01\/AC5258EE-E854-4CE2-8A5D-BC8F9EFDC7C1-36x48.jpeg 36w, https:\/\/blogsaverroes.juntadeandalucia.es\/equipoespecificodiscapacidadvisualmalaga\/files\/2021\/01\/AC5258EE-E854-4CE2-8A5D-BC8F9EFDC7C1-scaled.jpeg 1920w\" sizes=\"(max-width: 225px) 100vw, 225px\" \/><\/li>\n<li>El cuaderno 3&nbsp; y 4 introduce el signo generador y se comienzan a distinguir las primeras combinaciones de puntos a la vez que se comienza con la preescritura. Se presentan todas las letras de menor a mayor dificultad y se van haciendo actividades de combinaci\u00f3n de las mismas para construir s\u00edlabas, palabras y, por \u00faltimo, frases. El cajet\u00edn va disminuyendo progresivamente de tama\u00f1o hasta llegar al braille est\u00e1ndar.<\/li>\n<\/ul>\n<p>&nbsp;<\/p>\n<ul style=\"text-align: justify\">\n<li>El cuaderno 5 est\u00e1 dedicado al docente aportando algunas consideraciones metodol\u00f3gicas.&nbsp;\n<p style=\"text-align: justify\">&nbsp;<\/p>\n<\/li>\n<\/ul>\n<p style=\"text-align: justify\">Este m\u00e9todo presenta una diversidad de ejercicios atractivos, tanto desde el punto de vista t\u00e1ctil como visual, resultando inclusivo y adecuado no solo para el alumnado con ceguera, sino para los que presentan resto de visi\u00f3n.&nbsp;<\/p>\n<p style=\"text-align: justify\">&nbsp;<\/p>\n<div id='gallery-2' class='gallery galleryid-1223 gallery-columns-3 gallery-size-thumbnail'><figure class='gallery-item'>\n\t\t\t<div class='gallery-icon portrait'>\n\t\t\t\t<a href='https:\/\/blogsaverroes.juntadeandalucia.es\/equipoespecificodiscapacidadvisualmalaga\/2021\/01\/20\/metodos-para-el-aprendizaje-de-la-lectoescritura-en-braille\/ac5258ee-e854-4ce2-8a5d-bc8f9efdc7c1\/'><img loading=\"lazy\" decoding=\"async\" width=\"150\" height=\"150\" src=\"https:\/\/blogsaverroes.juntadeandalucia.es\/equipoespecificodiscapacidadvisualmalaga\/files\/2021\/01\/AC5258EE-E854-4CE2-8A5D-BC8F9EFDC7C1-150x150.jpeg\" class=\"attachment-thumbnail size-thumbnail\" alt=\"\" aria-describedby=\"gallery-2-1236\" srcset=\"https:\/\/blogsaverroes.juntadeandalucia.es\/equipoespecificodiscapacidadvisualmalaga\/files\/2021\/01\/AC5258EE-E854-4CE2-8A5D-BC8F9EFDC7C1-150x150.jpeg 150w, https:\/\/blogsaverroes.juntadeandalucia.es\/equipoespecificodiscapacidadvisualmalaga\/files\/2021\/01\/AC5258EE-E854-4CE2-8A5D-BC8F9EFDC7C1-100x100.jpeg 100w\" sizes=\"(max-width: 150px) 100vw, 150px\" \/><\/a>\n\t\t\t<\/div>\n\t\t\t\t<figcaption class='wp-caption-text gallery-caption' id='gallery-2-1236'>\n\t\t\t\tPortada cuaderno 1 de punt a punt\n\t\t\t\t<\/figcaption><\/figure><figure class='gallery-item'>\n\t\t\t<div class='gallery-icon landscape'>\n\t\t\t\t<a href='https:\/\/blogsaverroes.juntadeandalucia.es\/equipoespecificodiscapacidadvisualmalaga\/2021\/01\/20\/metodos-para-el-aprendizaje-de-la-lectoescritura-en-braille\/afc71723-5214-49f8-b373-7f92896d3e3a\/'><img loading=\"lazy\" decoding=\"async\" width=\"150\" height=\"150\" src=\"https:\/\/blogsaverroes.juntadeandalucia.es\/equipoespecificodiscapacidadvisualmalaga\/files\/2021\/01\/AFC71723-5214-49F8-B373-7F92896D3E3A-150x150.jpeg\" class=\"attachment-thumbnail size-thumbnail\" alt=\"\" aria-describedby=\"gallery-2-1234\" srcset=\"https:\/\/blogsaverroes.juntadeandalucia.es\/equipoespecificodiscapacidadvisualmalaga\/files\/2021\/01\/AFC71723-5214-49F8-B373-7F92896D3E3A-150x150.jpeg 150w, https:\/\/blogsaverroes.juntadeandalucia.es\/equipoespecificodiscapacidadvisualmalaga\/files\/2021\/01\/AFC71723-5214-49F8-B373-7F92896D3E3A-100x100.jpeg 100w\" sizes=\"(max-width: 150px) 100vw, 150px\" \/><\/a>\n\t\t\t<\/div>\n\t\t\t\t<figcaption class='wp-caption-text gallery-caption' id='gallery-2-1234'>\n\t\t\t\tCajetines\n\t\t\t\t<\/figcaption><\/figure><figure class='gallery-item'>\n\t\t\t<div class='gallery-icon portrait'>\n\t\t\t\t<a href='https:\/\/blogsaverroes.juntadeandalucia.es\/equipoespecificodiscapacidadvisualmalaga\/2021\/01\/20\/metodos-para-el-aprendizaje-de-la-lectoescritura-en-braille\/12e6ce1e-4f71-4f26-ae5c-21d6d12fc4c6\/'><img loading=\"lazy\" decoding=\"async\" width=\"150\" height=\"150\" src=\"https:\/\/blogsaverroes.juntadeandalucia.es\/equipoespecificodiscapacidadvisualmalaga\/files\/2021\/01\/12E6CE1E-4F71-4F26-AE5C-21D6D12FC4C6-150x150.jpeg\" class=\"attachment-thumbnail size-thumbnail\" alt=\"\" aria-describedby=\"gallery-2-1237\" srcset=\"https:\/\/blogsaverroes.juntadeandalucia.es\/equipoespecificodiscapacidadvisualmalaga\/files\/2021\/01\/12E6CE1E-4F71-4F26-AE5C-21D6D12FC4C6-150x150.jpeg 150w, https:\/\/blogsaverroes.juntadeandalucia.es\/equipoespecificodiscapacidadvisualmalaga\/files\/2021\/01\/12E6CE1E-4F71-4F26-AE5C-21D6D12FC4C6-100x100.jpeg 100w\" sizes=\"(max-width: 150px) 100vw, 150px\" \/><\/a>\n\t\t\t<\/div>\n\t\t\t\t<figcaption class='wp-caption-text gallery-caption' id='gallery-2-1237'>\n\t\t\t\tFichas de seguimiento\n\t\t\t\t<\/figcaption><\/figure><figure class='gallery-item'>\n\t\t\t<div class='gallery-icon portrait'>\n\t\t\t\t<a href='https:\/\/blogsaverroes.juntadeandalucia.es\/equipoespecificodiscapacidadvisualmalaga\/2021\/01\/20\/metodos-para-el-aprendizaje-de-la-lectoescritura-en-braille\/e8d52add-fd3a-40d5-b7b7-70c7d80336e1\/'><img loading=\"lazy\" decoding=\"async\" width=\"150\" height=\"150\" src=\"https:\/\/blogsaverroes.juntadeandalucia.es\/equipoespecificodiscapacidadvisualmalaga\/files\/2021\/01\/E8D52ADD-FD3A-40D5-B7B7-70C7D80336E1-150x150.jpeg\" class=\"attachment-thumbnail size-thumbnail\" alt=\"\" aria-describedby=\"gallery-2-1238\" srcset=\"https:\/\/blogsaverroes.juntadeandalucia.es\/equipoespecificodiscapacidadvisualmalaga\/files\/2021\/01\/E8D52ADD-FD3A-40D5-B7B7-70C7D80336E1-150x150.jpeg 150w, https:\/\/blogsaverroes.juntadeandalucia.es\/equipoespecificodiscapacidadvisualmalaga\/files\/2021\/01\/E8D52ADD-FD3A-40D5-B7B7-70C7D80336E1-100x100.jpeg 100w\" sizes=\"(max-width: 150px) 100vw, 150px\" \/><\/a>\n\t\t\t<\/div>\n\t\t\t\t<figcaption class='wp-caption-text gallery-caption' id='gallery-2-1238'>\n\t\t\t\tReconocimiento de formas\n\t\t\t\t<\/figcaption><\/figure><figure class='gallery-item'>\n\t\t\t<div class='gallery-icon portrait'>\n\t\t\t\t<a href='https:\/\/blogsaverroes.juntadeandalucia.es\/equipoespecificodiscapacidadvisualmalaga\/2021\/01\/20\/metodos-para-el-aprendizaje-de-la-lectoescritura-en-braille\/e94afeef-b30a-40dd-b88a-07c6e3e4947e\/'><img loading=\"lazy\" decoding=\"async\" width=\"150\" height=\"150\" src=\"https:\/\/blogsaverroes.juntadeandalucia.es\/equipoespecificodiscapacidadvisualmalaga\/files\/2021\/01\/E94AFEEF-B30A-40DD-B88A-07C6E3E4947E-150x150.jpeg\" class=\"attachment-thumbnail size-thumbnail\" alt=\"M\u00e9todo punt a punt, cuadernillos\" aria-describedby=\"gallery-2-1299\" srcset=\"https:\/\/blogsaverroes.juntadeandalucia.es\/equipoespecificodiscapacidadvisualmalaga\/files\/2021\/01\/E94AFEEF-B30A-40DD-B88A-07C6E3E4947E-150x150.jpeg 150w, https:\/\/blogsaverroes.juntadeandalucia.es\/equipoespecificodiscapacidadvisualmalaga\/files\/2021\/01\/E94AFEEF-B30A-40DD-B88A-07C6E3E4947E-100x100.jpeg 100w\" sizes=\"(max-width: 150px) 100vw, 150px\" \/><\/a>\n\t\t\t<\/div>\n\t\t\t\t<figcaption class='wp-caption-text gallery-caption' id='gallery-2-1299'>\n\t\t\t\tCuadernos punt a punt\n\t\t\t\t<\/figcaption><\/figure><figure class='gallery-item'>\n\t\t\t<div class='gallery-icon portrait'>\n\t\t\t\t<a href='https:\/\/blogsaverroes.juntadeandalucia.es\/equipoespecificodiscapacidadvisualmalaga\/2021\/01\/20\/metodos-para-el-aprendizaje-de-la-lectoescritura-en-braille\/4c482f58-5e25-4b56-9a61-1308f53eb5ff\/'><img loading=\"lazy\" decoding=\"async\" width=\"150\" height=\"150\" src=\"https:\/\/blogsaverroes.juntadeandalucia.es\/equipoespecificodiscapacidadvisualmalaga\/files\/2021\/01\/4C482F58-5E25-4B56-9A61-1308F53EB5FF-150x150.jpeg\" class=\"attachment-thumbnail size-thumbnail\" alt=\"\" aria-describedby=\"gallery-2-1297\" srcset=\"https:\/\/blogsaverroes.juntadeandalucia.es\/equipoespecificodiscapacidadvisualmalaga\/files\/2021\/01\/4C482F58-5E25-4B56-9A61-1308F53EB5FF-150x150.jpeg 150w, https:\/\/blogsaverroes.juntadeandalucia.es\/equipoespecificodiscapacidadvisualmalaga\/files\/2021\/01\/4C482F58-5E25-4B56-9A61-1308F53EB5FF-100x100.jpeg 100w\" sizes=\"(max-width: 150px) 100vw, 150px\" \/><\/a>\n\t\t\t<\/div>\n\t\t\t\t<figcaption class='wp-caption-text gallery-caption' id='gallery-2-1297'>\n\t\t\t\tFormas geom\u00e9tricas\n\t\t\t\t<\/figcaption><\/figure><figure class='gallery-item'>\n\t\t\t<div class='gallery-icon portrait'>\n\t\t\t\t<a href='https:\/\/blogsaverroes.juntadeandalucia.es\/equipoespecificodiscapacidadvisualmalaga\/2021\/01\/20\/metodos-para-el-aprendizaje-de-la-lectoescritura-en-braille\/1a6142d1-9aa3-463a-8f82-66f38afc67b7\/'><img loading=\"lazy\" decoding=\"async\" width=\"150\" height=\"150\" src=\"https:\/\/blogsaverroes.juntadeandalucia.es\/equipoespecificodiscapacidadvisualmalaga\/files\/2021\/01\/1A6142D1-9AA3-463A-8F82-66F38AFC67B7-150x150.jpeg\" class=\"attachment-thumbnail size-thumbnail\" alt=\"\" aria-describedby=\"gallery-2-1295\" srcset=\"https:\/\/blogsaverroes.juntadeandalucia.es\/equipoespecificodiscapacidadvisualmalaga\/files\/2021\/01\/1A6142D1-9AA3-463A-8F82-66F38AFC67B7-150x150.jpeg 150w, https:\/\/blogsaverroes.juntadeandalucia.es\/equipoespecificodiscapacidadvisualmalaga\/files\/2021\/01\/1A6142D1-9AA3-463A-8F82-66F38AFC67B7-100x100.jpeg 100w\" sizes=\"(max-width: 150px) 100vw, 150px\" \/><\/a>\n\t\t\t<\/div>\n\t\t\t\t<figcaption class='wp-caption-text gallery-caption' id='gallery-2-1295'>\n\t\t\t\t Cuadrado grande peque\u00f1o\n\t\t\t\t<\/figcaption><\/figure><figure class='gallery-item'>\n\t\t\t<div class='gallery-icon portrait'>\n\t\t\t\t<a href='https:\/\/blogsaverroes.juntadeandalucia.es\/equipoespecificodiscapacidadvisualmalaga\/2021\/01\/20\/metodos-para-el-aprendizaje-de-la-lectoescritura-en-braille\/0cb19737-cfe5-4b52-a353-ea92e4adc296\/'><img loading=\"lazy\" decoding=\"async\" width=\"150\" height=\"150\" src=\"https:\/\/blogsaverroes.juntadeandalucia.es\/equipoespecificodiscapacidadvisualmalaga\/files\/2021\/01\/0CB19737-CFE5-4B52-A353-EA92E4ADC296-150x150.jpeg\" class=\"attachment-thumbnail size-thumbnail\" alt=\"\" srcset=\"https:\/\/blogsaverroes.juntadeandalucia.es\/equipoespecificodiscapacidadvisualmalaga\/files\/2021\/01\/0CB19737-CFE5-4B52-A353-EA92E4ADC296-150x150.jpeg 150w, https:\/\/blogsaverroes.juntadeandalucia.es\/equipoespecificodiscapacidadvisualmalaga\/files\/2021\/01\/0CB19737-CFE5-4B52-A353-EA92E4ADC296-100x100.jpeg 100w\" sizes=\"(max-width: 150px) 100vw, 150px\" \/><\/a>\n\t\t\t<\/div><\/figure>\n\t\t<\/div>\n\n<p>&nbsp;<\/p>\n<p style=\"text-align: justify\"><b>4. Braitico: <img loading=\"lazy\" decoding=\"async\" class=\"size-medium wp-image-1231 alignright\" src=\"https:\/\/blogsaverroes.juntadeandalucia.es\/equipoespecificodiscapacidadvisualmalaga\/files\/2021\/01\/2DE4DCD0-F4FC-4032-94FD-CFC8E1B01B65-300x300.png\" alt=\"Mariposa Maripoints\" width=\"300\" height=\"300\" srcset=\"https:\/\/blogsaverroes.juntadeandalucia.es\/equipoespecificodiscapacidadvisualmalaga\/files\/2021\/01\/2DE4DCD0-F4FC-4032-94FD-CFC8E1B01B65-300x300.png 300w, https:\/\/blogsaverroes.juntadeandalucia.es\/equipoespecificodiscapacidadvisualmalaga\/files\/2021\/01\/2DE4DCD0-F4FC-4032-94FD-CFC8E1B01B65-1024x1024.png 1024w, https:\/\/blogsaverroes.juntadeandalucia.es\/equipoespecificodiscapacidadvisualmalaga\/files\/2021\/01\/2DE4DCD0-F4FC-4032-94FD-CFC8E1B01B65-150x150.png 150w, https:\/\/blogsaverroes.juntadeandalucia.es\/equipoespecificodiscapacidadvisualmalaga\/files\/2021\/01\/2DE4DCD0-F4FC-4032-94FD-CFC8E1B01B65-768x768.png 768w, https:\/\/blogsaverroes.juntadeandalucia.es\/equipoespecificodiscapacidadvisualmalaga\/files\/2021\/01\/2DE4DCD0-F4FC-4032-94FD-CFC8E1B01B65-100x100.png 100w, https:\/\/blogsaverroes.juntadeandalucia.es\/equipoespecificodiscapacidadvisualmalaga\/files\/2021\/01\/2DE4DCD0-F4FC-4032-94FD-CFC8E1B01B65-24x24.png 24w, https:\/\/blogsaverroes.juntadeandalucia.es\/equipoespecificodiscapacidadvisualmalaga\/files\/2021\/01\/2DE4DCD0-F4FC-4032-94FD-CFC8E1B01B65-36x36.png 36w, https:\/\/blogsaverroes.juntadeandalucia.es\/equipoespecificodiscapacidadvisualmalaga\/files\/2021\/01\/2DE4DCD0-F4FC-4032-94FD-CFC8E1B01B65-48x48.png 48w, https:\/\/blogsaverroes.juntadeandalucia.es\/equipoespecificodiscapacidadvisualmalaga\/files\/2021\/01\/2DE4DCD0-F4FC-4032-94FD-CFC8E1B01B65.png 1080w\" sizes=\"(max-width: 300px) 100vw, 300px\" \/><\/b><\/p>\n<p style=\"text-align: justify\">Se trata de un m\u00e9todo de alfabetizaci\u00f3n braille inclusivo y motivador, dise\u00f1ado para ser utilizado por toda la comunidad educativa, tanto por el alumnado con ceguera o deficiencia visual como por el resto del alumnado. El programa se puede <a href=\"https:\/\/educacion.once.es\/braitico\/braitico\">DESCARGAR<\/a>&nbsp;desde la web de la ONCE. Su acceso es gratuito con una interfaz muy intuitiva y accesible ya que usa refuerzo visual y sonoro.<br \/>\nEl m\u00e9todo Braitico combina materiales manipulativos (<a href=\"https:\/\/blogsaverroes.juntadeandalucia.es\/equipoespecificodiscapacidadvisualmalaga\/files\/2021\/01\/joined_video_67a6d87f5ec744d58630edb97491a5b0.mp4\">CUADERNOS <\/a> con cada una de las letras , material de n\u00fameros, pizarra de presentaci\u00f3n del abecedario asociado a un objeto en 3D, fichas y juegos en relieve y braille&#8230;) y recursos TIC (l\u00ednea braille, tableta digitalizadora) y ofrece al profesorado, de forma pautada y detallada, informaci\u00f3n y documentaci\u00f3n sobre el sistema braille, recursos y actividades para utilizar en cada momento.&nbsp;<\/p>\n<p style=\"text-align: justify\">Braitico se estructura en 4 m\u00f3dulos y realiza &nbsp;un recorrido por todas las etapas de la alfabetizaci\u00f3n hasta conseguir la madurez lectoescritora y funcional.<\/p>\n<ul>\n<li data-wp-editing=\"1\"><img loading=\"lazy\" decoding=\"async\" class=\"alignright wp-image-1283 size-thumbnail\" src=\"https:\/\/blogsaverroes.juntadeandalucia.es\/equipoespecificodiscapacidadvisualmalaga\/files\/2021\/01\/DFBB2F28-6108-480C-BB9F-E0F881E385EE-150x150.jpeg\" alt=\"M\u00f3dulo 1 Manitas\" width=\"150\" height=\"150\" srcset=\"https:\/\/blogsaverroes.juntadeandalucia.es\/equipoespecificodiscapacidadvisualmalaga\/files\/2021\/01\/DFBB2F28-6108-480C-BB9F-E0F881E385EE-150x150.jpeg 150w, https:\/\/blogsaverroes.juntadeandalucia.es\/equipoespecificodiscapacidadvisualmalaga\/files\/2021\/01\/DFBB2F28-6108-480C-BB9F-E0F881E385EE-100x100.jpeg 100w\" sizes=\"(max-width: 150px) 100vw, 150px\" \/>M\u00f3dulo 1. Manitas: habilidades previas al braille (de 0 a 2 a\u00f1os).Este modulo est\u00e1 pensado para los docentes y adultos que trabajan con el alumnado con el objetivo de despertar su inter\u00e9s por su entorno y proporcionar experiencias enriquecedoras para el lenguaje y alfabetizaci\u00f3n.<span style=\"font-family: 'times new roman', times, serif\"><span style=\"font-size: 12pt\">.<\/span><\/span><\/li>\n<\/ul>\n<p style=\"text-align: justify\">&nbsp;<\/p>\n<ul style=\"text-align: justify\">\n<li><img loading=\"lazy\" decoding=\"async\" class=\"wp-image-1244 size-thumbnail alignright\" src=\"https:\/\/blogsaverroes.juntadeandalucia.es\/equipoespecificodiscapacidadvisualmalaga\/files\/2021\/01\/DBB3BDDD-1F8B-4848-88C6-25D099640F61-150x150.jpeg\" alt=\"M\u00f3dulo 2\" width=\"150\" height=\"150\" srcset=\"https:\/\/blogsaverroes.juntadeandalucia.es\/equipoespecificodiscapacidadvisualmalaga\/files\/2021\/01\/DBB3BDDD-1F8B-4848-88C6-25D099640F61-150x150.jpeg 150w, https:\/\/blogsaverroes.juntadeandalucia.es\/equipoespecificodiscapacidadvisualmalaga\/files\/2021\/01\/DBB3BDDD-1F8B-4848-88C6-25D099640F61-100x100.jpeg 100w\" sizes=\"(max-width: 150px) 100vw, 150px\" \/>M\u00f3dulo 2. A punto: prelectura y preescritura en braille (de 2 a 4\/5 a\u00f1os). En esta etapa preescolar el objetivo ser\u00e1 iniciar un aprendizaje intencional y el descubrimiento del lenguaje escrito como paso previo al deseo de descifrarlo, llegando a reconocer s\u00edmbolos sin darles todav\u00eda el nombre.<\/li>\n<\/ul>\n<p>&nbsp;<\/p>\n<ul style=\"text-align: justify\">\n<li><img loading=\"lazy\" decoding=\"async\" class=\"alignright wp-image-1245 size-thumbnail\" src=\"https:\/\/blogsaverroes.juntadeandalucia.es\/equipoespecificodiscapacidadvisualmalaga\/files\/2021\/01\/05356512-C880-4860-B2FB-032C30294708-150x150.jpeg\" alt=\"M\u00f3dulo 3\" width=\"150\" height=\"150\" srcset=\"https:\/\/blogsaverroes.juntadeandalucia.es\/equipoespecificodiscapacidadvisualmalaga\/files\/2021\/01\/05356512-C880-4860-B2FB-032C30294708-150x150.jpeg 150w, https:\/\/blogsaverroes.juntadeandalucia.es\/equipoespecificodiscapacidadvisualmalaga\/files\/2021\/01\/05356512-C880-4860-B2FB-032C30294708-100x100.jpeg 100w\" sizes=\"(max-width: 150px) 100vw, 150px\" \/>M\u00f3dulo 3. Brailleo: aprendo a leer y escribir en braille (de 4\/5 a 7\/8 a\u00f1os).Es el m\u00f3dulo del aprendizaje del c\u00f3digo como tal, descifrando los s\u00edmbolos, y llegando a leer palabras y frases.<\/li>\n<\/ul>\n<p>&nbsp;<\/p>\n<ul>\n<li><img loading=\"lazy\" decoding=\"async\" class=\"alignright wp-image-1284 size-thumbnail\" src=\"https:\/\/blogsaverroes.juntadeandalucia.es\/equipoespecificodiscapacidadvisualmalaga\/files\/2021\/01\/FE6C4F62-7462-4DB1-9069-01D979943F12-150x150.jpeg\" alt=\"\" width=\"150\" height=\"150\" srcset=\"https:\/\/blogsaverroes.juntadeandalucia.es\/equipoespecificodiscapacidadvisualmalaga\/files\/2021\/01\/FE6C4F62-7462-4DB1-9069-01D979943F12-150x150.jpeg 150w, https:\/\/blogsaverroes.juntadeandalucia.es\/equipoespecificodiscapacidadvisualmalaga\/files\/2021\/01\/FE6C4F62-7462-4DB1-9069-01D979943F12-100x100.jpeg 100w\" sizes=\"(max-width: 150px) 100vw, 150px\" \/>M\u00f3dulo 4. Superbraille 4.0 (de 8 a\u00f1os en adelante).Una vez que el ni\u00f1o sabe leer, el objetivo ser\u00e1 afianzar la eficacia lectoescritora, dotar al alumno de recursos para que use el lenguaje escrito en su vida cotidiana y para que lo haga con una adecuada comprensi\u00f3n, t\u00e9cnica, y expresi\u00f3n.<\/li>\n<\/ul>\n<p style=\"text-align: justify\">&nbsp;<\/p>\n<p style=\"text-align: justify\">Os dejamos con una galer\u00eda de im\u00e1genes de distintos materiales del m\u00e9todo Braitico.<\/p>\n<div id='gallery-3' class='gallery galleryid-1223 gallery-columns-3 gallery-size-thumbnail'><figure class='gallery-item'>\n\t\t\t<div class='gallery-icon landscape'>\n\t\t\t\t<a href='https:\/\/blogsaverroes.juntadeandalucia.es\/equipoespecificodiscapacidadvisualmalaga\/2021\/01\/20\/metodos-para-el-aprendizaje-de-la-lectoescritura-en-braille\/5e536cbb-7f4d-4ba3-b390-4f382e49bd35\/'><img loading=\"lazy\" decoding=\"async\" width=\"150\" height=\"150\" src=\"https:\/\/blogsaverroes.juntadeandalucia.es\/equipoespecificodiscapacidadvisualmalaga\/files\/2021\/01\/5E536CBB-7F4D-4BA3-B390-4F382E49BD35-150x150.png\" class=\"attachment-thumbnail size-thumbnail\" alt=\"Letras abecedario en braille\" aria-describedby=\"gallery-3-1230\" srcset=\"https:\/\/blogsaverroes.juntadeandalucia.es\/equipoespecificodiscapacidadvisualmalaga\/files\/2021\/01\/5E536CBB-7F4D-4BA3-B390-4F382E49BD35-150x150.png 150w, https:\/\/blogsaverroes.juntadeandalucia.es\/equipoespecificodiscapacidadvisualmalaga\/files\/2021\/01\/5E536CBB-7F4D-4BA3-B390-4F382E49BD35-300x300.png 300w, https:\/\/blogsaverroes.juntadeandalucia.es\/equipoespecificodiscapacidadvisualmalaga\/files\/2021\/01\/5E536CBB-7F4D-4BA3-B390-4F382E49BD35-1024x1024.png 1024w, https:\/\/blogsaverroes.juntadeandalucia.es\/equipoespecificodiscapacidadvisualmalaga\/files\/2021\/01\/5E536CBB-7F4D-4BA3-B390-4F382E49BD35-768x768.png 768w, https:\/\/blogsaverroes.juntadeandalucia.es\/equipoespecificodiscapacidadvisualmalaga\/files\/2021\/01\/5E536CBB-7F4D-4BA3-B390-4F382E49BD35-100x100.png 100w, https:\/\/blogsaverroes.juntadeandalucia.es\/equipoespecificodiscapacidadvisualmalaga\/files\/2021\/01\/5E536CBB-7F4D-4BA3-B390-4F382E49BD35-24x24.png 24w, https:\/\/blogsaverroes.juntadeandalucia.es\/equipoespecificodiscapacidadvisualmalaga\/files\/2021\/01\/5E536CBB-7F4D-4BA3-B390-4F382E49BD35-36x36.png 36w, https:\/\/blogsaverroes.juntadeandalucia.es\/equipoespecificodiscapacidadvisualmalaga\/files\/2021\/01\/5E536CBB-7F4D-4BA3-B390-4F382E49BD35-48x48.png 48w, https:\/\/blogsaverroes.juntadeandalucia.es\/equipoespecificodiscapacidadvisualmalaga\/files\/2021\/01\/5E536CBB-7F4D-4BA3-B390-4F382E49BD35.png 1080w\" sizes=\"(max-width: 150px) 100vw, 150px\" \/><\/a>\n\t\t\t<\/div>\n\t\t\t\t<figcaption class='wp-caption-text gallery-caption' id='gallery-3-1230'>\n\t\t\t\tLetras del abecedario\n\t\t\t\t<\/figcaption><\/figure><figure class='gallery-item'>\n\t\t\t<div class='gallery-icon landscape'>\n\t\t\t\t<a href='https:\/\/blogsaverroes.juntadeandalucia.es\/equipoespecificodiscapacidadvisualmalaga\/2021\/01\/20\/metodos-para-el-aprendizaje-de-la-lectoescritura-en-braille\/2de4dcd0-f4fc-4032-94fd-cfc8e1b01b65\/'><img loading=\"lazy\" decoding=\"async\" width=\"150\" height=\"150\" src=\"https:\/\/blogsaverroes.juntadeandalucia.es\/equipoespecificodiscapacidadvisualmalaga\/files\/2021\/01\/2DE4DCD0-F4FC-4032-94FD-CFC8E1B01B65-150x150.png\" class=\"attachment-thumbnail size-thumbnail\" alt=\"Mariposa Maripoints\" aria-describedby=\"gallery-3-1231\" srcset=\"https:\/\/blogsaverroes.juntadeandalucia.es\/equipoespecificodiscapacidadvisualmalaga\/files\/2021\/01\/2DE4DCD0-F4FC-4032-94FD-CFC8E1B01B65-150x150.png 150w, https:\/\/blogsaverroes.juntadeandalucia.es\/equipoespecificodiscapacidadvisualmalaga\/files\/2021\/01\/2DE4DCD0-F4FC-4032-94FD-CFC8E1B01B65-300x300.png 300w, https:\/\/blogsaverroes.juntadeandalucia.es\/equipoespecificodiscapacidadvisualmalaga\/files\/2021\/01\/2DE4DCD0-F4FC-4032-94FD-CFC8E1B01B65-1024x1024.png 1024w, https:\/\/blogsaverroes.juntadeandalucia.es\/equipoespecificodiscapacidadvisualmalaga\/files\/2021\/01\/2DE4DCD0-F4FC-4032-94FD-CFC8E1B01B65-768x768.png 768w, https:\/\/blogsaverroes.juntadeandalucia.es\/equipoespecificodiscapacidadvisualmalaga\/files\/2021\/01\/2DE4DCD0-F4FC-4032-94FD-CFC8E1B01B65-100x100.png 100w, https:\/\/blogsaverroes.juntadeandalucia.es\/equipoespecificodiscapacidadvisualmalaga\/files\/2021\/01\/2DE4DCD0-F4FC-4032-94FD-CFC8E1B01B65-24x24.png 24w, https:\/\/blogsaverroes.juntadeandalucia.es\/equipoespecificodiscapacidadvisualmalaga\/files\/2021\/01\/2DE4DCD0-F4FC-4032-94FD-CFC8E1B01B65-36x36.png 36w, https:\/\/blogsaverroes.juntadeandalucia.es\/equipoespecificodiscapacidadvisualmalaga\/files\/2021\/01\/2DE4DCD0-F4FC-4032-94FD-CFC8E1B01B65-48x48.png 48w, https:\/\/blogsaverroes.juntadeandalucia.es\/equipoespecificodiscapacidadvisualmalaga\/files\/2021\/01\/2DE4DCD0-F4FC-4032-94FD-CFC8E1B01B65.png 1080w\" sizes=\"(max-width: 150px) 100vw, 150px\" \/><\/a>\n\t\t\t<\/div>\n\t\t\t\t<figcaption class='wp-caption-text gallery-caption' id='gallery-3-1231'>\n\t\t\t\tMariposa Maripoints\n\t\t\t\t<\/figcaption><\/figure><figure class='gallery-item'>\n\t\t\t<div class='gallery-icon portrait'>\n\t\t\t\t<a href='https:\/\/blogsaverroes.juntadeandalucia.es\/equipoespecificodiscapacidadvisualmalaga\/2021\/01\/20\/metodos-para-el-aprendizaje-de-la-lectoescritura-en-braille\/4813d7f8-d955-4625-9a51-c8b45b7ca957\/'><img loading=\"lazy\" decoding=\"async\" width=\"150\" height=\"150\" src=\"https:\/\/blogsaverroes.juntadeandalucia.es\/equipoespecificodiscapacidadvisualmalaga\/files\/2021\/01\/4813D7F8-D955-4625-9A51-C8B45B7CA957-150x150.jpeg\" class=\"attachment-thumbnail size-thumbnail\" alt=\"\" aria-describedby=\"gallery-3-1286\" srcset=\"https:\/\/blogsaverroes.juntadeandalucia.es\/equipoespecificodiscapacidadvisualmalaga\/files\/2021\/01\/4813D7F8-D955-4625-9A51-C8B45B7CA957-150x150.jpeg 150w, https:\/\/blogsaverroes.juntadeandalucia.es\/equipoespecificodiscapacidadvisualmalaga\/files\/2021\/01\/4813D7F8-D955-4625-9A51-C8B45B7CA957-100x100.jpeg 100w\" sizes=\"(max-width: 150px) 100vw, 150px\" \/><\/a>\n\t\t\t<\/div>\n\t\t\t\t<figcaption class='wp-caption-text gallery-caption' id='gallery-3-1286'>\n\t\t\t\tMaterial para rutina calendario\n\t\t\t\t<\/figcaption><\/figure><figure class='gallery-item'>\n\t\t\t<div class='gallery-icon portrait'>\n\t\t\t\t<a href='https:\/\/blogsaverroes.juntadeandalucia.es\/equipoespecificodiscapacidadvisualmalaga\/2021\/01\/20\/metodos-para-el-aprendizaje-de-la-lectoescritura-en-braille\/51a350ff-2757-4f4c-a020-c020d2d83879\/'><img loading=\"lazy\" decoding=\"async\" width=\"150\" height=\"150\" src=\"https:\/\/blogsaverroes.juntadeandalucia.es\/equipoespecificodiscapacidadvisualmalaga\/files\/2021\/01\/51A350FF-2757-4F4C-A020-C020D2D83879-150x150.jpeg\" class=\"attachment-thumbnail size-thumbnail\" alt=\"\" aria-describedby=\"gallery-3-1287\" srcset=\"https:\/\/blogsaverroes.juntadeandalucia.es\/equipoespecificodiscapacidadvisualmalaga\/files\/2021\/01\/51A350FF-2757-4F4C-A020-C020D2D83879-150x150.jpeg 150w, https:\/\/blogsaverroes.juntadeandalucia.es\/equipoespecificodiscapacidadvisualmalaga\/files\/2021\/01\/51A350FF-2757-4F4C-A020-C020D2D83879-100x100.jpeg 100w\" sizes=\"(max-width: 150px) 100vw, 150px\" \/><\/a>\n\t\t\t<\/div>\n\t\t\t\t<figcaption class='wp-caption-text gallery-caption' id='gallery-3-1287'>\n\t\t\t\tC\u00edrculos de texturas\n\t\t\t\t<\/figcaption><\/figure><figure class='gallery-item'>\n\t\t\t<div class='gallery-icon portrait'>\n\t\t\t\t<a href='https:\/\/blogsaverroes.juntadeandalucia.es\/equipoespecificodiscapacidadvisualmalaga\/2021\/01\/20\/metodos-para-el-aprendizaje-de-la-lectoescritura-en-braille\/ed8ce3c8-41b9-4db6-a300-e69ffc0dbcc9\/'><img loading=\"lazy\" decoding=\"async\" width=\"150\" height=\"150\" src=\"https:\/\/blogsaverroes.juntadeandalucia.es\/equipoespecificodiscapacidadvisualmalaga\/files\/2021\/01\/ED8CE3C8-41B9-4DB6-A300-E69FFC0DBCC9-150x150.jpeg\" class=\"attachment-thumbnail size-thumbnail\" alt=\"\" aria-describedby=\"gallery-3-1288\" srcset=\"https:\/\/blogsaverroes.juntadeandalucia.es\/equipoespecificodiscapacidadvisualmalaga\/files\/2021\/01\/ED8CE3C8-41B9-4DB6-A300-E69FFC0DBCC9-150x150.jpeg 150w, https:\/\/blogsaverroes.juntadeandalucia.es\/equipoespecificodiscapacidadvisualmalaga\/files\/2021\/01\/ED8CE3C8-41B9-4DB6-A300-E69FFC0DBCC9-100x100.jpeg 100w\" sizes=\"(max-width: 150px) 100vw, 150px\" \/><\/a>\n\t\t\t<\/div>\n\t\t\t\t<figcaption class='wp-caption-text gallery-caption' id='gallery-3-1288'>\n\t\t\t\tN\u00fameros braille\n\t\t\t\t<\/figcaption><\/figure><figure class='gallery-item'>\n\t\t\t<div class='gallery-icon landscape'>\n\t\t\t\t<a href='https:\/\/blogsaverroes.juntadeandalucia.es\/equipoespecificodiscapacidadvisualmalaga\/2021\/01\/20\/metodos-para-el-aprendizaje-de-la-lectoescritura-en-braille\/724d4d66-1511-451c-badf-00cc22e0110c\/'><img loading=\"lazy\" decoding=\"async\" width=\"150\" height=\"150\" src=\"https:\/\/blogsaverroes.juntadeandalucia.es\/equipoespecificodiscapacidadvisualmalaga\/files\/2021\/01\/724D4D66-1511-451C-BADF-00CC22E0110C-150x150.jpeg\" class=\"attachment-thumbnail size-thumbnail\" alt=\"\" aria-describedby=\"gallery-3-1296\" srcset=\"https:\/\/blogsaverroes.juntadeandalucia.es\/equipoespecificodiscapacidadvisualmalaga\/files\/2021\/01\/724D4D66-1511-451C-BADF-00CC22E0110C-150x150.jpeg 150w, https:\/\/blogsaverroes.juntadeandalucia.es\/equipoespecificodiscapacidadvisualmalaga\/files\/2021\/01\/724D4D66-1511-451C-BADF-00CC22E0110C-100x100.jpeg 100w\" sizes=\"(max-width: 150px) 100vw, 150px\" \/><\/a>\n\t\t\t<\/div>\n\t\t\t\t<figcaption class='wp-caption-text gallery-caption' id='gallery-3-1296'>\n\t\t\t\tFichas cuaderno impreso\n\t\t\t\t<\/figcaption><\/figure><figure class='gallery-item'>\n\t\t\t<div class='gallery-icon portrait'>\n\t\t\t\t<a href='https:\/\/blogsaverroes.juntadeandalucia.es\/equipoespecificodiscapacidadvisualmalaga\/2021\/01\/20\/metodos-para-el-aprendizaje-de-la-lectoescritura-en-braille\/ef4c98da-f0e4-4cad-8f93-601198f93039\/'><img loading=\"lazy\" decoding=\"async\" width=\"150\" height=\"150\" src=\"https:\/\/blogsaverroes.juntadeandalucia.es\/equipoespecificodiscapacidadvisualmalaga\/files\/2021\/01\/EF4C98DA-F0E4-4CAD-8F93-601198F93039-150x150.jpeg\" class=\"attachment-thumbnail size-thumbnail\" alt=\"\" aria-describedby=\"gallery-3-1292\" srcset=\"https:\/\/blogsaverroes.juntadeandalucia.es\/equipoespecificodiscapacidadvisualmalaga\/files\/2021\/01\/EF4C98DA-F0E4-4CAD-8F93-601198F93039-150x150.jpeg 150w, https:\/\/blogsaverroes.juntadeandalucia.es\/equipoespecificodiscapacidadvisualmalaga\/files\/2021\/01\/EF4C98DA-F0E4-4CAD-8F93-601198F93039-100x100.jpeg 100w\" sizes=\"(max-width: 150px) 100vw, 150px\" \/><\/a>\n\t\t\t<\/div>\n\t\t\t\t<figcaption class='wp-caption-text gallery-caption' id='gallery-3-1292'>\n\t\t\t\tN\u00famero 2 en relieve, signo y cantidad\n\t\t\t\t<\/figcaption><\/figure><figure class='gallery-item'>\n\t\t\t<div class='gallery-icon landscape'>\n\t\t\t\t<a href='https:\/\/blogsaverroes.juntadeandalucia.es\/equipoespecificodiscapacidadvisualmalaga\/2021\/01\/20\/metodos-para-el-aprendizaje-de-la-lectoescritura-en-braille\/4c0f4bbd-0787-48c1-8337-be564f57b8f3\/'><img loading=\"lazy\" decoding=\"async\" width=\"150\" height=\"150\" src=\"https:\/\/blogsaverroes.juntadeandalucia.es\/equipoespecificodiscapacidadvisualmalaga\/files\/2021\/01\/4C0F4BBD-0787-48C1-8337-BE564F57B8F3-150x150.jpeg\" class=\"attachment-thumbnail size-thumbnail\" alt=\"\" aria-describedby=\"gallery-3-1291\" srcset=\"https:\/\/blogsaverroes.juntadeandalucia.es\/equipoespecificodiscapacidadvisualmalaga\/files\/2021\/01\/4C0F4BBD-0787-48C1-8337-BE564F57B8F3-150x150.jpeg 150w, https:\/\/blogsaverroes.juntadeandalucia.es\/equipoespecificodiscapacidadvisualmalaga\/files\/2021\/01\/4C0F4BBD-0787-48C1-8337-BE564F57B8F3-100x100.jpeg 100w\" sizes=\"(max-width: 150px) 100vw, 150px\" \/><\/a>\n\t\t\t<\/div>\n\t\t\t\t<figcaption class='wp-caption-text gallery-caption' id='gallery-3-1291'>\n\t\t\t\tTexturas y formas b\u00e1sicas\n\t\t\t\t<\/figcaption><\/figure><figure class='gallery-item'>\n\t\t\t<div class='gallery-icon portrait'>\n\t\t\t\t<a href='https:\/\/blogsaverroes.juntadeandalucia.es\/equipoespecificodiscapacidadvisualmalaga\/2021\/01\/20\/metodos-para-el-aprendizaje-de-la-lectoescritura-en-braille\/1669635b-a60c-4a43-933d-eedbf185b66a\/'><img loading=\"lazy\" decoding=\"async\" width=\"150\" height=\"150\" src=\"https:\/\/blogsaverroes.juntadeandalucia.es\/equipoespecificodiscapacidadvisualmalaga\/files\/2021\/01\/1669635B-A60C-4A43-933D-EEDBF185B66A-150x150.jpeg\" class=\"attachment-thumbnail size-thumbnail\" alt=\"\" aria-describedby=\"gallery-3-1290\" srcset=\"https:\/\/blogsaverroes.juntadeandalucia.es\/equipoespecificodiscapacidadvisualmalaga\/files\/2021\/01\/1669635B-A60C-4A43-933D-EEDBF185B66A-150x150.jpeg 150w, https:\/\/blogsaverroes.juntadeandalucia.es\/equipoespecificodiscapacidadvisualmalaga\/files\/2021\/01\/1669635B-A60C-4A43-933D-EEDBF185B66A-100x100.jpeg 100w\" sizes=\"(max-width: 150px) 100vw, 150px\" \/><\/a>\n\t\t\t<\/div>\n\t\t\t\t<figcaption class='wp-caption-text gallery-caption' id='gallery-3-1290'>\n\t\t\t\tN\u00famero 10 en relieve, signo y cantidad\n\t\t\t\t<\/figcaption><\/figure>\n\t\t<\/div>\n\n<p style=\"text-align: justify\">&nbsp;<\/p>\n<p style=\"text-align: justify\"><b>Bibliograf\u00eda<\/b><\/p>\n<ul>\n<li style=\"text-align: justify\">C. B. E. La did\u00e1ctica del braille, m\u00e1s all\u00e1 del c\u00f3digo (2015), ONCE<\/li>\n<li style=\"text-align: justify\">Gu\u00eda r\u00e1pida para el manejo del braitico, primera edici\u00f3n, octubre 2020.<\/li>\n<li style=\"text-align: justify\">M\u00e9todo \u00abPunt a Punt\u00bb.&nbsp; Primera parte, Prelectoescritura, de M.\u00aa Angels Esteban (Barcelona, 1993); Segunda parte, Aprendemos a leer, de Maite Ma\u00f1osa y Josefina Miret, con la colaboraci\u00f3n del Equipo del Centro de Recursos Educativos \u00abJoan Amades\u00bb (Barcelona, 1999)&nbsp;<\/li>\n<li style=\"text-align: justify\">M\u00e9todo \u00abAlmazara\u00bb. Carlos Valbuena, Gregorio Cruz y Juan C. Rodr\u00edguez (Ja\u00e9n, 1986\/87)&nbsp;&nbsp;<\/li>\n<li style=\"text-align: justify\">M\u00e9todo Tomillo Rosa Lucerga y M.\u00aa Jes\u00fas Vicente Mosquete (Madrid, 1987)&nbsp;<\/li>\n<li style=\"text-align: justify\">BRAITICO (2018) M\u00e9todo Braille de la Once para la alfabetizaci\u00f3n y competencia lectoescritora. Madrid: Organizaci\u00f3n Nacional de Ciegos Espa\u00f1oles (ONCE).&nbsp;<\/li>\n<\/ul>\n<p>Mar\u00eda del Mar Montiel Campos.<br \/>\nMaestra Equipo Especifico de atenci\u00f3n al alumnado con discapacidad visual de M\u00e1laga.<\/p>\n","protected":false},"excerpt":{"rendered":"<p>Existen &nbsp;multitud de m\u00e9todos de aprendizaje de lectura y escritura en braille. Sin embargo, la elecci\u00f3n de uno de ellos o la combinaci\u00f3n de varios debe atender a las capacidades de nuestro alumnado, el sistema de lectoescritura que se est\u00e9 llevando a cabo en el aula, el ritmo de aprendizaje, la motivaci\u00f3n e intereses de &hellip; <a href=\"https:\/\/blogsaverroes.juntadeandalucia.es\/equipoespecificodiscapacidadvisualmalaga\/2021\/01\/20\/metodos-para-el-aprendizaje-de-la-lectoescritura-en-braille\/\" class=\"more-link\">Sigue leyendo <span class=\"screen-reader-text\">M\u00c9TODOS PARA EL APRENDIZAJE DE LA LECTOESCRITURA EN BRAILLE<\/span><\/a><\/p>\n","protected":false},"author":9932,"featured_media":0,"comment_status":"open","ping_status":"open","sticky":false,"template":"","format":"standard","meta":{"ngg_post_thumbnail":0,"footnotes":""},"categories":[17,18,15],"tags":[80,24,111,110,112,6],"aioseo_notices":[],"_links":{"self":[{"href":"https:\/\/blogsaverroes.juntadeandalucia.es\/equipoespecificodiscapacidadvisualmalaga\/wp-json\/wp\/v2\/posts\/1223"}],"collection":[{"href":"https:\/\/blogsaverroes.juntadeandalucia.es\/equipoespecificodiscapacidadvisualmalaga\/wp-json\/wp\/v2\/posts"}],"about":[{"href":"https:\/\/blogsaverroes.juntadeandalucia.es\/equipoespecificodiscapacidadvisualmalaga\/wp-json\/wp\/v2\/types\/post"}],"author":[{"embeddable":true,"href":"https:\/\/blogsaverroes.juntadeandalucia.es\/equipoespecificodiscapacidadvisualmalaga\/wp-json\/wp\/v2\/users\/9932"}],"replies":[{"embeddable":true,"href":"https:\/\/blogsaverroes.juntadeandalucia.es\/equipoespecificodiscapacidadvisualmalaga\/wp-json\/wp\/v2\/comments?post=1223"}],"version-history":[{"count":63,"href":"https:\/\/blogsaverroes.juntadeandalucia.es\/equipoespecificodiscapacidadvisualmalaga\/wp-json\/wp\/v2\/posts\/1223\/revisions"}],"predecessor-version":[{"id":1333,"href":"https:\/\/blogsaverroes.juntadeandalucia.es\/equipoespecificodiscapacidadvisualmalaga\/wp-json\/wp\/v2\/posts\/1223\/revisions\/1333"}],"wp:attachment":[{"href":"https:\/\/blogsaverroes.juntadeandalucia.es\/equipoespecificodiscapacidadvisualmalaga\/wp-json\/wp\/v2\/media?parent=1223"}],"wp:term":[{"taxonomy":"category","embeddable":true,"href":"https:\/\/blogsaverroes.juntadeandalucia.es\/equipoespecificodiscapacidadvisualmalaga\/wp-json\/wp\/v2\/categories?post=1223"},{"taxonomy":"post_tag","embeddable":true,"href":"https:\/\/blogsaverroes.juntadeandalucia.es\/equipoespecificodiscapacidadvisualmalaga\/wp-json\/wp\/v2\/tags?post=1223"}],"curies":[{"name":"wp","href":"https:\/\/api.w.org\/{rel}","templated":true}]}}