{"id":354,"date":"2022-11-05T17:59:38","date_gmt":"2022-11-05T17:59:38","guid":{"rendered":"https:\/\/blogsaverroes.juntadeandalucia.es\/erasmuscanjayar\/?p=354"},"modified":"2022-11-07T18:48:23","modified_gmt":"2022-11-07T18:48:23","slug":"leipzig-day-4-sightseeing","status":"publish","type":"post","link":"https:\/\/blogsaverroes.juntadeandalucia.es\/erasmuscanjayar\/2022\/11\/05\/leipzig-day-4-sightseeing\/","title":{"rendered":"Leipzig &#8211; Day 4: Sightseeing"},"content":{"rendered":"<p>&nbsp; <img loading=\"lazy\" decoding=\"async\" class=\"size-medium wp-image-359 alignleft\" src=\"https:\/\/blogsaverroes.juntadeandalucia.es\/erasmuscanjayar\/files\/2022\/11\/IMG-9871-225x300.jpg\" alt=\"\" width=\"225\" height=\"300\" srcset=\"https:\/\/blogsaverroes.juntadeandalucia.es\/erasmuscanjayar\/files\/2022\/11\/IMG-9871-225x300.jpg 225w, https:\/\/blogsaverroes.juntadeandalucia.es\/erasmuscanjayar\/files\/2022\/11\/IMG-9871-768x1024.jpg 768w, https:\/\/blogsaverroes.juntadeandalucia.es\/erasmuscanjayar\/files\/2022\/11\/IMG-9871-1152x1536.jpg 1152w, https:\/\/blogsaverroes.juntadeandalucia.es\/erasmuscanjayar\/files\/2022\/11\/IMG-9871-1536x2048.jpg 1536w, https:\/\/blogsaverroes.juntadeandalucia.es\/erasmuscanjayar\/files\/2022\/11\/IMG-9871-scaled.jpg 1920w\" sizes=\"(max-width: 225px) 100vw, 225px\" \/>El s\u00e1bado pude disfrutar de un tour guiado por el centro de la ciudad de Leipzig y conocer m\u00e1s detalles sobre su patrimonio hist\u00f3rico y cultural. El recorrido comenz\u00f3 en la plaza principal de Leipzig, \u00abAugustusplatz\u00bb, donde se encuentra la \u00d3pera. Me encant\u00f3 descubrir que Leipzig es la \u00abciudad de la m\u00fasica\u00bb en Alemania, y todos los grandes compositores pasaron por aqu\u00ed en alg\u00fan momento de sus vidas. Se dec\u00eda que si no ven\u00edan a Leipzig, sus obras nunca se publicar\u00edan. De hecho, aqu\u00ed naci\u00f3 el famoso compositor Richard Wagner y, como ya visteis en una entrada anterior, en esta ciudad est\u00e1 enterrado Bach.<\/p>\n<p>En esta misma plaza, se encuentra la Universidad, en un edificio hecho de cristal que no deja indiferente a nadie:<\/p>\n<p><img loading=\"lazy\" decoding=\"async\" class=\"wp-image-358 aligncenter\" src=\"https:\/\/blogsaverroes.juntadeandalucia.es\/erasmuscanjayar\/files\/2022\/11\/IMG-9875-1024x768.jpg\" alt=\"\" width=\"467\" height=\"350\" srcset=\"https:\/\/blogsaverroes.juntadeandalucia.es\/erasmuscanjayar\/files\/2022\/11\/IMG-9875-1024x768.jpg 1024w, https:\/\/blogsaverroes.juntadeandalucia.es\/erasmuscanjayar\/files\/2022\/11\/IMG-9875-300x225.jpg 300w, https:\/\/blogsaverroes.juntadeandalucia.es\/erasmuscanjayar\/files\/2022\/11\/IMG-9875-768x576.jpg 768w, https:\/\/blogsaverroes.juntadeandalucia.es\/erasmuscanjayar\/files\/2022\/11\/IMG-9875-1536x1152.jpg 1536w, https:\/\/blogsaverroes.juntadeandalucia.es\/erasmuscanjayar\/files\/2022\/11\/IMG-9875-2048x1536.jpg 2048w\" sizes=\"(max-width: 467px) 100vw, 467px\" \/><\/p>\n<p>Antes de la Segunda Guerra Mundial, hab\u00eda all\u00ed una iglesia, que fue totalmente destruida durante los bombardeos. Por eso, en el edificio actual han querido mantener su forma y han construido <img loading=\"lazy\" decoding=\"async\" class=\"size-medium wp-image-357 alignright\" src=\"https:\/\/blogsaverroes.juntadeandalucia.es\/erasmuscanjayar\/files\/2022\/11\/IMG-9882-300x225.jpg\" alt=\"\" width=\"300\" height=\"225\" srcset=\"https:\/\/blogsaverroes.juntadeandalucia.es\/erasmuscanjayar\/files\/2022\/11\/IMG-9882-300x225.jpg 300w, https:\/\/blogsaverroes.juntadeandalucia.es\/erasmuscanjayar\/files\/2022\/11\/IMG-9882-1024x768.jpg 1024w, https:\/\/blogsaverroes.juntadeandalucia.es\/erasmuscanjayar\/files\/2022\/11\/IMG-9882-768x576.jpg 768w, https:\/\/blogsaverroes.juntadeandalucia.es\/erasmuscanjayar\/files\/2022\/11\/IMG-9882-1536x1152.jpg 1536w, https:\/\/blogsaverroes.juntadeandalucia.es\/erasmuscanjayar\/files\/2022\/11\/IMG-9882-2048x1536.jpg 2048w\" sizes=\"(max-width: 300px) 100vw, 300px\" \/>una peque\u00f1a capilla en su interior, aunque s\u00f3lo de manera simb\u00f3lica (como dato curioso, os puedo decir que, a pesar de albergar una iglesia, esta universidad fue renombrada como Universidad de Karl Marx&#8230; una interesante contradicci\u00f3n). Por esta universidad han pasado personajes tan importantes como el escritor Goethe, el f\u00edsico Heisenberg, el fil\u00f3sofo Nietzsche, o, m\u00e1s recientemente, la canciller alemana Angela Merkel.&nbsp;<\/p>\n<p>Despu\u00e9s, paseamos por diferentes lugares de la ciudad, como la Plaza del Mercado o el Ayuntamiento, y me sorprendieron los muchos pasadizos que hay para poder cruzar entre los edificios.<\/p>\n<p>Sin du<img loading=\"lazy\" decoding=\"async\" class=\"size-medium wp-image-356 alignleft\" src=\"https:\/\/blogsaverroes.juntadeandalucia.es\/erasmuscanjayar\/files\/2022\/11\/IMG-9885-225x300.jpg\" alt=\"\" width=\"225\" height=\"300\" srcset=\"https:\/\/blogsaverroes.juntadeandalucia.es\/erasmuscanjayar\/files\/2022\/11\/IMG-9885-225x300.jpg 225w, https:\/\/blogsaverroes.juntadeandalucia.es\/erasmuscanjayar\/files\/2022\/11\/IMG-9885-768x1024.jpg 768w, https:\/\/blogsaverroes.juntadeandalucia.es\/erasmuscanjayar\/files\/2022\/11\/IMG-9885-1152x1536.jpg 1152w, https:\/\/blogsaverroes.juntadeandalucia.es\/erasmuscanjayar\/files\/2022\/11\/IMG-9885-1536x2048.jpg 1536w, https:\/\/blogsaverroes.juntadeandalucia.es\/erasmuscanjayar\/files\/2022\/11\/IMG-9885-scaled.jpg 1920w\" sizes=\"(max-width: 225px) 100vw, 225px\" \/>da, Leipzig es una ciudad llena de vida, en crecimiento y con muchas cosas por descubrir. Menos mal que todav\u00eda nos quedan unos d\u00edas por delante.<\/p>\n","protected":false},"excerpt":{"rendered":"<p>&nbsp; El s\u00e1bado pude disfrutar de un tour guiado por el centro de la ciudad de Leipzig y conocer m\u00e1s detalles sobre su patrimonio hist\u00f3rico&hellip;<\/p>\n","protected":false},"author":15828,"featured_media":360,"comment_status":"open","ping_status":"open","sticky":false,"template":"","format":"standard","meta":{"ngg_post_thumbnail":0,"footnotes":""},"categories":[3,7,8],"tags":[15],"aioseo_notices":[],"_links":{"self":[{"href":"https:\/\/blogsaverroes.juntadeandalucia.es\/erasmuscanjayar\/wp-json\/wp\/v2\/posts\/354"}],"collection":[{"href":"https:\/\/blogsaverroes.juntadeandalucia.es\/erasmuscanjayar\/wp-json\/wp\/v2\/posts"}],"about":[{"href":"https:\/\/blogsaverroes.juntadeandalucia.es\/erasmuscanjayar\/wp-json\/wp\/v2\/types\/post"}],"author":[{"embeddable":true,"href":"https:\/\/blogsaverroes.juntadeandalucia.es\/erasmuscanjayar\/wp-json\/wp\/v2\/users\/15828"}],"replies":[{"embeddable":true,"href":"https:\/\/blogsaverroes.juntadeandalucia.es\/erasmuscanjayar\/wp-json\/wp\/v2\/comments?post=354"}],"version-history":[{"count":2,"href":"https:\/\/blogsaverroes.juntadeandalucia.es\/erasmuscanjayar\/wp-json\/wp\/v2\/posts\/354\/revisions"}],"predecessor-version":[{"id":362,"href":"https:\/\/blogsaverroes.juntadeandalucia.es\/erasmuscanjayar\/wp-json\/wp\/v2\/posts\/354\/revisions\/362"}],"wp:featuredmedia":[{"embeddable":true,"href":"https:\/\/blogsaverroes.juntadeandalucia.es\/erasmuscanjayar\/wp-json\/wp\/v2\/media\/360"}],"wp:attachment":[{"href":"https:\/\/blogsaverroes.juntadeandalucia.es\/erasmuscanjayar\/wp-json\/wp\/v2\/media?parent=354"}],"wp:term":[{"taxonomy":"category","embeddable":true,"href":"https:\/\/blogsaverroes.juntadeandalucia.es\/erasmuscanjayar\/wp-json\/wp\/v2\/categories?post=354"},{"taxonomy":"post_tag","embeddable":true,"href":"https:\/\/blogsaverroes.juntadeandalucia.es\/erasmuscanjayar\/wp-json\/wp\/v2\/tags?post=354"}],"curies":[{"name":"wp","href":"https:\/\/api.w.org\/{rel}","templated":true}]}}