{"id":108,"date":"2019-06-15T16:36:31","date_gmt":"2019-06-15T16:36:31","guid":{"rendered":"https:\/\/blogsaverroes.juntadeandalucia.es\/erasmusceipjoaquinvisiedo\/?p=108"},"modified":"2019-11-14T15:24:07","modified_gmt":"2019-11-14T15:24:07","slug":"108","status":"publish","type":"post","link":"https:\/\/blogsaverroes.juntadeandalucia.es\/erasmusceipjoaquinvisiedo\/2019\/06\/15\/108\/","title":{"rendered":""},"content":{"rendered":"<p style=\"text-align: justify\"><img loading=\"lazy\" decoding=\"async\" class=\"alignleft wp-image-117 size-thumbnail\" src=\"https:\/\/blogsaverroes.juntadeandalucia.es\/erasmusceipjoaquinvisiedo\/files\/2019\/06\/PROYECTO-ERASMUS-LOGO-150x150.jpg\" alt=\"\" width=\"150\" height=\"150\"><img loading=\"lazy\" decoding=\"async\" class=\" wp-image-53 alignleft\" src=\"https:\/\/blogsaverroes.juntadeandalucia.es\/erasmusceipjoaquinvisiedo\/files\/2019\/06\/cofinanciado.png\" alt=\"\" width=\"275\" height=\"67\">Nuestro Proyecto Erasmus+ \u00abNavegando entre culturas\u00bb ha sido seleccionado para recibir una subvenci\u00f3n&nbsp; por parte de la&nbsp; Uni\u00f3n Europea. Se trata de un proyecto que se llevar\u00e1 a cabo a lo largo del curso escolar 2019 &#8211; 2020, realizando actividades formativas para el profesorado a nivel europeo. Esperamos que la participaci\u00f3n en las acti<span style=\"text-align: justify\">vidades formativas propuestas en el proyecto se mejore las competencias lingu\u00edsticas del profesorado y las metodolog\u00edas para la ense\u00f1anza de las lenguas extranjeras, mejorando de esta forma el programa biling\u00fce de nuestro centro. Pensamos que ser\u00e1 un gran paso para la internalizaci\u00f3n de nuestro centro, ayudando a mejorar los resultados acad\u00e9micos de nuestro alumnado.<\/span><\/p>\n<p style=\"text-align: justify\"><span style=\"font-size: 10pt;color: #808080\">El proyecto \u00abNevagando entre culturas\u00bb, en ingl\u00e9s &#8216;<em>Sailing among cultures<\/em>&#8216;, est\u00e1 cofinanciado por el programa Erasmus+ de la Uni\u00f3n Europea. El contenido de este comunicado, as\u00ed como de todos los comunicados de la presente p\u00e1gina web, es responsabilidad exclusiva del CEIP Joaqu\u00edn Visiedo de Viator (Almer\u00eda &#8211; ESPA\u00d1A) y ni la Comisi\u00f3n Europea, ni el Servicio Espa\u00f1ol para la Internalizaci\u00f3n de la Educaci\u00f3n (SEPIE) son responsables del uso que pueda hacerse de la informaci\u00f3n aqu\u00ed difundida.<\/span><\/p>\n<p><a href=\"http:\/\/sepie.es\/\" target=\"_blank\" rel=\"noopener noreferrer\"><img loading=\"lazy\" decoding=\"async\" class=\"size-full wp-image-46 aligncenter\" src=\"https:\/\/blogsaverroes.juntadeandalucia.es\/erasmusceipjoaquinvisiedo\/files\/2019\/06\/SEPIE_erasmus_plus.gif\" alt=\"\" width=\"400\" height=\"100\"><\/a><\/p>\n<p>&nbsp;<\/p>\n","protected":false},"excerpt":{"rendered":"<p>Nuestro Proyecto Erasmus+ \u00abNavegando entre culturas\u00bb ha sido seleccionado para recibir una subvenci\u00f3n&nbsp; por parte de la&nbsp; Uni\u00f3n Europea. Se trata de un proyecto que se llevar\u00e1 a cabo a lo largo del curso&#46;&#46;&#46;<\/p>\n","protected":false},"author":7576,"featured_media":0,"comment_status":"open","ping_status":"open","sticky":true,"template":"","format":"standard","meta":{"ngg_post_thumbnail":0,"footnotes":""},"categories":[1899298],"tags":[],"aioseo_notices":[],"_links":{"self":[{"href":"https:\/\/blogsaverroes.juntadeandalucia.es\/erasmusceipjoaquinvisiedo\/wp-json\/wp\/v2\/posts\/108"}],"collection":[{"href":"https:\/\/blogsaverroes.juntadeandalucia.es\/erasmusceipjoaquinvisiedo\/wp-json\/wp\/v2\/posts"}],"about":[{"href":"https:\/\/blogsaverroes.juntadeandalucia.es\/erasmusceipjoaquinvisiedo\/wp-json\/wp\/v2\/types\/post"}],"author":[{"embeddable":true,"href":"https:\/\/blogsaverroes.juntadeandalucia.es\/erasmusceipjoaquinvisiedo\/wp-json\/wp\/v2\/users\/7576"}],"replies":[{"embeddable":true,"href":"https:\/\/blogsaverroes.juntadeandalucia.es\/erasmusceipjoaquinvisiedo\/wp-json\/wp\/v2\/comments?post=108"}],"version-history":[{"count":4,"href":"https:\/\/blogsaverroes.juntadeandalucia.es\/erasmusceipjoaquinvisiedo\/wp-json\/wp\/v2\/posts\/108\/revisions"}],"predecessor-version":[{"id":119,"href":"https:\/\/blogsaverroes.juntadeandalucia.es\/erasmusceipjoaquinvisiedo\/wp-json\/wp\/v2\/posts\/108\/revisions\/119"}],"wp:attachment":[{"href":"https:\/\/blogsaverroes.juntadeandalucia.es\/erasmusceipjoaquinvisiedo\/wp-json\/wp\/v2\/media?parent=108"}],"wp:term":[{"taxonomy":"category","embeddable":true,"href":"https:\/\/blogsaverroes.juntadeandalucia.es\/erasmusceipjoaquinvisiedo\/wp-json\/wp\/v2\/categories?post=108"},{"taxonomy":"post_tag","embeddable":true,"href":"https:\/\/blogsaverroes.juntadeandalucia.es\/erasmusceipjoaquinvisiedo\/wp-json\/wp\/v2\/tags?post=108"}],"curies":[{"name":"wp","href":"https:\/\/api.w.org\/{rel}","templated":true}]}}