{"id":133,"date":"2022-03-29T10:20:30","date_gmt":"2022-03-29T10:20:30","guid":{"rendered":"https:\/\/blogsaverroes.juntadeandalucia.es\/erasmuscepcordoba\/?p=133"},"modified":"2022-04-01T11:06:01","modified_gmt":"2022-04-01T11:06:01","slug":"bienvenida","status":"publish","type":"post","link":"https:\/\/blogsaverroes.juntadeandalucia.es\/erasmuscepcordoba\/2022\/03\/29\/bienvenida\/","title":{"rendered":""},"content":{"rendered":"<p>&nbsp;<\/p>\n<p style=\"text-align: justify\"><a href=\"https:\/\/www.juntadeandalucia.es\/educacion\/portals\/web\/cep-cordoba\"><img loading=\"lazy\" decoding=\"async\" class=\"alignleft wp-image-20\" src=\"https:\/\/blogsaverroes.juntadeandalucia.es\/erasmuscepcordoba\/files\/2021\/11\/logo-300x300.png\" alt=\"\" width=\"145\" height=\"145\"><\/a><span style=\"font-size: 18pt\"><span style=\"color: #696969;font-size: 14pt\">Os damos la bienvenida al nuevo espacio virtual del CEP de C\u00f3rdoba dedicado a la <strong>dimensi\u00f3n europea<\/strong> y a la <strong>internacionalizaci\u00f3n<\/strong>. Aqu\u00ed recogeremos todo lo relacionado con los proyectos ERASMUS+ vinculados a nuestro centro.<\/span><br \/>\n<\/span><\/p>\n<p>&nbsp;<\/p>\n<p>&nbsp;<\/p>\n","protected":false},"excerpt":{"rendered":"<p>&nbsp; Os damos la bienvenida al nuevo espacio virtual del CEP de C\u00f3rdoba dedicado a la dimensi\u00f3n europea y a la internacionalizaci\u00f3n. Aqu\u00ed recogeremos todo lo relacionado con los proyectos ERASMUS+ vinculados a nuestro&#46;&#46;&#46;<\/p>\n","protected":false},"author":1432,"featured_media":0,"comment_status":"closed","ping_status":"open","sticky":false,"template":"","format":"image","meta":{"ngg_post_thumbnail":0,"footnotes":""},"categories":[3],"tags":[],"aioseo_notices":[],"_links":{"self":[{"href":"https:\/\/blogsaverroes.juntadeandalucia.es\/erasmuscepcordoba\/wp-json\/wp\/v2\/posts\/133"}],"collection":[{"href":"https:\/\/blogsaverroes.juntadeandalucia.es\/erasmuscepcordoba\/wp-json\/wp\/v2\/posts"}],"about":[{"href":"https:\/\/blogsaverroes.juntadeandalucia.es\/erasmuscepcordoba\/wp-json\/wp\/v2\/types\/post"}],"author":[{"embeddable":true,"href":"https:\/\/blogsaverroes.juntadeandalucia.es\/erasmuscepcordoba\/wp-json\/wp\/v2\/users\/1432"}],"replies":[{"embeddable":true,"href":"https:\/\/blogsaverroes.juntadeandalucia.es\/erasmuscepcordoba\/wp-json\/wp\/v2\/comments?post=133"}],"version-history":[{"count":31,"href":"https:\/\/blogsaverroes.juntadeandalucia.es\/erasmuscepcordoba\/wp-json\/wp\/v2\/posts\/133\/revisions"}],"predecessor-version":[{"id":331,"href":"https:\/\/blogsaverroes.juntadeandalucia.es\/erasmuscepcordoba\/wp-json\/wp\/v2\/posts\/133\/revisions\/331"}],"wp:attachment":[{"href":"https:\/\/blogsaverroes.juntadeandalucia.es\/erasmuscepcordoba\/wp-json\/wp\/v2\/media?parent=133"}],"wp:term":[{"taxonomy":"category","embeddable":true,"href":"https:\/\/blogsaverroes.juntadeandalucia.es\/erasmuscepcordoba\/wp-json\/wp\/v2\/categories?post=133"},{"taxonomy":"post_tag","embeddable":true,"href":"https:\/\/blogsaverroes.juntadeandalucia.es\/erasmuscepcordoba\/wp-json\/wp\/v2\/tags?post=133"}],"curies":[{"name":"wp","href":"https:\/\/api.w.org\/{rel}","templated":true}]}}