{"id":747,"date":"2023-11-16T09:56:26","date_gmt":"2023-11-16T09:56:26","guid":{"rendered":"https:\/\/blogsaverroes.juntadeandalucia.es\/erasmuscepcordoba\/?p=747"},"modified":"2023-12-11T11:35:13","modified_gmt":"2023-12-11T11:35:13","slug":"747","status":"publish","type":"post","link":"https:\/\/blogsaverroes.juntadeandalucia.es\/erasmuscepcordoba\/2023\/11\/16\/747\/","title":{"rendered":"SEPIE Jornada Anual de Difusi\u00f3n y Jornadas Informativas Erasmus+ \/ 12 y 13 diciembre 2023"},"content":{"rendered":"<p style=\"text-align: left\"><span style=\"color: #000000\">&nbsp;<\/span><\/p>\n<p style=\"text-align: left\"><span style=\"color: #000000\"><img loading=\"lazy\" decoding=\"async\" class=\"aligncenter size-full wp-image-753\" src=\"https:\/\/blogsaverroes.juntadeandalucia.es\/erasmuscepcordoba\/files\/2023\/11\/GAvTVliWYAAhB_V.jpeg\" alt=\"\" width=\"680\" height=\"383\" srcset=\"https:\/\/blogsaverroes.juntadeandalucia.es\/erasmuscepcordoba\/files\/2023\/11\/GAvTVliWYAAhB_V.jpeg 680w, https:\/\/blogsaverroes.juntadeandalucia.es\/erasmuscepcordoba\/files\/2023\/11\/GAvTVliWYAAhB_V-300x169.jpeg 300w\" sizes=\"(max-width: 680px) 100vw, 680px\" \/>Desde el Servicio Espa\u00f1ol para la Internacionalizaci\u00f3n de la Educaci\u00f3n (SEPIE), organismo que act\u00faa como Agencia Nacional del programa Erasmus+ de la Uni\u00f3n Europea en los \u00e1mbitos de la educaci\u00f3n y la formaci\u00f3n y que est\u00e1 adscrito al Ministerio de Universidades, nos gustar\u00eda invitarte a la \u201cJornada Anual de Difusi\u00f3n Erasmus+\u201d, que se llevar\u00e1 a cabo el pr\u00f3ximo d\u00eda 12 de diciembre de 2023 en el Teatro Real de Madrid, de 11:00 a 14:00 horas. Durante esta jornada, que se enmarca dentro del A\u00f1o Europeo de las competencias y de la Presidencia espa\u00f1ola en el Consejo de la Uni\u00f3n Europea, se presentar\u00e1n los logros de 2023 y las novedades de la convocatoria Erasmus+ para 2024, adem\u00e1s del acto de entrega de reconocimientos a aquellas instituciones y participantes en el programa Erasmus+ que han destacado notablemente, de la entrega de los premios europeos a la ense\u00f1anza innovadora (EITA 2023) y del Sello Europeo de las Lenguas. As\u00ed mismo, contaremos con ponentes relevantes y se compartir\u00e1n experiencias exitosas en Erasmus+ con el fin de promover los valores comunes europeos a trav\u00e9s de la educaci\u00f3n y la formaci\u00f3n. &nbsp;Puedes cumplimentar tu inscripci\u00f3n hasta el d\u00eda 28 de noviembre a las 12 horas (hora peninsular espa\u00f1ola), a trav\u00e9s del siguiente enlace: <a style=\"color: #000000\" href=\"https:\/\/sepie.erasmusplus.gob.es\/comunica\/2023\/jornada_anual_erasmusplus_2023\/\" data-saferedirecturl=\"https:\/\/www.google.com\/url?q=https:\/\/sepie.erasmusplus.gob.es\/comunica\/2023\/jornada_anual_erasmusplus_2023\/&amp;source=gmail&amp;ust=1700211488584000&amp;usg=AOvVaw3bRenida76fzVuZfEAwI47\">https:\/\/sepie.erasmusplus.gob.es\/comunica\/2023\/jornada_anual_erasmusplus_2023\/<\/a>&nbsp;En este mismo sentido, nos gustar\u00eda igualmente invitarte a la \u201cJornada Anual Informativa Erasmus+. Lanzamiento convocatoria 2024 \u2013 Educaci\u00f3n Escolar \/ Formaci\u00f3n Profesional \/ Educaci\u00f3n Superior \/ Educaci\u00f3n de Personas Adultas\u201d, que se llevar\u00e1 a cabo el d\u00eda 13 de diciembre de 2023, en horario de 9:00 a 18:00, donde se abordar\u00e1n las principales novedades de la convocatoria Erasmus+ de 2024. Para poder asistir a esta jornada, debes cumplimentar tu inscripci\u00f3n hasta el d\u00eda 28 de noviembre a las 12 horas (hora peninsular espa\u00f1ola), a trav\u00e9s del siguiente enlace: &nbsp;\u00b7&nbsp;<\/span><\/p>\n<p style=\"text-align: left\"><strong>Educaci\u00f3n Escolar<\/strong>: <a href=\"https:\/\/sepie.erasmusplus.gob.es\/comunica\/2023\/jornada_informativa_escolar_2024\/\" data-saferedirecturl=\"https:\/\/www.google.com\/url?q=https:\/\/sepie.erasmusplus.gob.es\/comunica\/2023\/jornada_informativa_escolar_2024\/&amp;source=gmail&amp;ust=1700211488584000&amp;usg=AOvVaw0VSUjxjVxKvsIHDHlfpRSl\">https:\/\/sepie.erasmusplus.gob.es\/comunica\/2023\/jornada_informativa_escolar_2024\/<\/a>&nbsp;\u00b7&nbsp;&nbsp;&nbsp;&nbsp;&nbsp;&nbsp;&nbsp;&nbsp;<\/p>\n<p style=\"text-align: left\"><strong>Formaci\u00f3n Profesional<\/strong>: <a href=\"https:\/\/sepie.erasmusplus.gob.es\/comunica\/2023\/jornada_informativa_fp_2024\/\" data-saferedirecturl=\"https:\/\/www.google.com\/url?q=https:\/\/sepie.erasmusplus.gob.es\/comunica\/2023\/jornada_informativa_fp_2024\/&amp;source=gmail&amp;ust=1700211488584000&amp;usg=AOvVaw3HS1h6D97fyVw_e2qha84H\">https:\/\/sepie.erasmusplus.gob.es\/comunica\/2023\/jornada_informativa_fp_2024\/<\/a>&nbsp;\u00b7&nbsp;&nbsp;&nbsp;&nbsp;&nbsp;&nbsp;&nbsp;<\/p>\n<p style=\"text-align: left\">&nbsp;<strong>Educaci\u00f3n Superior<\/strong>: <a href=\"https:\/\/sepie.erasmusplus.gob.es\/comunica\/2023\/jornada_informativa_superior_2024\/\" data-saferedirecturl=\"https:\/\/www.google.com\/url?q=https:\/\/sepie.erasmusplus.gob.es\/comunica\/2023\/jornada_informativa_superior_2024\/&amp;source=gmail&amp;ust=1700211488584000&amp;usg=AOvVaw0QEhczzfbRZIADn8Ocgurk\">https:\/\/sepie.erasmusplus.gob.es\/comunica\/2023\/jornada_informativa_superior_2024\/<\/a>&nbsp;\u00b7&nbsp;&nbsp;&nbsp;&nbsp;&nbsp;&nbsp;&nbsp;&nbsp;<\/p>\n<p style=\"text-align: left\"><strong>Educaci\u00f3n de Personas Adultas<\/strong>: <a href=\"https:\/\/sepie.erasmusplus.gob.es\/comunica\/2023\/jornada_informativa_adultos_2024\/\" data-saferedirecturl=\"https:\/\/www.google.com\/url?q=https:\/\/sepie.erasmusplus.gob.es\/comunica\/2023\/jornada_informativa_adultos_2024\/&amp;source=gmail&amp;ust=1700211488584000&amp;usg=AOvVaw2qp70gkIpikTc3k973dLQE\">https:\/\/sepie.erasmusplus.gob.es\/comunica\/2023\/jornada_informativa_adultos_2024\/<\/a>&nbsp;&nbsp;<\/p>\n<p>ENLACES A LOS DIRECTOS<\/p>\n<div class=\"css-175oi2r\">\n<div class=\"css-175oi2r r-1s2bzr4\">\n<div id=\"id__vdduv05kdan\" class=\"css-1rynq56 r-bcqeeo r-qvutc0 r-37j5jr r-1inkyih r-16dba41 r-bnwqim r-135wba7\" dir=\"auto\" lang=\"es\" data-testid=\"tweetText\"><span class=\"css-1qaijid r-bcqeeo r-qvutc0 r-poiln3\">12 de diciembre: <\/span><a class=\"css-1qaijid r-bcqeeo r-qvutc0 r-poiln3 r-1loqt21\" role=\"link\" href=\"https:\/\/t.co\/WjwxlNBTEw\" target=\"_blank\" rel=\"noopener noreferrer nofollow\"><span class=\"css-1qaijid r-bcqeeo r-qvutc0 r-poiln3 r-hiw28u r-qvk6io\" aria-hidden=\"true\">https:\/\/<\/span>youtube.com\/live\/PAS_5Ajxi<span class=\"css-1qaijid r-bcqeeo r-qvutc0 r-poiln3 r-hiw28u r-qvk6io\" aria-hidden=\"true\">vQ?feature=share<\/span><span class=\"css-1qaijid r-bcqeeo r-qvutc0 r-poiln3 r-lrvibr\" aria-hidden=\"true\">\u2026<\/span><\/a><\/div>\n<\/div>\n<\/div>\n<div class=\"css-175oi2r\">\n<div id=\"id__eq0j4je56qu\" class=\"css-175oi2r r-1ssbvtb r-1s2bzr4\" aria-labelledby=\"id__vtzxwi20h9 id__9xsjknv6glj\">\n<div class=\"css-175oi2r r-9aw3ui\">\n<div class=\"css-175oi2r\">\n<div class=\"css-175oi2r\">\n<div class=\"css-175oi2r r-1ets6dv r-1phboty r-rs99b7 r-1867qdf r-1udh08x r-o7ynqc r-6416eg r-1ny4l3l\">\n<div class=\"css-175oi2r\">\n<div class=\"css-175oi2r r-16y2uox r-1pi2tsx r-13qz1uu\">13 de diciembre. \u201cJornada Anual Informativa Erasmus+. Lanzamiento convocatoria 2024 \u2013 Educaci\u00f3n Escolar \/ Formaci\u00f3n Profesional \/ Educaci\u00f3n Superior \/ Educaci\u00f3n de Personas Adultas\u201d<\/div>\n<div><span class=\"css-1qaijid r-bcqeeo r-qvutc0 r-poiln3\"> Formaci\u00f3n Profesional:<\/span> <a class=\"css-1qaijid r-bcqeeo r-qvutc0 r-poiln3 r-1loqt21\" role=\"link\" href=\"https:\/\/t.co\/dawVDsP6ht\" target=\"_blank\" rel=\"noopener noreferrer nofollow\"><span class=\"css-1qaijid r-bcqeeo r-qvutc0 r-poiln3 r-hiw28u r-qvk6io\" aria-hidden=\"true\">https:\/\/<\/span>youtube.com\/live\/-ZBW-fVFE<span class=\"css-1qaijid r-bcqeeo r-qvutc0 r-poiln3 r-hiw28u r-qvk6io\" aria-hidden=\"true\">XY?feature=share<\/span><\/a><\/div>\n<div><span class=\"css-1qaijid r-bcqeeo r-qvutc0 r-poiln3\">Educaci\u00f3n Escolar y Educaci\u00f3n de Personas Adultas&nbsp;<\/span>: <a class=\"css-1qaijid r-bcqeeo r-qvutc0 r-poiln3 r-1loqt21\" role=\"link\" href=\"https:\/\/t.co\/0ykXPOYVMb\" target=\"_blank\" rel=\"noopener noreferrer nofollow\"><span class=\"css-1qaijid r-bcqeeo r-qvutc0 r-poiln3 r-hiw28u r-qvk6io\" aria-hidden=\"true\">https:\/\/<\/span>youtube.com\/live\/k-6x3TYu-<span class=\"css-1qaijid r-bcqeeo r-qvutc0 r-poiln3 r-hiw28u r-qvk6io\" aria-hidden=\"true\">-0?feature=share<\/span><\/a><\/div>\n<\/div>\n<\/div>\n<\/div>\n<\/div>\n<\/div>\n<\/div>\n<\/div>\n","protected":false},"excerpt":{"rendered":"<p>&nbsp; Desde el Servicio Espa\u00f1ol para la Internacionalizaci\u00f3n de la Educaci\u00f3n (SEPIE), organismo que act\u00faa como Agencia Nacional del programa Erasmus+ de la Uni\u00f3n Europea en los \u00e1mbitos de la educaci\u00f3n y la formaci\u00f3n&#46;&#46;&#46;<\/p>\n","protected":false},"author":510,"featured_media":125,"comment_status":"closed","ping_status":"open","sticky":false,"template":"","format":"standard","meta":{"ngg_post_thumbnail":0,"footnotes":""},"categories":[5],"tags":[],"aioseo_notices":[],"_links":{"self":[{"href":"https:\/\/blogsaverroes.juntadeandalucia.es\/erasmuscepcordoba\/wp-json\/wp\/v2\/posts\/747"}],"collection":[{"href":"https:\/\/blogsaverroes.juntadeandalucia.es\/erasmuscepcordoba\/wp-json\/wp\/v2\/posts"}],"about":[{"href":"https:\/\/blogsaverroes.juntadeandalucia.es\/erasmuscepcordoba\/wp-json\/wp\/v2\/types\/post"}],"author":[{"embeddable":true,"href":"https:\/\/blogsaverroes.juntadeandalucia.es\/erasmuscepcordoba\/wp-json\/wp\/v2\/users\/510"}],"replies":[{"embeddable":true,"href":"https:\/\/blogsaverroes.juntadeandalucia.es\/erasmuscepcordoba\/wp-json\/wp\/v2\/comments?post=747"}],"version-history":[{"count":4,"href":"https:\/\/blogsaverroes.juntadeandalucia.es\/erasmuscepcordoba\/wp-json\/wp\/v2\/posts\/747\/revisions"}],"predecessor-version":[{"id":754,"href":"https:\/\/blogsaverroes.juntadeandalucia.es\/erasmuscepcordoba\/wp-json\/wp\/v2\/posts\/747\/revisions\/754"}],"wp:featuredmedia":[{"embeddable":true,"href":"https:\/\/blogsaverroes.juntadeandalucia.es\/erasmuscepcordoba\/wp-json\/wp\/v2\/media\/125"}],"wp:attachment":[{"href":"https:\/\/blogsaverroes.juntadeandalucia.es\/erasmuscepcordoba\/wp-json\/wp\/v2\/media?parent=747"}],"wp:term":[{"taxonomy":"category","embeddable":true,"href":"https:\/\/blogsaverroes.juntadeandalucia.es\/erasmuscepcordoba\/wp-json\/wp\/v2\/categories?post=747"},{"taxonomy":"post_tag","embeddable":true,"href":"https:\/\/blogsaverroes.juntadeandalucia.es\/erasmuscepcordoba\/wp-json\/wp\/v2\/tags?post=747"}],"curies":[{"name":"wp","href":"https:\/\/api.w.org\/{rel}","templated":true}]}}