{"id":131,"date":"2022-09-23T10:20:54","date_gmt":"2022-09-23T10:20:54","guid":{"rendered":"https:\/\/blogsaverroes.juntadeandalucia.es\/erasmuscepsevilla\/?p=131"},"modified":"2022-09-23T10:38:49","modified_gmt":"2022-09-23T10:38:49","slug":"academia-versalles","status":"publish","type":"post","link":"https:\/\/blogsaverroes.juntadeandalucia.es\/erasmuscepsevilla\/2022\/09\/23\/academia-versalles\/","title":{"rendered":"Academia Versalles"},"content":{"rendered":"<p>Una Delegaci\u00f3n de la Academia Versalles visita el Cep de Sevilla para conocer las pol\u00edticas educativas en Andaluc\u00eda en materia de Igualdad y Convivencia Escolar<\/p>\n<p><iframe loading=\"lazy\" src=\"https:\/\/docs.google.com\/presentation\/d\/e\/2PACX-1vQ99h9igQXH-htDrf5Eng1ue05YQ7wSxdk1OdVIkFWqpIwZKRnOXIFL9rFJBIsNV_yVKiUWbtNW97jG\/embed?start=false&amp;loop=false&amp;delayms=3000\" width=\"640\" height=\"400\" frameborder=\"0\"><\/iframe><\/p>\n<p>&nbsp;<\/p>\n\n\t\t<style>\n\t\t\t#gallery-1 {\n\t\t\t\tmargin: auto;\n\t\t\t}\n\t\t\t#gallery-1 .gallery-item {\n\t\t\t\tfloat: left;\n\t\t\t\tmargin-top: 10px;\n\t\t\t\ttext-align: center;\n\t\t\t\twidth: 50%;\n\t\t\t}\n\t\t\t#gallery-1 img {\n\t\t\t\tborder: 2px solid #cfcfcf;\n\t\t\t}\n\t\t\t#gallery-1 .gallery-caption {\n\t\t\t\tmargin-left: 0;\n\t\t\t}\n\t\t\t\/* see gallery_shortcode() in wp-includes\/media.php *\/\n\t\t<\/style>\n\t\t<div id='gallery-1' class='gallery galleryid-131 gallery-columns-2 gallery-size-large'><dl class='gallery-item'>\n\t\t\t<dt class='gallery-icon landscape'>\n\t\t\t\t<img loading=\"lazy\" decoding=\"async\" width=\"1024\" height=\"768\" src=\"https:\/\/blogsaverroes.juntadeandalucia.es\/erasmuscepsevilla\/files\/2022\/09\/DSC01640-1024x768.jpg\" class=\"attachment-large size-large\" alt=\"\" srcset=\"https:\/\/blogsaverroes.juntadeandalucia.es\/erasmuscepsevilla\/files\/2022\/09\/DSC01640-1024x768.jpg 1024w, https:\/\/blogsaverroes.juntadeandalucia.es\/erasmuscepsevilla\/files\/2022\/09\/DSC01640-300x225.jpg 300w, https:\/\/blogsaverroes.juntadeandalucia.es\/erasmuscepsevilla\/files\/2022\/09\/DSC01640-768x576.jpg 768w, https:\/\/blogsaverroes.juntadeandalucia.es\/erasmuscepsevilla\/files\/2022\/09\/DSC01640-1536x1152.jpg 1536w, https:\/\/blogsaverroes.juntadeandalucia.es\/erasmuscepsevilla\/files\/2022\/09\/DSC01640-2048x1536.jpg 2048w\" sizes=\"(max-width: 1024px) 100vw, 1024px\" \/>\n\t\t\t<\/dt><\/dl><dl class='gallery-item'>\n\t\t\t<dt class='gallery-icon landscape'>\n\t\t\t\t<img loading=\"lazy\" decoding=\"async\" width=\"1024\" height=\"768\" src=\"https:\/\/blogsaverroes.juntadeandalucia.es\/erasmuscepsevilla\/files\/2022\/09\/DSC01637-1024x768.jpg\" class=\"attachment-large size-large\" alt=\"\" srcset=\"https:\/\/blogsaverroes.juntadeandalucia.es\/erasmuscepsevilla\/files\/2022\/09\/DSC01637-1024x768.jpg 1024w, https:\/\/blogsaverroes.juntadeandalucia.es\/erasmuscepsevilla\/files\/2022\/09\/DSC01637-300x225.jpg 300w, https:\/\/blogsaverroes.juntadeandalucia.es\/erasmuscepsevilla\/files\/2022\/09\/DSC01637-768x576.jpg 768w, https:\/\/blogsaverroes.juntadeandalucia.es\/erasmuscepsevilla\/files\/2022\/09\/DSC01637-1536x1152.jpg 1536w, https:\/\/blogsaverroes.juntadeandalucia.es\/erasmuscepsevilla\/files\/2022\/09\/DSC01637-2048x1536.jpg 2048w\" sizes=\"(max-width: 1024px) 100vw, 1024px\" \/>\n\t\t\t<\/dt><\/dl><br style=\"clear: both\" \/><dl class='gallery-item'>\n\t\t\t<dt class='gallery-icon landscape'>\n\t\t\t\t<img loading=\"lazy\" decoding=\"async\" width=\"1024\" height=\"768\" src=\"https:\/\/blogsaverroes.juntadeandalucia.es\/erasmuscepsevilla\/files\/2022\/09\/DSC01646-1024x768.jpg\" class=\"attachment-large size-large\" alt=\"\" srcset=\"https:\/\/blogsaverroes.juntadeandalucia.es\/erasmuscepsevilla\/files\/2022\/09\/DSC01646-1024x768.jpg 1024w, https:\/\/blogsaverroes.juntadeandalucia.es\/erasmuscepsevilla\/files\/2022\/09\/DSC01646-300x225.jpg 300w, https:\/\/blogsaverroes.juntadeandalucia.es\/erasmuscepsevilla\/files\/2022\/09\/DSC01646-768x576.jpg 768w, https:\/\/blogsaverroes.juntadeandalucia.es\/erasmuscepsevilla\/files\/2022\/09\/DSC01646-1536x1152.jpg 1536w, https:\/\/blogsaverroes.juntadeandalucia.es\/erasmuscepsevilla\/files\/2022\/09\/DSC01646-2048x1536.jpg 2048w\" sizes=\"(max-width: 1024px) 100vw, 1024px\" \/>\n\t\t\t<\/dt><\/dl><dl class='gallery-item'>\n\t\t\t<dt class='gallery-icon landscape'>\n\t\t\t\t<img loading=\"lazy\" decoding=\"async\" width=\"1024\" height=\"768\" src=\"https:\/\/blogsaverroes.juntadeandalucia.es\/erasmuscepsevilla\/files\/2022\/09\/DSC01642-1024x768.jpg\" class=\"attachment-large size-large\" alt=\"\" srcset=\"https:\/\/blogsaverroes.juntadeandalucia.es\/erasmuscepsevilla\/files\/2022\/09\/DSC01642-1024x768.jpg 1024w, https:\/\/blogsaverroes.juntadeandalucia.es\/erasmuscepsevilla\/files\/2022\/09\/DSC01642-300x225.jpg 300w, https:\/\/blogsaverroes.juntadeandalucia.es\/erasmuscepsevilla\/files\/2022\/09\/DSC01642-768x576.jpg 768w, https:\/\/blogsaverroes.juntadeandalucia.es\/erasmuscepsevilla\/files\/2022\/09\/DSC01642-1536x1152.jpg 1536w, https:\/\/blogsaverroes.juntadeandalucia.es\/erasmuscepsevilla\/files\/2022\/09\/DSC01642-2048x1536.jpg 2048w\" sizes=\"(max-width: 1024px) 100vw, 1024px\" \/>\n\t\t\t<\/dt><\/dl><br style=\"clear: both\" \/><dl class='gallery-item'>\n\t\t\t<dt class='gallery-icon landscape'>\n\t\t\t\t<img loading=\"lazy\" decoding=\"async\" width=\"1024\" height=\"768\" src=\"https:\/\/blogsaverroes.juntadeandalucia.es\/erasmuscepsevilla\/files\/2022\/09\/DSC01643-1024x768.jpg\" class=\"attachment-large size-large\" alt=\"\" srcset=\"https:\/\/blogsaverroes.juntadeandalucia.es\/erasmuscepsevilla\/files\/2022\/09\/DSC01643-1024x768.jpg 1024w, https:\/\/blogsaverroes.juntadeandalucia.es\/erasmuscepsevilla\/files\/2022\/09\/DSC01643-300x225.jpg 300w, https:\/\/blogsaverroes.juntadeandalucia.es\/erasmuscepsevilla\/files\/2022\/09\/DSC01643-768x576.jpg 768w, https:\/\/blogsaverroes.juntadeandalucia.es\/erasmuscepsevilla\/files\/2022\/09\/DSC01643-1536x1152.jpg 1536w, https:\/\/blogsaverroes.juntadeandalucia.es\/erasmuscepsevilla\/files\/2022\/09\/DSC01643-2048x1536.jpg 2048w\" sizes=\"(max-width: 1024px) 100vw, 1024px\" \/>\n\t\t\t<\/dt><\/dl>\n\t\t\t<br style='clear: both' \/>\n\t\t<\/div>\n\n","protected":false},"excerpt":{"rendered":"<p>Una Delegaci\u00f3n de la Academia Versalles visita el Cep de Sevilla para conocer las pol\u00edticas educativas en Andaluc\u00eda en materia de Igualdad y Convivencia Escolar &nbsp;<\/p>\n","protected":false},"author":15474,"featured_media":143,"comment_status":"closed","ping_status":"closed","sticky":false,"template":"","format":"standard","meta":{"ngg_post_thumbnail":0,"footnotes":""},"categories":[14,21],"tags":[],"aioseo_notices":[],"_links":{"self":[{"href":"https:\/\/blogsaverroes.juntadeandalucia.es\/erasmuscepsevilla\/wp-json\/wp\/v2\/posts\/131"}],"collection":[{"href":"https:\/\/blogsaverroes.juntadeandalucia.es\/erasmuscepsevilla\/wp-json\/wp\/v2\/posts"}],"about":[{"href":"https:\/\/blogsaverroes.juntadeandalucia.es\/erasmuscepsevilla\/wp-json\/wp\/v2\/types\/post"}],"author":[{"embeddable":true,"href":"https:\/\/blogsaverroes.juntadeandalucia.es\/erasmuscepsevilla\/wp-json\/wp\/v2\/users\/15474"}],"replies":[{"embeddable":true,"href":"https:\/\/blogsaverroes.juntadeandalucia.es\/erasmuscepsevilla\/wp-json\/wp\/v2\/comments?post=131"}],"version-history":[{"count":6,"href":"https:\/\/blogsaverroes.juntadeandalucia.es\/erasmuscepsevilla\/wp-json\/wp\/v2\/posts\/131\/revisions"}],"predecessor-version":[{"id":142,"href":"https:\/\/blogsaverroes.juntadeandalucia.es\/erasmuscepsevilla\/wp-json\/wp\/v2\/posts\/131\/revisions\/142"}],"wp:featuredmedia":[{"embeddable":true,"href":"https:\/\/blogsaverroes.juntadeandalucia.es\/erasmuscepsevilla\/wp-json\/wp\/v2\/media\/143"}],"wp:attachment":[{"href":"https:\/\/blogsaverroes.juntadeandalucia.es\/erasmuscepsevilla\/wp-json\/wp\/v2\/media?parent=131"}],"wp:term":[{"taxonomy":"category","embeddable":true,"href":"https:\/\/blogsaverroes.juntadeandalucia.es\/erasmuscepsevilla\/wp-json\/wp\/v2\/categories?post=131"},{"taxonomy":"post_tag","embeddable":true,"href":"https:\/\/blogsaverroes.juntadeandalucia.es\/erasmuscepsevilla\/wp-json\/wp\/v2\/tags?post=131"}],"curies":[{"name":"wp","href":"https:\/\/api.w.org\/{rel}","templated":true}]}}