{"id":166,"date":"2022-09-26T09:55:52","date_gmt":"2022-09-26T09:55:52","guid":{"rendered":"https:\/\/blogsaverroes.juntadeandalucia.es\/erasmuscepsevilla\/?p=166"},"modified":"2022-09-26T09:55:52","modified_gmt":"2022-09-26T09:55:52","slug":"academia-de-nice","status":"publish","type":"post","link":"https:\/\/blogsaverroes.juntadeandalucia.es\/erasmuscepsevilla\/2022\/09\/26\/academia-de-nice\/","title":{"rendered":"Academia de Nice"},"content":{"rendered":"<p>Una Delegaci\u00f3n de la Academia de Nice visita el Cep de Sevilla para conocer las pol\u00edticas educativas en Andaluc\u00eda en materia de Igualdad y Convivencia Escolar. Sevilla. 9 de mayo de 2022.<\/p>\n<p><iframe loading=\"lazy\" src=\"https:\/\/docs.google.com\/presentation\/d\/e\/2PACX-1vQm7-Hv5KV_DYOYfaB_Us-OV46mLogeftbPBY7iSOk86q1ZjgEPKUdTRoshuuxUjyX3oNmSRuiT6cOc\/embed?start=false&amp;loop=false&amp;delayms=3000\" frameborder=\"0\" width=\"640\" height=\"400\"><\/iframe><\/p>\n","protected":false},"excerpt":{"rendered":"<p>Una Delegaci\u00f3n de la Academia de Nice visita el Cep de Sevilla para conocer las pol\u00edticas educativas en Andaluc\u00eda en materia de Igualdad y Convivencia Escolar. Sevilla. 9 de mayo de 2022.<\/p>\n","protected":false},"author":15474,"featured_media":167,"comment_status":"closed","ping_status":"closed","sticky":false,"template":"","format":"standard","meta":{"ngg_post_thumbnail":0,"footnotes":""},"categories":[14,21],"tags":[],"aioseo_notices":[],"_links":{"self":[{"href":"https:\/\/blogsaverroes.juntadeandalucia.es\/erasmuscepsevilla\/wp-json\/wp\/v2\/posts\/166"}],"collection":[{"href":"https:\/\/blogsaverroes.juntadeandalucia.es\/erasmuscepsevilla\/wp-json\/wp\/v2\/posts"}],"about":[{"href":"https:\/\/blogsaverroes.juntadeandalucia.es\/erasmuscepsevilla\/wp-json\/wp\/v2\/types\/post"}],"author":[{"embeddable":true,"href":"https:\/\/blogsaverroes.juntadeandalucia.es\/erasmuscepsevilla\/wp-json\/wp\/v2\/users\/15474"}],"replies":[{"embeddable":true,"href":"https:\/\/blogsaverroes.juntadeandalucia.es\/erasmuscepsevilla\/wp-json\/wp\/v2\/comments?post=166"}],"version-history":[{"count":1,"href":"https:\/\/blogsaverroes.juntadeandalucia.es\/erasmuscepsevilla\/wp-json\/wp\/v2\/posts\/166\/revisions"}],"predecessor-version":[{"id":171,"href":"https:\/\/blogsaverroes.juntadeandalucia.es\/erasmuscepsevilla\/wp-json\/wp\/v2\/posts\/166\/revisions\/171"}],"wp:featuredmedia":[{"embeddable":true,"href":"https:\/\/blogsaverroes.juntadeandalucia.es\/erasmuscepsevilla\/wp-json\/wp\/v2\/media\/167"}],"wp:attachment":[{"href":"https:\/\/blogsaverroes.juntadeandalucia.es\/erasmuscepsevilla\/wp-json\/wp\/v2\/media?parent=166"}],"wp:term":[{"taxonomy":"category","embeddable":true,"href":"https:\/\/blogsaverroes.juntadeandalucia.es\/erasmuscepsevilla\/wp-json\/wp\/v2\/categories?post=166"},{"taxonomy":"post_tag","embeddable":true,"href":"https:\/\/blogsaverroes.juntadeandalucia.es\/erasmuscepsevilla\/wp-json\/wp\/v2\/tags?post=166"}],"curies":[{"name":"wp","href":"https:\/\/api.w.org\/{rel}","templated":true}]}}