{"id":172,"date":"2022-09-28T11:38:02","date_gmt":"2022-09-28T11:38:02","guid":{"rendered":"https:\/\/blogsaverroes.juntadeandalucia.es\/erasmuscepsevilla\/?p=172"},"modified":"2022-10-04T11:28:09","modified_gmt":"2022-10-04T11:28:09","slug":"172","status":"publish","type":"post","link":"https:\/\/blogsaverroes.juntadeandalucia.es\/erasmuscepsevilla\/2022\/09\/28\/172\/","title":{"rendered":"Participaci\u00f3n en Proyectos Europeos"},"content":{"rendered":"<div>Entre las l\u00edneas estrat\u00e9gicas que contempla la LOMLOE, el proceso de Internacionalizaci\u00f3n de los Centros Educativos es una prioridad. Este proceso consiste en abrir horizontes a otras culturas a trav\u00e9s de intercambios entre docentes de la Uni\u00f3n Europea y de la movilidad del alumnado.&nbsp;<\/div>\n<div>&nbsp;<\/div>\n<div>Adem\u00e1s, se suma la constante demanda que nos llega desde los centros solicitando informaci\u00f3n al respecto.<\/div>\n<div>&nbsp;<\/div>\n<div>Para dar una respuesta adecuada y contextualizada al momento en que vuestro centro se encuentra en este proceso de Internacionalizaci\u00f3n, desde el Centro de Profesorado de Sevilla queremos acompa\u00f1aros. Con este fin, hemos elaborado un <b>cuestionario<\/b> dirigido no solo a los Centros que no tienen experiencia Erasmus+ sino tambi\u00e9n a aquellos que ya la poseen.<\/div>\n<div>&nbsp;<\/div>\n<div>Nuestros objetivos son:<\/div>\n<div>&nbsp;<\/div>\n<div>\n<ol>\n<li>Manteneros informados de todas aquellas <b>acciones formativas<\/b> que se vayan ofertando.<\/li>\n<li>Contar con aquellos <b>centros<\/b> que tienen<b> m\u00e1s experiencia<\/b> para participar en Jornadas de difusi\u00f3n de buenas pr\u00e1cticas, en acciones formativas puntuales y asesoramientos a centros que se est\u00e1n iniciando.<\/li>\n<li>Haceros part\u00edcipes en <b>movilidades de los proyectos que implementa el CEP de Sevilla<\/b>.<\/li>\n<li>Crear una <b> base de datos<\/b> de participaci\u00f3n de Erasmus+ entre los centros educativos del \u00e1mbito de actuaci\u00f3n de nuestro CEP.<\/li>\n<\/ol>\n<\/div>\n<div>El enlace al cuestionario es el siguiente (a rellenar por una sola persona del Centro Educativo):<\/div>\n<div>&nbsp;<\/div>\n<div><a href=\"https:\/\/forms.gle\/8X2eSTSW9HTPo7GZ7\" target=\"_blank\" rel=\"noopener noreferrer\" data-saferedirecturl=\"https:\/\/www.google.com\/url?q=https:\/\/forms.gle\/8X2eSTSW9HTPo7GZ7&amp;source=gmail&amp;ust=1664450277017000&amp;usg=AOvVaw04yII-u35d_fx35coM05Iu\">https:\/\/forms.gle\/kSmpssqNboUSZKDt9<\/a><\/div>\n<div>&nbsp;<\/div>\n<div>Dado que las convocatorias de los proyectos Erasmus+ terminan en Enero, ser\u00eda importante tener toda la informaci\u00f3n sobre vuestro centro antes del <b>15 de Octubre<\/b> de 2022 para que est\u00e9is a tiempo de poner en marcha todos los asuntos relacionados con la elaboraci\u00f3n del mismo.<\/div>\n<div>&nbsp;<\/div>\n<div>&nbsp;<\/div>\n<div>&nbsp;<\/div>\n","protected":false},"excerpt":{"rendered":"<p>Entre las l\u00edneas estrat\u00e9gicas que contempla la LOMLOE, el proceso de Internacionalizaci\u00f3n de los Centros Educativos es una prioridad. Este proceso consiste en abrir horizontes a otras culturas a trav\u00e9s de intercambios entre docentes&#46;&#46;&#46;<\/p>\n","protected":false},"author":15474,"featured_media":12,"comment_status":"closed","ping_status":"closed","sticky":false,"template":"","format":"standard","meta":{"ngg_post_thumbnail":0,"footnotes":""},"categories":[22,7],"tags":[],"aioseo_notices":[],"_links":{"self":[{"href":"https:\/\/blogsaverroes.juntadeandalucia.es\/erasmuscepsevilla\/wp-json\/wp\/v2\/posts\/172"}],"collection":[{"href":"https:\/\/blogsaverroes.juntadeandalucia.es\/erasmuscepsevilla\/wp-json\/wp\/v2\/posts"}],"about":[{"href":"https:\/\/blogsaverroes.juntadeandalucia.es\/erasmuscepsevilla\/wp-json\/wp\/v2\/types\/post"}],"author":[{"embeddable":true,"href":"https:\/\/blogsaverroes.juntadeandalucia.es\/erasmuscepsevilla\/wp-json\/wp\/v2\/users\/15474"}],"replies":[{"embeddable":true,"href":"https:\/\/blogsaverroes.juntadeandalucia.es\/erasmuscepsevilla\/wp-json\/wp\/v2\/comments?post=172"}],"version-history":[{"count":3,"href":"https:\/\/blogsaverroes.juntadeandalucia.es\/erasmuscepsevilla\/wp-json\/wp\/v2\/posts\/172\/revisions"}],"predecessor-version":[{"id":191,"href":"https:\/\/blogsaverroes.juntadeandalucia.es\/erasmuscepsevilla\/wp-json\/wp\/v2\/posts\/172\/revisions\/191"}],"wp:featuredmedia":[{"embeddable":true,"href":"https:\/\/blogsaverroes.juntadeandalucia.es\/erasmuscepsevilla\/wp-json\/wp\/v2\/media\/12"}],"wp:attachment":[{"href":"https:\/\/blogsaverroes.juntadeandalucia.es\/erasmuscepsevilla\/wp-json\/wp\/v2\/media?parent=172"}],"wp:term":[{"taxonomy":"category","embeddable":true,"href":"https:\/\/blogsaverroes.juntadeandalucia.es\/erasmuscepsevilla\/wp-json\/wp\/v2\/categories?post=172"},{"taxonomy":"post_tag","embeddable":true,"href":"https:\/\/blogsaverroes.juntadeandalucia.es\/erasmuscepsevilla\/wp-json\/wp\/v2\/tags?post=172"}],"curies":[{"name":"wp","href":"https:\/\/api.w.org\/{rel}","templated":true}]}}