{"id":240,"date":"2023-01-17T08:03:07","date_gmt":"2023-01-17T08:03:07","guid":{"rendered":"https:\/\/blogsaverroes.juntadeandalucia.es\/erasmuscepsevilla\/?p=240"},"modified":"2023-01-17T08:16:25","modified_gmt":"2023-01-17T08:16:25","slug":"240","status":"publish","type":"post","link":"https:\/\/blogsaverroes.juntadeandalucia.es\/erasmuscepsevilla\/2023\/01\/17\/240\/","title":{"rendered":"Jornada Anual Informativa Erasmus+ 2023 &#8211; Educaci\u00f3n Escolar y Educaci\u00f3n de Personas Adultas"},"content":{"rendered":"<div class=\"css-1dbjc4n\">\n<div id=\"id__3jfstjc9qfq\" class=\"css-901oao r-18jsvk2 r-37j5jr r-a023e6 r-16dba41 r-rjixqe r-bcqeeo r-bnwqim r-qvutc0\" dir=\"auto\" data-testid=\"tweetText\" lang=\"es\">\n<p><span class=\"css-901oao css-16my406 r-poiln3 r-bcqeeo r-qvutc0\">Aqu\u00ed puedes ver la Jornada Anual Informativa Erasmus+ 2023 &#8211; Educaci\u00f3n Escolar y Educaci\u00f3n de Personas Adultas del SEPIE <\/span><\/p>\n<div class=\"css-1dbjc4n r-xoduu5\">&nbsp;<\/div>\n<\/div>\n<div>&nbsp;<\/div>\n<\/div>\n<p><iframe loading=\"lazy\" src=\"https:\/\/www.youtube.com\/embed\/Zwaxds8YGvs\" width=\"560\" height=\"315\" frameborder=\"0\"><\/iframe><\/p>\n","protected":false},"excerpt":{"rendered":"<p>Aqu\u00ed puedes ver la Jornada Anual Informativa Erasmus+ 2023 &#8211; Educaci\u00f3n Escolar y Educaci\u00f3n de Personas Adultas del SEPIE &nbsp; &nbsp;<\/p>\n","protected":false},"author":15474,"featured_media":190,"comment_status":"closed","ping_status":"closed","sticky":false,"template":"","format":"standard","meta":{"ngg_post_thumbnail":0,"footnotes":""},"categories":[22,19,20,7],"tags":[],"aioseo_notices":[],"_links":{"self":[{"href":"https:\/\/blogsaverroes.juntadeandalucia.es\/erasmuscepsevilla\/wp-json\/wp\/v2\/posts\/240"}],"collection":[{"href":"https:\/\/blogsaverroes.juntadeandalucia.es\/erasmuscepsevilla\/wp-json\/wp\/v2\/posts"}],"about":[{"href":"https:\/\/blogsaverroes.juntadeandalucia.es\/erasmuscepsevilla\/wp-json\/wp\/v2\/types\/post"}],"author":[{"embeddable":true,"href":"https:\/\/blogsaverroes.juntadeandalucia.es\/erasmuscepsevilla\/wp-json\/wp\/v2\/users\/15474"}],"replies":[{"embeddable":true,"href":"https:\/\/blogsaverroes.juntadeandalucia.es\/erasmuscepsevilla\/wp-json\/wp\/v2\/comments?post=240"}],"version-history":[{"count":3,"href":"https:\/\/blogsaverroes.juntadeandalucia.es\/erasmuscepsevilla\/wp-json\/wp\/v2\/posts\/240\/revisions"}],"predecessor-version":[{"id":245,"href":"https:\/\/blogsaverroes.juntadeandalucia.es\/erasmuscepsevilla\/wp-json\/wp\/v2\/posts\/240\/revisions\/245"}],"wp:featuredmedia":[{"embeddable":true,"href":"https:\/\/blogsaverroes.juntadeandalucia.es\/erasmuscepsevilla\/wp-json\/wp\/v2\/media\/190"}],"wp:attachment":[{"href":"https:\/\/blogsaverroes.juntadeandalucia.es\/erasmuscepsevilla\/wp-json\/wp\/v2\/media?parent=240"}],"wp:term":[{"taxonomy":"category","embeddable":true,"href":"https:\/\/blogsaverroes.juntadeandalucia.es\/erasmuscepsevilla\/wp-json\/wp\/v2\/categories?post=240"},{"taxonomy":"post_tag","embeddable":true,"href":"https:\/\/blogsaverroes.juntadeandalucia.es\/erasmuscepsevilla\/wp-json\/wp\/v2\/tags?post=240"}],"curies":[{"name":"wp","href":"https:\/\/api.w.org\/{rel}","templated":true}]}}