{"id":301,"date":"2024-09-12T12:45:04","date_gmt":"2024-09-12T10:45:04","guid":{"rendered":"https:\/\/blogsaverroes.juntadeandalucia.es\/erasmuscomares\/?p=301"},"modified":"2024-10-09T18:57:28","modified_gmt":"2024-10-09T16:57:28","slug":"informamos-al-claustro","status":"publish","type":"post","link":"https:\/\/blogsaverroes.juntadeandalucia.es\/erasmuscomares\/2024\/09\/12\/informamos-al-claustro\/","title":{"rendered":"Informamos al claustro"},"content":{"rendered":"<p><img loading=\"lazy\" decoding=\"async\" class=\" wp-image-302 alignleft\" src=\"https:\/\/blogsaverroes.juntadeandalucia.es\/erasmuscomares\/files\/2024\/10\/0470de6f-b7ca-4293-8516-4cfb6c6a89e7-300x300.jpg\" alt=\"\" width=\"219\" height=\"219\" srcset=\"https:\/\/blogsaverroes.juntadeandalucia.es\/erasmuscomares\/files\/2024\/10\/0470de6f-b7ca-4293-8516-4cfb6c6a89e7-300x300.jpg 300w, https:\/\/blogsaverroes.juntadeandalucia.es\/erasmuscomares\/files\/2024\/10\/0470de6f-b7ca-4293-8516-4cfb6c6a89e7-150x150.jpg 150w, https:\/\/blogsaverroes.juntadeandalucia.es\/erasmuscomares\/files\/2024\/10\/0470de6f-b7ca-4293-8516-4cfb6c6a89e7-768x768.jpg 768w, https:\/\/blogsaverroes.juntadeandalucia.es\/erasmuscomares\/files\/2024\/10\/0470de6f-b7ca-4293-8516-4cfb6c6a89e7-80x80.jpg 80w, https:\/\/blogsaverroes.juntadeandalucia.es\/erasmuscomares\/files\/2024\/10\/0470de6f-b7ca-4293-8516-4cfb6c6a89e7-320x320.jpg 320w, https:\/\/blogsaverroes.juntadeandalucia.es\/erasmuscomares\/files\/2024\/10\/0470de6f-b7ca-4293-8516-4cfb6c6a89e7.jpg 1024w\" sizes=\"(max-width: 219px) 100vw, 219px\" \/>Informamos a nuestros compa\u00f1eros del claustro de profesores de la puesta en marcha del <strong>Plan de Acreditaci\u00f3n Erasmus+<\/strong> en nuestro centro.<\/p>\n<p>En esta charla informativa, se han explicado los objetivos del Plan Erasmus+ y las metas que se quieren alcanzar, as\u00ed como la forma de participaci\u00f3n e implicaci\u00f3n en el mismo.&nbsp;<\/p>\n<p style=\"text-align: center\"><strong>ANIMAMOS A LA PARTICIPACI\u00d3N DEL PROFESORADO<\/strong><\/p>\n","protected":false},"excerpt":{"rendered":"<p>Informamos a nuestros compa\u00f1eros del claustro de profesores de la puesta en marcha del Plan de Acreditaci\u00f3n Erasmus+ en nuestro centro. En esta charla informativa, se han explicado los objetivos del Plan Erasmus+ y&#46;&#46;&#46;<\/p>\n","protected":false},"author":356,"featured_media":304,"comment_status":"open","ping_status":"open","sticky":false,"template":"","format":"standard","meta":{"ngg_post_thumbnail":0,"footnotes":""},"categories":[2],"tags":[30,31],"aioseo_notices":[],"_links":{"self":[{"href":"https:\/\/blogsaverroes.juntadeandalucia.es\/erasmuscomares\/wp-json\/wp\/v2\/posts\/301"}],"collection":[{"href":"https:\/\/blogsaverroes.juntadeandalucia.es\/erasmuscomares\/wp-json\/wp\/v2\/posts"}],"about":[{"href":"https:\/\/blogsaverroes.juntadeandalucia.es\/erasmuscomares\/wp-json\/wp\/v2\/types\/post"}],"author":[{"embeddable":true,"href":"https:\/\/blogsaverroes.juntadeandalucia.es\/erasmuscomares\/wp-json\/wp\/v2\/users\/356"}],"replies":[{"embeddable":true,"href":"https:\/\/blogsaverroes.juntadeandalucia.es\/erasmuscomares\/wp-json\/wp\/v2\/comments?post=301"}],"version-history":[{"count":1,"href":"https:\/\/blogsaverroes.juntadeandalucia.es\/erasmuscomares\/wp-json\/wp\/v2\/posts\/301\/revisions"}],"predecessor-version":[{"id":303,"href":"https:\/\/blogsaverroes.juntadeandalucia.es\/erasmuscomares\/wp-json\/wp\/v2\/posts\/301\/revisions\/303"}],"wp:featuredmedia":[{"embeddable":true,"href":"https:\/\/blogsaverroes.juntadeandalucia.es\/erasmuscomares\/wp-json\/wp\/v2\/media\/304"}],"wp:attachment":[{"href":"https:\/\/blogsaverroes.juntadeandalucia.es\/erasmuscomares\/wp-json\/wp\/v2\/media?parent=301"}],"wp:term":[{"taxonomy":"category","embeddable":true,"href":"https:\/\/blogsaverroes.juntadeandalucia.es\/erasmuscomares\/wp-json\/wp\/v2\/categories?post=301"},{"taxonomy":"post_tag","embeddable":true,"href":"https:\/\/blogsaverroes.juntadeandalucia.es\/erasmuscomares\/wp-json\/wp\/v2\/tags?post=301"}],"curies":[{"name":"wp","href":"https:\/\/api.w.org\/{rel}","templated":true}]}}