{"id":726,"date":"2025-08-03T19:50:02","date_gmt":"2025-08-03T17:50:02","guid":{"rendered":"https:\/\/blogsaverroes.juntadeandalucia.es\/erasmuscomares\/?p=726"},"modified":"2025-09-03T19:55:40","modified_gmt":"2025-09-03T17:55:40","slug":"726","status":"publish","type":"post","link":"https:\/\/blogsaverroes.juntadeandalucia.es\/erasmuscomares\/2025\/08\/03\/726\/","title":{"rendered":"Educaci\u00f3n y bienestar en Trapani"},"content":{"rendered":"<p data-start=\"259\" data-end=\"480\">Nuestra compa\u00f1era, Val\u00e9rie Segall, ha participado en un curso formativo celebrado en Trapani (Italia) titulado <strong data-start=\"357\" data-end=\"435\">\u201cYoga and Meditation for Educators: Be a Great Teacher, Be Your Best Self\u201d<\/strong>, impartido por Europass Teacher Academy.<\/p>\n<p data-start=\"482\" data-end=\"771\">A lo largo de la semana, ha profundizado en t\u00e9cnicas de yoga, meditaci\u00f3n y respiraci\u00f3n consciente aplicables al contexto de educaci\u00f3n secundaria, con el objetivo de mejorar la gesti\u00f3n del estr\u00e9s, fomentar el bienestar emocional y crear un clima de aula m\u00e1s positivo y cooperativo.<\/p>\n<p data-start=\"773\" data-end=\"1215\">La formaci\u00f3n, de car\u00e1cter pr\u00e1ctico y vivencial, tambi\u00e9n ofreci\u00f3 herramientas para trabajar la atenci\u00f3n plena y el equilibrio emocional del alumnado, aspectos clave para el aprendizaje en entornos inclusivos y saludables. Adem\u00e1s, la experiencia ha sido muy enriquecedora por los contactos internacionales generados, abriendo puertas a futuras colaboraciones europeas.<\/p>\n<p data-start=\"1217\" data-end=\"1402\">Esta movilidad responde plenamente a los objetivos del Plan Erasmus+ del centro, al promover h\u00e1bitos de vida saludable, inclusi\u00f3n y estrategias innovadoras para el bienestar en el aula.<\/p>\nngg_shortcode_0_placeholder\n","protected":false},"excerpt":{"rendered":"<p>Nuestra compa\u00f1era, Val\u00e9rie Segall, ha participado en un curso formativo celebrado en Trapani (Italia) titulado \u201cYoga and Meditation for Educators: Be a Great Teacher, Be Your Best Self\u201d, impartido por Europass Teacher Academy. A&#46;&#46;&#46;<\/p>\n","protected":false},"author":356,"featured_media":727,"comment_status":"open","ping_status":"open","sticky":false,"template":"","format":"standard","meta":{"ngg_post_thumbnail":0,"footnotes":""},"categories":[19,23,2],"tags":[41,38,37,42],"aioseo_notices":[],"_links":{"self":[{"href":"https:\/\/blogsaverroes.juntadeandalucia.es\/erasmuscomares\/wp-json\/wp\/v2\/posts\/726"}],"collection":[{"href":"https:\/\/blogsaverroes.juntadeandalucia.es\/erasmuscomares\/wp-json\/wp\/v2\/posts"}],"about":[{"href":"https:\/\/blogsaverroes.juntadeandalucia.es\/erasmuscomares\/wp-json\/wp\/v2\/types\/post"}],"author":[{"embeddable":true,"href":"https:\/\/blogsaverroes.juntadeandalucia.es\/erasmuscomares\/wp-json\/wp\/v2\/users\/356"}],"replies":[{"embeddable":true,"href":"https:\/\/blogsaverroes.juntadeandalucia.es\/erasmuscomares\/wp-json\/wp\/v2\/comments?post=726"}],"version-history":[{"count":2,"href":"https:\/\/blogsaverroes.juntadeandalucia.es\/erasmuscomares\/wp-json\/wp\/v2\/posts\/726\/revisions"}],"predecessor-version":[{"id":729,"href":"https:\/\/blogsaverroes.juntadeandalucia.es\/erasmuscomares\/wp-json\/wp\/v2\/posts\/726\/revisions\/729"}],"wp:featuredmedia":[{"embeddable":true,"href":"https:\/\/blogsaverroes.juntadeandalucia.es\/erasmuscomares\/wp-json\/wp\/v2\/media\/727"}],"wp:attachment":[{"href":"https:\/\/blogsaverroes.juntadeandalucia.es\/erasmuscomares\/wp-json\/wp\/v2\/media?parent=726"}],"wp:term":[{"taxonomy":"category","embeddable":true,"href":"https:\/\/blogsaverroes.juntadeandalucia.es\/erasmuscomares\/wp-json\/wp\/v2\/categories?post=726"},{"taxonomy":"post_tag","embeddable":true,"href":"https:\/\/blogsaverroes.juntadeandalucia.es\/erasmuscomares\/wp-json\/wp\/v2\/tags?post=726"}],"curies":[{"name":"wp","href":"https:\/\/api.w.org\/{rel}","templated":true}]}}