{"id":318,"date":"2025-10-21T14:32:40","date_gmt":"2025-10-21T12:32:40","guid":{"rendered":"https:\/\/blogsaverroes.juntadeandalucia.es\/erasmuseducacionsuperioralhadra\/?p=318"},"modified":"2025-10-21T14:32:40","modified_gmt":"2025-10-21T12:32:40","slug":"erasmus-days-2025","status":"publish","type":"post","link":"https:\/\/blogsaverroes.juntadeandalucia.es\/erasmuseducacionsuperioralhadra\/2025\/10\/21\/erasmus-days-2025\/","title":{"rendered":"Erasmus Days 2025"},"content":{"rendered":"<p>La semana pasada se celebr\u00f3 el Erasmus Days en toda Europa. Durantes esos d\u00edas y esta semana desde elequipo earsmus de Educaci\u00f3n Superior y Escolar del IES Alhadra se han programado actividades dirigidas al fomento de las Movilidades Erasmus+. Entre ellas podemos encontrar charlas informativas, mesas de experiencias, taller de CV Europass y Concurso de Logo para el programa Erasmus+. A continuaci\u00f3n se adjunta el programa elaborado para tal fin:<\/p>\n<p><img loading=\"lazy\" decoding=\"async\" class=\"aligncenter size-full wp-image-319\" src=\"https:\/\/blogsaverroes.juntadeandalucia.es\/erasmuseducacionsuperioralhadra\/files\/2025\/10\/Erasmus-Day-2025.jpeg\" alt=\"\" width=\"1080\" height=\"1080\" srcset=\"https:\/\/blogsaverroes.juntadeandalucia.es\/erasmuseducacionsuperioralhadra\/files\/2025\/10\/Erasmus-Day-2025.jpeg 1080w, https:\/\/blogsaverroes.juntadeandalucia.es\/erasmuseducacionsuperioralhadra\/files\/2025\/10\/Erasmus-Day-2025-300x300.jpeg 300w, https:\/\/blogsaverroes.juntadeandalucia.es\/erasmuseducacionsuperioralhadra\/files\/2025\/10\/Erasmus-Day-2025-1024x1024.jpeg 1024w, https:\/\/blogsaverroes.juntadeandalucia.es\/erasmuseducacionsuperioralhadra\/files\/2025\/10\/Erasmus-Day-2025-150x150.jpeg 150w, https:\/\/blogsaverroes.juntadeandalucia.es\/erasmuseducacionsuperioralhadra\/files\/2025\/10\/Erasmus-Day-2025-768x768.jpeg 768w\" sizes=\"(max-width: 1080px) 100vw, 1080px\" \/><\/p>\n<p>&nbsp;<\/p>\n","protected":false},"excerpt":{"rendered":"<p>La semana pasada se celebr\u00f3 el Erasmus Days en toda Europa. Durantes esos d\u00edas y esta semana desde elequipo earsmus de Educaci\u00f3n Superior y Escolar&hellip;<\/p>\n","protected":false},"author":15784,"featured_media":0,"comment_status":"open","ping_status":"open","sticky":false,"template":"","format":"standard","meta":{"ngg_post_thumbnail":0,"footnotes":""},"categories":[1],"tags":[],"aioseo_notices":[],"_links":{"self":[{"href":"https:\/\/blogsaverroes.juntadeandalucia.es\/erasmuseducacionsuperioralhadra\/wp-json\/wp\/v2\/posts\/318"}],"collection":[{"href":"https:\/\/blogsaverroes.juntadeandalucia.es\/erasmuseducacionsuperioralhadra\/wp-json\/wp\/v2\/posts"}],"about":[{"href":"https:\/\/blogsaverroes.juntadeandalucia.es\/erasmuseducacionsuperioralhadra\/wp-json\/wp\/v2\/types\/post"}],"author":[{"embeddable":true,"href":"https:\/\/blogsaverroes.juntadeandalucia.es\/erasmuseducacionsuperioralhadra\/wp-json\/wp\/v2\/users\/15784"}],"replies":[{"embeddable":true,"href":"https:\/\/blogsaverroes.juntadeandalucia.es\/erasmuseducacionsuperioralhadra\/wp-json\/wp\/v2\/comments?post=318"}],"version-history":[{"count":1,"href":"https:\/\/blogsaverroes.juntadeandalucia.es\/erasmuseducacionsuperioralhadra\/wp-json\/wp\/v2\/posts\/318\/revisions"}],"predecessor-version":[{"id":320,"href":"https:\/\/blogsaverroes.juntadeandalucia.es\/erasmuseducacionsuperioralhadra\/wp-json\/wp\/v2\/posts\/318\/revisions\/320"}],"wp:attachment":[{"href":"https:\/\/blogsaverroes.juntadeandalucia.es\/erasmuseducacionsuperioralhadra\/wp-json\/wp\/v2\/media?parent=318"}],"wp:term":[{"taxonomy":"category","embeddable":true,"href":"https:\/\/blogsaverroes.juntadeandalucia.es\/erasmuseducacionsuperioralhadra\/wp-json\/wp\/v2\/categories?post=318"},{"taxonomy":"post_tag","embeddable":true,"href":"https:\/\/blogsaverroes.juntadeandalucia.es\/erasmuseducacionsuperioralhadra\/wp-json\/wp\/v2\/tags?post=318"}],"curies":[{"name":"wp","href":"https:\/\/api.w.org\/{rel}","templated":true}]}}