{"id":1545965,"count":141,"description":"Movilidades para pr\u00e1cticas de alumnado de grados medio y b\u00e1sico. Fundamentalmente para cursar el m\u00f3dulo de Formaci\u00f3n en Centros de Trabajo.","link":"https:\/\/blogsaverroes.juntadeandalucia.es\/erasmuslarosaleda\/category\/formacionprofesional\/","name":"Grados Medio y B\u00e1sico","slug":"formacionprofesional","taxonomy":"category","parent":0,"meta":[],"_links":{"self":[{"href":"https:\/\/blogsaverroes.juntadeandalucia.es\/erasmuslarosaleda\/wp-json\/wp\/v2\/categories\/1545965"}],"collection":[{"href":"https:\/\/blogsaverroes.juntadeandalucia.es\/erasmuslarosaleda\/wp-json\/wp\/v2\/categories"}],"about":[{"href":"https:\/\/blogsaverroes.juntadeandalucia.es\/erasmuslarosaleda\/wp-json\/wp\/v2\/taxonomies\/category"}],"wp:post_type":[{"href":"https:\/\/blogsaverroes.juntadeandalucia.es\/erasmuslarosaleda\/wp-json\/wp\/v2\/posts?categories=1545965"}],"curies":[{"name":"wp","href":"https:\/\/api.w.org\/{rel}","templated":true}]}}