{"id":3470,"date":"2021-04-11T20:56:29","date_gmt":"2021-04-11T20:56:29","guid":{"rendered":"https:\/\/blogsaverroes.juntadeandalucia.es\/erasmuslarosaleda\/?p=3470"},"modified":"2021-04-18T10:02:23","modified_gmt":"2021-04-18T10:02:23","slug":"3470","status":"publish","type":"post","link":"https:\/\/blogsaverroes.juntadeandalucia.es\/erasmuslarosaleda\/2021\/04\/11\/3470\/","title":{"rendered":"Taller: Interculturalidad y Escuela"},"content":{"rendered":"<p>En el marco del Proyecto de Actuaciones de Sensibilizaci\u00f3n que fomenten la Interculturalidad en centros educativos, organizado por ECCA y financiado por el&nbsp; Fondo Europeo de Asilo, Migraci\u00f3n e Integraci\u00f3n y el Ministerio de Trabajo, Migraciones y Seguridad Social, Anastasia, nuestra voluntaria CES present\u00f3 en la clase de Ciudadan\u00eda un taller sobre Interculturalidad y el papel de la escuela.<\/p>\n<p>Se trat\u00f3 de una presentaci\u00f3n <span style=\"font-weight: 400\">de conceptos b\u00e1sicos como:<\/span><\/p>\n<ul>\n<li style=\"font-weight: 400\"><span style=\"font-weight: 400\">\u00bfQu\u00e9 es la cultura?<\/span><\/li>\n<li style=\"font-weight: 400\"><span style=\"font-weight: 400\">Caracter\u00edsticas de la cultura<\/span><\/li>\n<li style=\"font-weight: 400\"><span style=\"font-weight: 400\">Identidad Cultural<\/span><\/li>\n<li style=\"font-weight: 400\"><span style=\"font-weight: 400\">Actitudes ante la diversidad cultural<\/span><\/li>\n<li style=\"font-weight: 400\"><span style=\"font-weight: 400\">Amenazas a la interculturalidad<\/span><\/li>\n<li style=\"font-weight: 400\"><span style=\"font-weight: 400\">Habilidades para una convivencia intercultural<\/span><\/li>\n<li style=\"font-weight: 400\"><span style=\"font-weight: 400\">Actitudes que facilitan una convivencia intercultural<\/span><\/li>\n<\/ul>\n<p><span style=\"font-weight: 400\">Terminando la presentaci\u00f3n, se proyect\u00f3 un video de <a href=\"https:\/\/www.youtube.com\/watch?v=ywcAnvSFxIc\">Los Simpson sobre Interculturalidad<\/a><\/span><span style=\"font-weight: 400\"> y luego se abri\u00f3 un ciclo de conversaci\u00f3n, debate y simulaciones de asuntos que se pueden resolver solo a trav\u00e9s de un di\u00e1logo intercultural<\/span><\/p>\n<p>[ngg src=\u00bbgalleries\u00bb ids=\u00bb26&#8243; display=\u00bbbasic_thumbnail\u00bb thumbnail_crop=\u00bb0&#8243;]&nbsp;<\/p>\n","protected":false},"excerpt":{"rendered":"<p>En el marco del Proyecto de Actuaciones de Sensibilizaci\u00f3n que fomenten la Interculturalidad en centros educativos, organizado por ECCA y financiado por el&nbsp; Fondo Europeo de Asilo, Migraci\u00f3n e Integraci\u00f3n y el Ministerio de Trabajo, Migraciones y Seguridad Social, Anastasia, nuestra voluntaria CES present\u00f3 en la clase de Ciudadan\u00eda un taller sobre Interculturalidad y el&#46;&#46;&#46;<\/p>\n","protected":false},"author":11152,"featured_media":3471,"comment_status":"open","ping_status":"open","sticky":false,"template":"","format":"standard","meta":{"_exactmetrics_skip_tracking":false,"_exactmetrics_sitenote_active":false,"_exactmetrics_sitenote_note":"","_exactmetrics_sitenote_category":0,"footnotes":""},"categories":[81,1545830],"tags":[],"aioseo_notices":[],"_links":{"self":[{"href":"https:\/\/blogsaverroes.juntadeandalucia.es\/erasmuslarosaleda\/wp-json\/wp\/v2\/posts\/3470"}],"collection":[{"href":"https:\/\/blogsaverroes.juntadeandalucia.es\/erasmuslarosaleda\/wp-json\/wp\/v2\/posts"}],"about":[{"href":"https:\/\/blogsaverroes.juntadeandalucia.es\/erasmuslarosaleda\/wp-json\/wp\/v2\/types\/post"}],"author":[{"embeddable":true,"href":"https:\/\/blogsaverroes.juntadeandalucia.es\/erasmuslarosaleda\/wp-json\/wp\/v2\/users\/11152"}],"replies":[{"embeddable":true,"href":"https:\/\/blogsaverroes.juntadeandalucia.es\/erasmuslarosaleda\/wp-json\/wp\/v2\/comments?post=3470"}],"version-history":[{"count":5,"href":"https:\/\/blogsaverroes.juntadeandalucia.es\/erasmuslarosaleda\/wp-json\/wp\/v2\/posts\/3470\/revisions"}],"predecessor-version":[{"id":3489,"href":"https:\/\/blogsaverroes.juntadeandalucia.es\/erasmuslarosaleda\/wp-json\/wp\/v2\/posts\/3470\/revisions\/3489"}],"wp:featuredmedia":[{"embeddable":true,"href":"https:\/\/blogsaverroes.juntadeandalucia.es\/erasmuslarosaleda\/wp-json\/wp\/v2\/media\/3471"}],"wp:attachment":[{"href":"https:\/\/blogsaverroes.juntadeandalucia.es\/erasmuslarosaleda\/wp-json\/wp\/v2\/media?parent=3470"}],"wp:term":[{"taxonomy":"category","embeddable":true,"href":"https:\/\/blogsaverroes.juntadeandalucia.es\/erasmuslarosaleda\/wp-json\/wp\/v2\/categories?post=3470"},{"taxonomy":"post_tag","embeddable":true,"href":"https:\/\/blogsaverroes.juntadeandalucia.es\/erasmuslarosaleda\/wp-json\/wp\/v2\/tags?post=3470"}],"curies":[{"name":"wp","href":"https:\/\/api.w.org\/{rel}","templated":true}]}}