{"id":3976,"date":"2021-11-26T17:01:00","date_gmt":"2021-11-26T17:01:00","guid":{"rendered":"https:\/\/blogsaverroes.juntadeandalucia.es\/erasmuslarosaleda\/?p=3976"},"modified":"2021-11-26T17:04:21","modified_gmt":"2021-11-26T17:04:21","slug":"espace-lanfry-y-rouen","status":"publish","type":"post","link":"https:\/\/blogsaverroes.juntadeandalucia.es\/erasmuslarosaleda\/2021\/11\/26\/espace-lanfry-y-rouen\/","title":{"rendered":"Espace Lanfry y Rouen"},"content":{"rendered":"<p>Adem\u00e1s del trabajo propio del proyecto al que se hizo referencia en una <a title=\"Another step for Easy ECVET\" href=\"https:\/\/blogsaverroes.juntadeandalucia.es\/erasmuslarosaleda\/2021\/11\/20\/another-step-for-easy-ecvet\/\">entrada anterior<\/a>, durante la movilidad realizada tuvimos la oportunidad de conocer el Espace Lanfry. Un centro de formaci\u00f3n profesional construido en 2018 en el que, aparte de tener un equipamiento puntero, lo m\u00e1s destacado es que es un edificio abierto al exterior. Las dependencias se distribuyen en torno a un gran pasillo central que deja a izquierda y derecha aulas de teor\u00eda. A continuaci\u00f3n del aula, con acceso desde ella y con una ventana a \u00e9l, se encuentra el taller que es una nave con abundante luz natural. Os dejamos unas fotos:<\/p>\n<p>[ngg src=\u00bbgalleries\u00bb ids=\u00bb37&#8243; display=\u00bbbasic_thumbnail\u00bb thumbnail_crop=\u00bb0&#8243;]Y s\u00ed, tambi\u00e9n tuvimos la ocasi\u00f3n de conocer Rouen (Ru\u00e1n es espa\u00f1ol) en una visita de dos horas que tuvo lugar a partir de las seis de la tarde del segundo de los tres d\u00edas que pasamos en Normand\u00eda. Mas fotos:<\/p>\n<p>[ngg src=\u00bbgalleries\u00bb ids=\u00bb36&#8243; display=\u00bbbasic_thumbnail\u00bb thumbnail_crop=\u00bb0&#8243;]&nbsp;<\/p>\n","protected":false},"excerpt":{"rendered":"<p>Adem\u00e1s del trabajo propio del proyecto al que se hizo referencia en una entrada anterior, durante la movilidad realizada tuvimos la oportunidad de conocer el Espace Lanfry. Un centro de formaci\u00f3n profesional construido en 2018 en el que, aparte de tener un equipamiento puntero, lo m\u00e1s destacado es que es un edificio abierto al exterior.&#46;&#46;&#46;<\/p>\n","protected":false},"author":6372,"featured_media":3979,"comment_status":"open","ping_status":"open","sticky":false,"template":"","format":"standard","meta":{"_exactmetrics_skip_tracking":false,"_exactmetrics_sitenote_active":false,"_exactmetrics_sitenote_note":"","_exactmetrics_sitenote_category":0,"footnotes":""},"categories":[1545855,1545854],"tags":[],"aioseo_notices":[],"_links":{"self":[{"href":"https:\/\/blogsaverroes.juntadeandalucia.es\/erasmuslarosaleda\/wp-json\/wp\/v2\/posts\/3976"}],"collection":[{"href":"https:\/\/blogsaverroes.juntadeandalucia.es\/erasmuslarosaleda\/wp-json\/wp\/v2\/posts"}],"about":[{"href":"https:\/\/blogsaverroes.juntadeandalucia.es\/erasmuslarosaleda\/wp-json\/wp\/v2\/types\/post"}],"author":[{"embeddable":true,"href":"https:\/\/blogsaverroes.juntadeandalucia.es\/erasmuslarosaleda\/wp-json\/wp\/v2\/users\/6372"}],"replies":[{"embeddable":true,"href":"https:\/\/blogsaverroes.juntadeandalucia.es\/erasmuslarosaleda\/wp-json\/wp\/v2\/comments?post=3976"}],"version-history":[{"count":2,"href":"https:\/\/blogsaverroes.juntadeandalucia.es\/erasmuslarosaleda\/wp-json\/wp\/v2\/posts\/3976\/revisions"}],"predecessor-version":[{"id":3978,"href":"https:\/\/blogsaverroes.juntadeandalucia.es\/erasmuslarosaleda\/wp-json\/wp\/v2\/posts\/3976\/revisions\/3978"}],"wp:featuredmedia":[{"embeddable":true,"href":"https:\/\/blogsaverroes.juntadeandalucia.es\/erasmuslarosaleda\/wp-json\/wp\/v2\/media\/3979"}],"wp:attachment":[{"href":"https:\/\/blogsaverroes.juntadeandalucia.es\/erasmuslarosaleda\/wp-json\/wp\/v2\/media?parent=3976"}],"wp:term":[{"taxonomy":"category","embeddable":true,"href":"https:\/\/blogsaverroes.juntadeandalucia.es\/erasmuslarosaleda\/wp-json\/wp\/v2\/categories?post=3976"},{"taxonomy":"post_tag","embeddable":true,"href":"https:\/\/blogsaverroes.juntadeandalucia.es\/erasmuslarosaleda\/wp-json\/wp\/v2\/tags?post=3976"}],"curies":[{"name":"wp","href":"https:\/\/api.w.org\/{rel}","templated":true}]}}