{"id":4908,"date":"2023-02-21T17:30:06","date_gmt":"2023-02-21T17:30:06","guid":{"rendered":"https:\/\/blogsaverroes.juntadeandalucia.es\/erasmuslarosaleda\/?p=4908"},"modified":"2023-04-01T09:21:04","modified_gmt":"2023-04-01T09:21:04","slug":"nuevo-logo-erasmus","status":"publish","type":"post","link":"https:\/\/blogsaverroes.juntadeandalucia.es\/erasmuslarosaleda\/2023\/02\/21\/nuevo-logo-erasmus\/","title":{"rendered":"Nuevo logo Erasmus+"},"content":{"rendered":"<p>En el primer d\u00eda de las XVIII Jornadas de Puertas Abiertas de nuestro IES La Rosaleda se ha hecho entrega a el alumno de 2 de Preimpresion Gr\u00e1fica, Alejandro Mu\u00f1oz, de una c\u00e1mara fotogr\u00e1fica instant\u00e1nea como premio ganador del concurso para la elaboraci\u00f3n de nuestro nuevo logo del departamento de Erasmus.<\/p>\n<p>Desde aqu\u00ed queremos dar las gracias tanto a nuestro alumno Alejandro como al resto de compa\u00f1eros participantes en el concurso.<\/p>\n","protected":false},"excerpt":{"rendered":"<p>En el primer d\u00eda de las XVIII Jornadas de Puertas Abiertas de nuestro IES La Rosaleda se ha hecho entrega a el alumno de 2 de Preimpresion Gr\u00e1fica, Alejandro Mu\u00f1oz, de una c\u00e1mara fotogr\u00e1fica instant\u00e1nea como premio ganador del concurso para la elaboraci\u00f3n de nuestro nuevo logo del departamento de Erasmus. Desde aqu\u00ed queremos dar&#46;&#46;&#46;<\/p>\n","protected":false},"author":6372,"featured_media":4909,"comment_status":"open","ping_status":"open","sticky":false,"template":"","format":"standard","meta":{"_exactmetrics_skip_tracking":false,"_exactmetrics_sitenote_active":false,"_exactmetrics_sitenote_note":"","_exactmetrics_sitenote_category":0,"footnotes":""},"categories":[1545962],"tags":[],"aioseo_notices":[],"_links":{"self":[{"href":"https:\/\/blogsaverroes.juntadeandalucia.es\/erasmuslarosaleda\/wp-json\/wp\/v2\/posts\/4908"}],"collection":[{"href":"https:\/\/blogsaverroes.juntadeandalucia.es\/erasmuslarosaleda\/wp-json\/wp\/v2\/posts"}],"about":[{"href":"https:\/\/blogsaverroes.juntadeandalucia.es\/erasmuslarosaleda\/wp-json\/wp\/v2\/types\/post"}],"author":[{"embeddable":true,"href":"https:\/\/blogsaverroes.juntadeandalucia.es\/erasmuslarosaleda\/wp-json\/wp\/v2\/users\/6372"}],"replies":[{"embeddable":true,"href":"https:\/\/blogsaverroes.juntadeandalucia.es\/erasmuslarosaleda\/wp-json\/wp\/v2\/comments?post=4908"}],"version-history":[{"count":1,"href":"https:\/\/blogsaverroes.juntadeandalucia.es\/erasmuslarosaleda\/wp-json\/wp\/v2\/posts\/4908\/revisions"}],"predecessor-version":[{"id":4910,"href":"https:\/\/blogsaverroes.juntadeandalucia.es\/erasmuslarosaleda\/wp-json\/wp\/v2\/posts\/4908\/revisions\/4910"}],"wp:featuredmedia":[{"embeddable":true,"href":"https:\/\/blogsaverroes.juntadeandalucia.es\/erasmuslarosaleda\/wp-json\/wp\/v2\/media\/4909"}],"wp:attachment":[{"href":"https:\/\/blogsaverroes.juntadeandalucia.es\/erasmuslarosaleda\/wp-json\/wp\/v2\/media?parent=4908"}],"wp:term":[{"taxonomy":"category","embeddable":true,"href":"https:\/\/blogsaverroes.juntadeandalucia.es\/erasmuslarosaleda\/wp-json\/wp\/v2\/categories?post=4908"},{"taxonomy":"post_tag","embeddable":true,"href":"https:\/\/blogsaverroes.juntadeandalucia.es\/erasmuslarosaleda\/wp-json\/wp\/v2\/tags?post=4908"}],"curies":[{"name":"wp","href":"https:\/\/api.w.org\/{rel}","templated":true}]}}