{"id":5772,"date":"2024-04-18T09:21:55","date_gmt":"2024-04-18T09:21:55","guid":{"rendered":"https:\/\/blogsaverroes.juntadeandalucia.es\/erasmuslarosaleda\/?p=5772"},"modified":"2024-04-22T07:00:56","modified_gmt":"2024-04-22T07:00:56","slug":"practicas-de-grado-basico-en-suecia","status":"publish","type":"post","link":"https:\/\/blogsaverroes.juntadeandalucia.es\/erasmuslarosaleda\/2024\/04\/18\/practicas-de-grado-basico-en-suecia\/","title":{"rendered":"Pr\u00e1cticas de Grado B\u00e1sico en Suecia"},"content":{"rendered":"<p>Tres alumnos de los ciclos de los grado b\u00e1sico de Fabricaci\u00f3n y Montaje y Carpinter\u00eda y Mueble pasan dos semanas en Suecia realizando pr\u00e1cticas.&nbsp;<\/p>\n<p>Gracias al programa Erasmus+ y a <a href=\"https:\/\/rinman.eskilstuna.se\/\" target=\"_blank\" rel=\"noopener\">Rinmangymnasiet<\/a>, nuestro socio en Eskilstuna, tres alumnos del centro est\u00e1n realizando pr\u00e1cticas en las \u00e1reas de fabricaci\u00f3n mec\u00e1nica y madera.<\/p>\n<p><a href=\"https:\/\/blogsaverroes.juntadeandalucia.es\/erasmuslarosaleda\/files\/2024\/04\/Eskilstuna2.jpg\"><img loading=\"lazy\" decoding=\"async\" class=\"alignnone wp-image-5774 size-medium\" src=\"https:\/\/blogsaverroes.juntadeandalucia.es\/erasmuslarosaleda\/files\/2024\/04\/Eskilstuna2-300x225.jpg\" alt=\"\" width=\"300\" height=\"225\" srcset=\"https:\/\/blogsaverroes.juntadeandalucia.es\/erasmuslarosaleda\/files\/2024\/04\/Eskilstuna2-300x225.jpg 300w, https:\/\/blogsaverroes.juntadeandalucia.es\/erasmuslarosaleda\/files\/2024\/04\/Eskilstuna2-1024x768.jpg 1024w, https:\/\/blogsaverroes.juntadeandalucia.es\/erasmuslarosaleda\/files\/2024\/04\/Eskilstuna2-768x576.jpg 768w, https:\/\/blogsaverroes.juntadeandalucia.es\/erasmuslarosaleda\/files\/2024\/04\/Eskilstuna2-1536x1152.jpg 1536w, https:\/\/blogsaverroes.juntadeandalucia.es\/erasmuslarosaleda\/files\/2024\/04\/Eskilstuna2.jpg 1600w\" sizes=\"(max-width: 300px) 100vw, 300px\" \/><\/a><\/p>\n<p><a href=\"https:\/\/blogsaverroes.juntadeandalucia.es\/erasmuslarosaleda\/files\/2024\/04\/Eskilstuna3.jpg\"><img loading=\"lazy\" decoding=\"async\" class=\"alignnone wp-image-5775 size-medium\" src=\"https:\/\/blogsaverroes.juntadeandalucia.es\/erasmuslarosaleda\/files\/2024\/04\/Eskilstuna3-225x300.jpg\" alt=\"\" width=\"225\" height=\"300\" srcset=\"https:\/\/blogsaverroes.juntadeandalucia.es\/erasmuslarosaleda\/files\/2024\/04\/Eskilstuna3-225x300.jpg 225w, https:\/\/blogsaverroes.juntadeandalucia.es\/erasmuslarosaleda\/files\/2024\/04\/Eskilstuna3-768x1024.jpg 768w, https:\/\/blogsaverroes.juntadeandalucia.es\/erasmuslarosaleda\/files\/2024\/04\/Eskilstuna3-1152x1536.jpg 1152w, https:\/\/blogsaverroes.juntadeandalucia.es\/erasmuslarosaleda\/files\/2024\/04\/Eskilstuna3.jpg 1200w\" sizes=\"(max-width: 225px) 100vw, 225px\" \/><\/a> <a href=\"https:\/\/blogsaverroes.juntadeandalucia.es\/erasmuslarosaleda\/files\/2024\/04\/Eskilstuna4.jpg\"><img loading=\"lazy\" decoding=\"async\" class=\"alignnone wp-image-5776 size-medium\" src=\"https:\/\/blogsaverroes.juntadeandalucia.es\/erasmuslarosaleda\/files\/2024\/04\/Eskilstuna4-225x300.jpg\" alt=\"\" width=\"225\" height=\"300\" srcset=\"https:\/\/blogsaverroes.juntadeandalucia.es\/erasmuslarosaleda\/files\/2024\/04\/Eskilstuna4-225x300.jpg 225w, https:\/\/blogsaverroes.juntadeandalucia.es\/erasmuslarosaleda\/files\/2024\/04\/Eskilstuna4-768x1024.jpg 768w, https:\/\/blogsaverroes.juntadeandalucia.es\/erasmuslarosaleda\/files\/2024\/04\/Eskilstuna4-1152x1536.jpg 1152w, https:\/\/blogsaverroes.juntadeandalucia.es\/erasmuslarosaleda\/files\/2024\/04\/Eskilstuna4.jpg 1200w\" sizes=\"(max-width: 225px) 100vw, 225px\" \/><\/a><\/p>\n","protected":false},"excerpt":{"rendered":"<p>Tres alumnos de los ciclos de los grado b\u00e1sico de Fabricaci\u00f3n y Montaje y Carpinter\u00eda y Mueble pasan dos semanas en Suecia realizando pr\u00e1cticas.&nbsp; Gracias al programa Erasmus+ y a Rinmangymnasiet, nuestro socio en Eskilstuna, tres alumnos del centro est\u00e1n realizando pr\u00e1cticas en las \u00e1reas de fabricaci\u00f3n mec\u00e1nica y madera.<\/p>\n","protected":false},"author":6372,"featured_media":5773,"comment_status":"open","ping_status":"open","sticky":false,"template":"","format":"standard","meta":{"_exactmetrics_skip_tracking":false,"_exactmetrics_sitenote_active":false,"_exactmetrics_sitenote_note":"","_exactmetrics_sitenote_category":0,"footnotes":""},"categories":[11909,1545965,1545860],"tags":[1546016,1546005],"aioseo_notices":[],"_links":{"self":[{"href":"https:\/\/blogsaverroes.juntadeandalucia.es\/erasmuslarosaleda\/wp-json\/wp\/v2\/posts\/5772"}],"collection":[{"href":"https:\/\/blogsaverroes.juntadeandalucia.es\/erasmuslarosaleda\/wp-json\/wp\/v2\/posts"}],"about":[{"href":"https:\/\/blogsaverroes.juntadeandalucia.es\/erasmuslarosaleda\/wp-json\/wp\/v2\/types\/post"}],"author":[{"embeddable":true,"href":"https:\/\/blogsaverroes.juntadeandalucia.es\/erasmuslarosaleda\/wp-json\/wp\/v2\/users\/6372"}],"replies":[{"embeddable":true,"href":"https:\/\/blogsaverroes.juntadeandalucia.es\/erasmuslarosaleda\/wp-json\/wp\/v2\/comments?post=5772"}],"version-history":[{"count":1,"href":"https:\/\/blogsaverroes.juntadeandalucia.es\/erasmuslarosaleda\/wp-json\/wp\/v2\/posts\/5772\/revisions"}],"predecessor-version":[{"id":5777,"href":"https:\/\/blogsaverroes.juntadeandalucia.es\/erasmuslarosaleda\/wp-json\/wp\/v2\/posts\/5772\/revisions\/5777"}],"wp:featuredmedia":[{"embeddable":true,"href":"https:\/\/blogsaverroes.juntadeandalucia.es\/erasmuslarosaleda\/wp-json\/wp\/v2\/media\/5773"}],"wp:attachment":[{"href":"https:\/\/blogsaverroes.juntadeandalucia.es\/erasmuslarosaleda\/wp-json\/wp\/v2\/media?parent=5772"}],"wp:term":[{"taxonomy":"category","embeddable":true,"href":"https:\/\/blogsaverroes.juntadeandalucia.es\/erasmuslarosaleda\/wp-json\/wp\/v2\/categories?post=5772"},{"taxonomy":"post_tag","embeddable":true,"href":"https:\/\/blogsaverroes.juntadeandalucia.es\/erasmuslarosaleda\/wp-json\/wp\/v2\/tags?post=5772"}],"curies":[{"name":"wp","href":"https:\/\/api.w.org\/{rel}","templated":true}]}}