{"id":6868,"date":"2025-06-26T08:06:59","date_gmt":"2025-06-26T08:06:59","guid":{"rendered":"https:\/\/blogsaverroes.juntadeandalucia.es\/erasmuslarosaleda\/?p=6868"},"modified":"2025-06-26T08:06:59","modified_gmt":"2025-06-26T08:06:59","slug":"me-voy-con-la-maleta-llena-de-recuerdos-maria-esther-en-portugal","status":"publish","type":"post","link":"https:\/\/blogsaverroes.juntadeandalucia.es\/erasmuslarosaleda\/2025\/06\/26\/me-voy-con-la-maleta-llena-de-recuerdos-maria-esther-en-portugal\/","title":{"rendered":"Me voy con la maleta llena de recuerdos : Mar\u00eda Esther en Portugal"},"content":{"rendered":"<p>Desde la recta final de mi Erasmus escribo estas letras para dejar mis \u00faltimas experiencias y despedirme.<br \/>\nPuedo evaluar esta experiencia como muy positiva, ha sido un sue\u00f1o cumplido, un reto de superaci\u00f3n personal y profesional que me ha ayudado a crecer. Considero que ha sido un a\u00f1o lleno de un aprendizaje cultural y formativo enorme, sin parar desde septiembre, y \u00e9sta ha sido mi guinda del pastel. Para afrontar esta experiencia he vivido con mucha ilusi\u00f3n todo desde el momento en que empec\u00e9 a concursar por la beca, ilusi\u00f3n que se ha visto acompa\u00f1ada de un gran esfuerzo personal, pero puedo decir que \u00a1ha merecido la pena!. Si pongo en mi balanza la formaci\u00f3n que ten\u00eda en Agencias de Viajes y la que tengo ahora, por supuesto que el platillo de \u00abahora\u00bb es que queda abajo totalmente, he aprendido much\u00edsimo, aunque tambi\u00e9n tengo que decir que para la cantidad de horas que he trabajado cada d\u00eda y la cantidad de d\u00edas que he estado, pod\u00edan haber sido de m\u00e1s provecho, pero es que, por mi experiencia, un alumno en pr\u00e1cticas, no es preferencia en muchas empresas, y con eso tenemos que contar. El estar fuera de tu entorno y sola, dificultan a veces y el \u00e1nimo baja, pero mis ganas por estar aqu\u00ed han superado estos momentos.Me voy con la maleta llena de recuerdos y este \u00faltimo mes, al estar el tiempo mejor, sin lluvias y con algo de calor, me ha permitido disfrutar m\u00e1s de la ciudad, Lisboa se viste de fiestas durante el mes de Junio, mes de los santos populares, su devoci\u00f3n por Santo Antonio de Lisboa, la viste de color y alegr\u00eda, muchos conciertos importantes, verbenas, ferias y resto de espect\u00e1culos, la hacen a\u00fan m\u00e1s bonita. Una capital iluminada por el reflejo de la luz en ese R\u00edo Tajo, ese olor a mar del Oc\u00e9ano Atl\u00e1ntico, la llenan de vida y es admirada por ciento de personas desde sus lindos atardeceres. Entre esos cientos de personas me encuentro yo, admirando estos atardeceres de principio de verano junto al Tajo.<\/p>\n<p>As\u00ed es como me despido de esta magn\u00edfica experiencia y os animo a vivir una similar, si ten\u00e9is la oportunidad.<\/p>\n\n\t\t<style>\n\t\t\t#gallery-1 {\n\t\t\t\tmargin: auto;\n\t\t\t}\n\t\t\t#gallery-1 .gallery-item {\n\t\t\t\tfloat: left;\n\t\t\t\tmargin-top: 10px;\n\t\t\t\ttext-align: center;\n\t\t\t\twidth: 33%;\n\t\t\t}\n\t\t\t#gallery-1 img {\n\t\t\t\tborder: 2px solid #cfcfcf;\n\t\t\t}\n\t\t\t#gallery-1 .gallery-caption {\n\t\t\t\tmargin-left: 0;\n\t\t\t}\n\t\t\t\/* see gallery_shortcode() in wp-includes\/media.php *\/\n\t\t<\/style>\n\t\t<div id='gallery-1' class='gallery galleryid-6868 gallery-columns-3 gallery-size-medium'><dl class='gallery-item'>\n\t\t\t<dt class='gallery-icon portrait'>\n\t\t\t\t<a href='https:\/\/blogsaverroes.juntadeandalucia.es\/erasmuslarosaleda\/2025\/06\/26\/me-voy-con-la-maleta-llena-de-recuerdos-maria-esther-en-portugal\/img-20250624-wa0027\/'><img loading=\"lazy\" decoding=\"async\" width=\"239\" height=\"300\" src=\"https:\/\/blogsaverroes.juntadeandalucia.es\/erasmuslarosaleda\/files\/2025\/06\/IMG-20250624-WA0027-239x300.jpg\" class=\"attachment-medium size-medium\" alt=\"\" srcset=\"https:\/\/blogsaverroes.juntadeandalucia.es\/erasmuslarosaleda\/files\/2025\/06\/IMG-20250624-WA0027-239x300.jpg 239w, https:\/\/blogsaverroes.juntadeandalucia.es\/erasmuslarosaleda\/files\/2025\/06\/IMG-20250624-WA0027-817x1024.jpg 817w, https:\/\/blogsaverroes.juntadeandalucia.es\/erasmuslarosaleda\/files\/2025\/06\/IMG-20250624-WA0027-768x963.jpg 768w, https:\/\/blogsaverroes.juntadeandalucia.es\/erasmuslarosaleda\/files\/2025\/06\/IMG-20250624-WA0027-1226x1536.jpg 1226w, https:\/\/blogsaverroes.juntadeandalucia.es\/erasmuslarosaleda\/files\/2025\/06\/IMG-20250624-WA0027.jpg 1500w\" sizes=\"(max-width: 239px) 100vw, 239px\" \/><\/a>\n\t\t\t<\/dt><\/dl><dl class='gallery-item'>\n\t\t\t<dt class='gallery-icon portrait'>\n\t\t\t\t<a href='https:\/\/blogsaverroes.juntadeandalucia.es\/erasmuslarosaleda\/2025\/06\/26\/me-voy-con-la-maleta-llena-de-recuerdos-maria-esther-en-portugal\/img-20250624-wa0025\/'><img loading=\"lazy\" decoding=\"async\" width=\"220\" height=\"300\" src=\"https:\/\/blogsaverroes.juntadeandalucia.es\/erasmuslarosaleda\/files\/2025\/06\/IMG-20250624-WA0025-220x300.jpg\" class=\"attachment-medium size-medium\" alt=\"\" srcset=\"https:\/\/blogsaverroes.juntadeandalucia.es\/erasmuslarosaleda\/files\/2025\/06\/IMG-20250624-WA0025-220x300.jpg 220w, https:\/\/blogsaverroes.juntadeandalucia.es\/erasmuslarosaleda\/files\/2025\/06\/IMG-20250624-WA0025-751x1024.jpg 751w, https:\/\/blogsaverroes.juntadeandalucia.es\/erasmuslarosaleda\/files\/2025\/06\/IMG-20250624-WA0025-768x1047.jpg 768w, https:\/\/blogsaverroes.juntadeandalucia.es\/erasmuslarosaleda\/files\/2025\/06\/IMG-20250624-WA0025-1127x1536.jpg 1127w, https:\/\/blogsaverroes.juntadeandalucia.es\/erasmuslarosaleda\/files\/2025\/06\/IMG-20250624-WA0025.jpg 1174w\" sizes=\"(max-width: 220px) 100vw, 220px\" \/><\/a>\n\t\t\t<\/dt><\/dl><dl class='gallery-item'>\n\t\t\t<dt class='gallery-icon portrait'>\n\t\t\t\t<a href='https:\/\/blogsaverroes.juntadeandalucia.es\/erasmuslarosaleda\/2025\/06\/26\/me-voy-con-la-maleta-llena-de-recuerdos-maria-esther-en-portugal\/img-20250624-wa0024\/'><img loading=\"lazy\" decoding=\"async\" width=\"239\" height=\"300\" src=\"https:\/\/blogsaverroes.juntadeandalucia.es\/erasmuslarosaleda\/files\/2025\/06\/IMG-20250624-WA0024-239x300.jpg\" class=\"attachment-medium size-medium\" alt=\"\" srcset=\"https:\/\/blogsaverroes.juntadeandalucia.es\/erasmuslarosaleda\/files\/2025\/06\/IMG-20250624-WA0024-239x300.jpg 239w, https:\/\/blogsaverroes.juntadeandalucia.es\/erasmuslarosaleda\/files\/2025\/06\/IMG-20250624-WA0024-817x1024.jpg 817w, https:\/\/blogsaverroes.juntadeandalucia.es\/erasmuslarosaleda\/files\/2025\/06\/IMG-20250624-WA0024-768x963.jpg 768w, https:\/\/blogsaverroes.juntadeandalucia.es\/erasmuslarosaleda\/files\/2025\/06\/IMG-20250624-WA0024-1225x1536.jpg 1225w, https:\/\/blogsaverroes.juntadeandalucia.es\/erasmuslarosaleda\/files\/2025\/06\/IMG-20250624-WA0024.jpg 1276w\" sizes=\"(max-width: 239px) 100vw, 239px\" \/><\/a>\n\t\t\t<\/dt><\/dl><br style=\"clear: both\" \/><dl class='gallery-item'>\n\t\t\t<dt class='gallery-icon landscape'>\n\t\t\t\t<a href='https:\/\/blogsaverroes.juntadeandalucia.es\/erasmuslarosaleda\/2025\/06\/26\/me-voy-con-la-maleta-llena-de-recuerdos-maria-esther-en-portugal\/img-20250624-wa0022\/'><img loading=\"lazy\" decoding=\"async\" width=\"300\" height=\"239\" src=\"https:\/\/blogsaverroes.juntadeandalucia.es\/erasmuslarosaleda\/files\/2025\/06\/IMG-20250624-WA0022-300x239.jpg\" class=\"attachment-medium size-medium\" alt=\"\" srcset=\"https:\/\/blogsaverroes.juntadeandalucia.es\/erasmuslarosaleda\/files\/2025\/06\/IMG-20250624-WA0022-300x239.jpg 300w, https:\/\/blogsaverroes.juntadeandalucia.es\/erasmuslarosaleda\/files\/2025\/06\/IMG-20250624-WA0022-1024x817.jpg 1024w, https:\/\/blogsaverroes.juntadeandalucia.es\/erasmuslarosaleda\/files\/2025\/06\/IMG-20250624-WA0022-768x612.jpg 768w, https:\/\/blogsaverroes.juntadeandalucia.es\/erasmuslarosaleda\/files\/2025\/06\/IMG-20250624-WA0022-1536x1225.jpg 1536w, https:\/\/blogsaverroes.juntadeandalucia.es\/erasmuslarosaleda\/files\/2025\/06\/IMG-20250624-WA0022.jpg 1896w\" sizes=\"(max-width: 300px) 100vw, 300px\" \/><\/a>\n\t\t\t<\/dt><\/dl><dl class='gallery-item'>\n\t\t\t<dt class='gallery-icon landscape'>\n\t\t\t\t<a href='https:\/\/blogsaverroes.juntadeandalucia.es\/erasmuslarosaleda\/2025\/06\/26\/me-voy-con-la-maleta-llena-de-recuerdos-maria-esther-en-portugal\/img-20250624-wa0020\/'><img loading=\"lazy\" decoding=\"async\" width=\"300\" height=\"239\" src=\"https:\/\/blogsaverroes.juntadeandalucia.es\/erasmuslarosaleda\/files\/2025\/06\/IMG-20250624-WA0020-300x239.jpg\" class=\"attachment-medium size-medium\" alt=\"\" srcset=\"https:\/\/blogsaverroes.juntadeandalucia.es\/erasmuslarosaleda\/files\/2025\/06\/IMG-20250624-WA0020-300x239.jpg 300w, https:\/\/blogsaverroes.juntadeandalucia.es\/erasmuslarosaleda\/files\/2025\/06\/IMG-20250624-WA0020-1024x817.jpg 1024w, https:\/\/blogsaverroes.juntadeandalucia.es\/erasmuslarosaleda\/files\/2025\/06\/IMG-20250624-WA0020-768x612.jpg 768w, https:\/\/blogsaverroes.juntadeandalucia.es\/erasmuslarosaleda\/files\/2025\/06\/IMG-20250624-WA0020-1536x1225.jpg 1536w, https:\/\/blogsaverroes.juntadeandalucia.es\/erasmuslarosaleda\/files\/2025\/06\/IMG-20250624-WA0020.jpg 1600w\" sizes=\"(max-width: 300px) 100vw, 300px\" \/><\/a>\n\t\t\t<\/dt><\/dl><dl class='gallery-item'>\n\t\t\t<dt class='gallery-icon portrait'>\n\t\t\t\t<a href='https:\/\/blogsaverroes.juntadeandalucia.es\/erasmuslarosaleda\/2025\/06\/26\/me-voy-con-la-maleta-llena-de-recuerdos-maria-esther-en-portugal\/img-20250624-wa0026\/'><img loading=\"lazy\" decoding=\"async\" width=\"239\" height=\"300\" src=\"https:\/\/blogsaverroes.juntadeandalucia.es\/erasmuslarosaleda\/files\/2025\/06\/IMG-20250624-WA0026-239x300.jpg\" class=\"attachment-medium size-medium\" alt=\"\" srcset=\"https:\/\/blogsaverroes.juntadeandalucia.es\/erasmuslarosaleda\/files\/2025\/06\/IMG-20250624-WA0026-239x300.jpg 239w, https:\/\/blogsaverroes.juntadeandalucia.es\/erasmuslarosaleda\/files\/2025\/06\/IMG-20250624-WA0026-817x1024.jpg 817w, https:\/\/blogsaverroes.juntadeandalucia.es\/erasmuslarosaleda\/files\/2025\/06\/IMG-20250624-WA0026-768x963.jpg 768w, https:\/\/blogsaverroes.juntadeandalucia.es\/erasmuslarosaleda\/files\/2025\/06\/IMG-20250624-WA0026-1225x1536.jpg 1225w, https:\/\/blogsaverroes.juntadeandalucia.es\/erasmuslarosaleda\/files\/2025\/06\/IMG-20250624-WA0026.jpg 1276w\" sizes=\"(max-width: 239px) 100vw, 239px\" \/><\/a>\n\t\t\t<\/dt><\/dl><br style=\"clear: both\" \/><dl class='gallery-item'>\n\t\t\t<dt class='gallery-icon portrait'>\n\t\t\t\t<a href='https:\/\/blogsaverroes.juntadeandalucia.es\/erasmuslarosaleda\/2025\/06\/26\/me-voy-con-la-maleta-llena-de-recuerdos-maria-esther-en-portugal\/img-20250624-wa0023\/'><img loading=\"lazy\" decoding=\"async\" width=\"121\" height=\"300\" src=\"https:\/\/blogsaverroes.juntadeandalucia.es\/erasmuslarosaleda\/files\/2025\/06\/IMG-20250624-WA0023-121x300.jpg\" class=\"attachment-medium size-medium\" alt=\"\" srcset=\"https:\/\/blogsaverroes.juntadeandalucia.es\/erasmuslarosaleda\/files\/2025\/06\/IMG-20250624-WA0023-121x300.jpg 121w, https:\/\/blogsaverroes.juntadeandalucia.es\/erasmuslarosaleda\/files\/2025\/06\/IMG-20250624-WA0023-415x1024.jpg 415w, https:\/\/blogsaverroes.juntadeandalucia.es\/erasmuslarosaleda\/files\/2025\/06\/IMG-20250624-WA0023-622x1536.jpg 622w, https:\/\/blogsaverroes.juntadeandalucia.es\/erasmuslarosaleda\/files\/2025\/06\/IMG-20250624-WA0023.jpg 648w\" sizes=\"(max-width: 121px) 100vw, 121px\" \/><\/a>\n\t\t\t<\/dt><\/dl><dl class='gallery-item'>\n\t\t\t<dt class='gallery-icon portrait'>\n\t\t\t\t<a href='https:\/\/blogsaverroes.juntadeandalucia.es\/erasmuslarosaleda\/2025\/06\/26\/me-voy-con-la-maleta-llena-de-recuerdos-maria-esther-en-portugal\/img-20250624-wa0019\/'><img loading=\"lazy\" decoding=\"async\" width=\"225\" height=\"300\" src=\"https:\/\/blogsaverroes.juntadeandalucia.es\/erasmuslarosaleda\/files\/2025\/06\/IMG-20250624-WA0019-225x300.jpg\" class=\"attachment-medium size-medium\" alt=\"\" srcset=\"https:\/\/blogsaverroes.juntadeandalucia.es\/erasmuslarosaleda\/files\/2025\/06\/IMG-20250624-WA0019-225x300.jpg 225w, https:\/\/blogsaverroes.juntadeandalucia.es\/erasmuslarosaleda\/files\/2025\/06\/IMG-20250624-WA0019-768x1024.jpg 768w, https:\/\/blogsaverroes.juntadeandalucia.es\/erasmuslarosaleda\/files\/2025\/06\/IMG-20250624-WA0019-1152x1536.jpg 1152w, https:\/\/blogsaverroes.juntadeandalucia.es\/erasmuslarosaleda\/files\/2025\/06\/IMG-20250624-WA0019.jpg 1368w\" sizes=\"(max-width: 225px) 100vw, 225px\" \/><\/a>\n\t\t\t<\/dt><\/dl><dl class='gallery-item'>\n\t\t\t<dt class='gallery-icon landscape'>\n\t\t\t\t<a href='https:\/\/blogsaverroes.juntadeandalucia.es\/erasmuslarosaleda\/2025\/06\/26\/me-voy-con-la-maleta-llena-de-recuerdos-maria-esther-en-portugal\/img-20250624-wa0018\/'><img loading=\"lazy\" decoding=\"async\" width=\"300\" height=\"169\" src=\"https:\/\/blogsaverroes.juntadeandalucia.es\/erasmuslarosaleda\/files\/2025\/06\/IMG-20250624-WA0018-300x169.jpg\" class=\"attachment-medium size-medium\" alt=\"\" srcset=\"https:\/\/blogsaverroes.juntadeandalucia.es\/erasmuslarosaleda\/files\/2025\/06\/IMG-20250624-WA0018-300x169.jpg 300w, https:\/\/blogsaverroes.juntadeandalucia.es\/erasmuslarosaleda\/files\/2025\/06\/IMG-20250624-WA0018-1024x576.jpg 1024w, https:\/\/blogsaverroes.juntadeandalucia.es\/erasmuslarosaleda\/files\/2025\/06\/IMG-20250624-WA0018-768x432.jpg 768w, https:\/\/blogsaverroes.juntadeandalucia.es\/erasmuslarosaleda\/files\/2025\/06\/IMG-20250624-WA0018-1536x863.jpg 1536w, https:\/\/blogsaverroes.juntadeandalucia.es\/erasmuslarosaleda\/files\/2025\/06\/IMG-20250624-WA0018.jpg 1600w\" sizes=\"(max-width: 300px) 100vw, 300px\" \/><\/a>\n\t\t\t<\/dt><\/dl><br style=\"clear: both\" \/><dl class='gallery-item'>\n\t\t\t<dt class='gallery-icon portrait'>\n\t\t\t\t<a href='https:\/\/blogsaverroes.juntadeandalucia.es\/erasmuslarosaleda\/2025\/06\/26\/me-voy-con-la-maleta-llena-de-recuerdos-maria-esther-en-portugal\/img-20250624-wa0017\/'><img loading=\"lazy\" decoding=\"async\" width=\"169\" height=\"300\" src=\"https:\/\/blogsaverroes.juntadeandalucia.es\/erasmuslarosaleda\/files\/2025\/06\/IMG-20250624-WA0017-169x300.jpg\" class=\"attachment-medium size-medium\" alt=\"\" srcset=\"https:\/\/blogsaverroes.juntadeandalucia.es\/erasmuslarosaleda\/files\/2025\/06\/IMG-20250624-WA0017-169x300.jpg 169w, https:\/\/blogsaverroes.juntadeandalucia.es\/erasmuslarosaleda\/files\/2025\/06\/IMG-20250624-WA0017-576x1024.jpg 576w, https:\/\/blogsaverroes.juntadeandalucia.es\/erasmuslarosaleda\/files\/2025\/06\/IMG-20250624-WA0017-768x1365.jpg 768w, https:\/\/blogsaverroes.juntadeandalucia.es\/erasmuslarosaleda\/files\/2025\/06\/IMG-20250624-WA0017-864x1536.jpg 864w, https:\/\/blogsaverroes.juntadeandalucia.es\/erasmuslarosaleda\/files\/2025\/06\/IMG-20250624-WA0017.jpg 900w\" sizes=\"(max-width: 169px) 100vw, 169px\" \/><\/a>\n\t\t\t<\/dt><\/dl>\n\t\t\t<br style='clear: both' \/>\n\t\t<\/div>\n\n<p>&nbsp;<\/p>\n","protected":false},"excerpt":{"rendered":"<p>Desde la recta final de mi Erasmus escribo estas letras para dejar mis \u00faltimas experiencias y despedirme. Puedo evaluar esta experiencia como muy positiva, ha sido un sue\u00f1o cumplido, un reto de superaci\u00f3n personal y profesional que me ha ayudado a crecer. Considero que ha sido un a\u00f1o lleno de un aprendizaje cultural y formativo&#46;&#46;&#46;<\/p>\n","protected":false},"author":15282,"featured_media":6873,"comment_status":"open","ping_status":"open","sticky":false,"template":"","format":"standard","meta":{"_exactmetrics_skip_tracking":false,"_exactmetrics_sitenote_active":false,"_exactmetrics_sitenote_note":"","_exactmetrics_sitenote_category":0,"footnotes":""},"categories":[1545860],"tags":[1545978],"aioseo_notices":[],"_links":{"self":[{"href":"https:\/\/blogsaverroes.juntadeandalucia.es\/erasmuslarosaleda\/wp-json\/wp\/v2\/posts\/6868"}],"collection":[{"href":"https:\/\/blogsaverroes.juntadeandalucia.es\/erasmuslarosaleda\/wp-json\/wp\/v2\/posts"}],"about":[{"href":"https:\/\/blogsaverroes.juntadeandalucia.es\/erasmuslarosaleda\/wp-json\/wp\/v2\/types\/post"}],"author":[{"embeddable":true,"href":"https:\/\/blogsaverroes.juntadeandalucia.es\/erasmuslarosaleda\/wp-json\/wp\/v2\/users\/15282"}],"replies":[{"embeddable":true,"href":"https:\/\/blogsaverroes.juntadeandalucia.es\/erasmuslarosaleda\/wp-json\/wp\/v2\/comments?post=6868"}],"version-history":[{"count":1,"href":"https:\/\/blogsaverroes.juntadeandalucia.es\/erasmuslarosaleda\/wp-json\/wp\/v2\/posts\/6868\/revisions"}],"predecessor-version":[{"id":6879,"href":"https:\/\/blogsaverroes.juntadeandalucia.es\/erasmuslarosaleda\/wp-json\/wp\/v2\/posts\/6868\/revisions\/6879"}],"wp:featuredmedia":[{"embeddable":true,"href":"https:\/\/blogsaverroes.juntadeandalucia.es\/erasmuslarosaleda\/wp-json\/wp\/v2\/media\/6873"}],"wp:attachment":[{"href":"https:\/\/blogsaverroes.juntadeandalucia.es\/erasmuslarosaleda\/wp-json\/wp\/v2\/media?parent=6868"}],"wp:term":[{"taxonomy":"category","embeddable":true,"href":"https:\/\/blogsaverroes.juntadeandalucia.es\/erasmuslarosaleda\/wp-json\/wp\/v2\/categories?post=6868"},{"taxonomy":"post_tag","embeddable":true,"href":"https:\/\/blogsaverroes.juntadeandalucia.es\/erasmuslarosaleda\/wp-json\/wp\/v2\/tags?post=6868"}],"curies":[{"name":"wp","href":"https:\/\/api.w.org\/{rel}","templated":true}]}}