{"id":363,"date":"2025-05-21T11:42:29","date_gmt":"2025-05-21T11:42:29","guid":{"rendered":"https:\/\/blogsaverroes.juntadeandalucia.es\/erasmusplusposidonia\/?p=363"},"modified":"2025-05-21T11:44:55","modified_gmt":"2025-05-21T11:44:55","slug":"difusion-practicas-erasmus","status":"publish","type":"post","link":"https:\/\/blogsaverroes.juntadeandalucia.es\/erasmusplusposidonia\/2025\/05\/21\/difusion-practicas-erasmus\/","title":{"rendered":"DIFUSI\u00d3N PR\u00c1CTICAS ERASMUS+"},"content":{"rendered":"<p>Uno de los objetivos de nuestro programa Erasmus+ es la difusi\u00f3n de las actividades que hacemos para que tengan el mayor alcance posible.<\/p>\n<p>Adem\u00e1s de utilizar nuestras redes sociales, en esta ocasi\u00f3n la coordinadora del programa Erasmus+ de nuestro colegio (CEIP Posidonia), Raquel, estuvo el pasado jueves 15 de mayo de 2025 en el Centro de Profesorado de Almer\u00eda hablando sobre el biling\u00fcismo en nuestro centro. Daniel, el coordinador biling\u00fce de la provincia de Almer\u00eda nos invit\u00f3 amablemente a contar nuestra experiencia en el programa biling\u00fce y como no pod\u00eda ser de otra manera, no pudimos negarnos. Fue una reuni\u00f3n donde se concentraron coordinadores biling\u00fces de distintos colegios e institutos de la zona.<\/p>\n<p>Los temas tratados por Raquel fueron:<\/p>\n<ul>\n<li>Las bases del biling\u00fcismo en nuestro PLC (Proyecto Ling\u00fc\u00edstico de Centro) y en nuestro Proyecto Educativo.<\/li>\n<li>Coordinaci\u00f3n del profesorado biling\u00fce y actividades que realizamos.<\/li>\n<li>Grupos de trabajo y formaci\u00f3n en centros llevados a cabo en nuestro centro relacionados con el biling\u00fcismo y con la internacionalizaci\u00f3n.<\/li>\n<li>C\u00f3mo trabajamos con los\/as auxiliares de conversaci\u00f3n en nuestro colegio.<\/li>\n<li>Actividades para celebrar el D\u00eda de Las Lenguas y el D\u00eda de Europa<\/li>\n<li>C\u00f3mo gestionamos el programa Erasmus+ en el centro y actividades que hemos realizado.<\/li>\n<\/ul>\n<p>Fue una jornada interesante y productiva, dando a conocer entre otras cosas, todas las actividades que realizamos bajo el paraguas del Erasmus+.<\/p>\n<p><img fetchpriority=\"high\" decoding=\"async\" class=\"alignnone size-medium wp-image-364\" src=\"https:\/\/blogsaverroes.juntadeandalucia.es\/erasmusplusposidonia\/files\/2025\/05\/5ec618fa-3f46-4e59-bb85-3797b40603bc-300x225.jpg\" alt=\"\" width=\"300\" height=\"225\" srcset=\"https:\/\/blogsaverroes.juntadeandalucia.es\/erasmusplusposidonia\/files\/2025\/05\/5ec618fa-3f46-4e59-bb85-3797b40603bc-300x225.jpg 300w, https:\/\/blogsaverroes.juntadeandalucia.es\/erasmusplusposidonia\/files\/2025\/05\/5ec618fa-3f46-4e59-bb85-3797b40603bc-1024x768.jpg 1024w, https:\/\/blogsaverroes.juntadeandalucia.es\/erasmusplusposidonia\/files\/2025\/05\/5ec618fa-3f46-4e59-bb85-3797b40603bc-768x576.jpg 768w, https:\/\/blogsaverroes.juntadeandalucia.es\/erasmusplusposidonia\/files\/2025\/05\/5ec618fa-3f46-4e59-bb85-3797b40603bc-1536x1152.jpg 1536w, https:\/\/blogsaverroes.juntadeandalucia.es\/erasmusplusposidonia\/files\/2025\/05\/5ec618fa-3f46-4e59-bb85-3797b40603bc.jpg 1600w\" sizes=\"(max-width: 300px) 100vw, 300px\" \/> <img decoding=\"async\" class=\"alignnone size-medium wp-image-365\" src=\"https:\/\/blogsaverroes.juntadeandalucia.es\/erasmusplusposidonia\/files\/2025\/05\/7f400bdb-96f8-4535-b8cd-c3da18b9da7f-300x225.jpg\" alt=\"\" width=\"300\" height=\"225\" srcset=\"https:\/\/blogsaverroes.juntadeandalucia.es\/erasmusplusposidonia\/files\/2025\/05\/7f400bdb-96f8-4535-b8cd-c3da18b9da7f-300x225.jpg 300w, https:\/\/blogsaverroes.juntadeandalucia.es\/erasmusplusposidonia\/files\/2025\/05\/7f400bdb-96f8-4535-b8cd-c3da18b9da7f-1024x768.jpg 1024w, https:\/\/blogsaverroes.juntadeandalucia.es\/erasmusplusposidonia\/files\/2025\/05\/7f400bdb-96f8-4535-b8cd-c3da18b9da7f-768x576.jpg 768w, https:\/\/blogsaverroes.juntadeandalucia.es\/erasmusplusposidonia\/files\/2025\/05\/7f400bdb-96f8-4535-b8cd-c3da18b9da7f-1536x1152.jpg 1536w, https:\/\/blogsaverroes.juntadeandalucia.es\/erasmusplusposidonia\/files\/2025\/05\/7f400bdb-96f8-4535-b8cd-c3da18b9da7f.jpg 1600w\" sizes=\"(max-width: 300px) 100vw, 300px\" \/> <img decoding=\"async\" class=\"alignnone size-medium wp-image-366\" src=\"https:\/\/blogsaverroes.juntadeandalucia.es\/erasmusplusposidonia\/files\/2025\/05\/b92a3cdb-76ac-4a96-a57b-ddf230a7fb00-300x225.jpg\" alt=\"\" width=\"300\" height=\"225\" srcset=\"https:\/\/blogsaverroes.juntadeandalucia.es\/erasmusplusposidonia\/files\/2025\/05\/b92a3cdb-76ac-4a96-a57b-ddf230a7fb00-300x225.jpg 300w, https:\/\/blogsaverroes.juntadeandalucia.es\/erasmusplusposidonia\/files\/2025\/05\/b92a3cdb-76ac-4a96-a57b-ddf230a7fb00-1024x768.jpg 1024w, https:\/\/blogsaverroes.juntadeandalucia.es\/erasmusplusposidonia\/files\/2025\/05\/b92a3cdb-76ac-4a96-a57b-ddf230a7fb00-768x576.jpg 768w, https:\/\/blogsaverroes.juntadeandalucia.es\/erasmusplusposidonia\/files\/2025\/05\/b92a3cdb-76ac-4a96-a57b-ddf230a7fb00-1536x1152.jpg 1536w, https:\/\/blogsaverroes.juntadeandalucia.es\/erasmusplusposidonia\/files\/2025\/05\/b92a3cdb-76ac-4a96-a57b-ddf230a7fb00.jpg 1600w\" sizes=\"(max-width: 300px) 100vw, 300px\" \/><\/p>\n","protected":false},"excerpt":{"rendered":"<p>Uno de los objetivos de nuestro programa Erasmus+ es la difusi\u00f3n de las actividades que hacemos para que tengan el mayor alcance posible. Adem\u00e1s de utilizar nuestras redes sociales, en esta ocasi\u00f3n la coordinadora&#46;&#46;&#46;<\/p>\n","protected":false},"author":10709,"featured_media":366,"comment_status":"open","ping_status":"open","sticky":false,"template":"","format":"standard","meta":{"ngg_post_thumbnail":0,"footnotes":""},"categories":[1],"tags":[],"aioseo_notices":[],"_links":{"self":[{"href":"https:\/\/blogsaverroes.juntadeandalucia.es\/erasmusplusposidonia\/wp-json\/wp\/v2\/posts\/363"}],"collection":[{"href":"https:\/\/blogsaverroes.juntadeandalucia.es\/erasmusplusposidonia\/wp-json\/wp\/v2\/posts"}],"about":[{"href":"https:\/\/blogsaverroes.juntadeandalucia.es\/erasmusplusposidonia\/wp-json\/wp\/v2\/types\/post"}],"author":[{"embeddable":true,"href":"https:\/\/blogsaverroes.juntadeandalucia.es\/erasmusplusposidonia\/wp-json\/wp\/v2\/users\/10709"}],"replies":[{"embeddable":true,"href":"https:\/\/blogsaverroes.juntadeandalucia.es\/erasmusplusposidonia\/wp-json\/wp\/v2\/comments?post=363"}],"version-history":[{"count":2,"href":"https:\/\/blogsaverroes.juntadeandalucia.es\/erasmusplusposidonia\/wp-json\/wp\/v2\/posts\/363\/revisions"}],"predecessor-version":[{"id":368,"href":"https:\/\/blogsaverroes.juntadeandalucia.es\/erasmusplusposidonia\/wp-json\/wp\/v2\/posts\/363\/revisions\/368"}],"wp:featuredmedia":[{"embeddable":true,"href":"https:\/\/blogsaverroes.juntadeandalucia.es\/erasmusplusposidonia\/wp-json\/wp\/v2\/media\/366"}],"wp:attachment":[{"href":"https:\/\/blogsaverroes.juntadeandalucia.es\/erasmusplusposidonia\/wp-json\/wp\/v2\/media?parent=363"}],"wp:term":[{"taxonomy":"category","embeddable":true,"href":"https:\/\/blogsaverroes.juntadeandalucia.es\/erasmusplusposidonia\/wp-json\/wp\/v2\/categories?post=363"},{"taxonomy":"post_tag","embeddable":true,"href":"https:\/\/blogsaverroes.juntadeandalucia.es\/erasmusplusposidonia\/wp-json\/wp\/v2\/tags?post=363"}],"curies":[{"name":"wp","href":"https:\/\/api.w.org\/{rel}","templated":true}]}}