{"id":1746,"date":"2022-03-21T13:16:32","date_gmt":"2022-03-21T13:16:32","guid":{"rendered":"https:\/\/blogsaverroes.juntadeandalucia.es\/escuela\/?p=1746"},"modified":"2022-03-21T13:16:32","modified_gmt":"2022-03-21T13:16:32","slug":"hoy-21-de-marzo","status":"publish","type":"post","link":"https:\/\/blogsaverroes.juntadeandalucia.es\/escuela\/2022\/03\/21\/hoy-21-de-marzo\/","title":{"rendered":"HOY 21 DE MARZO"},"content":{"rendered":"<p>Hoy lunes 21 de Marzo celebramos el<strong> Dia del S\u00edndrome de Down<\/strong> y para ello hemos querido celebrarlo poni\u00e9ndonos un calcet\u00edn de cada color.<\/p>\n<p><img loading=\"lazy\" decoding=\"async\" class=\"alignnone size-medium wp-image-1747\" src=\"https:\/\/blogsaverroes.juntadeandalucia.es\/escuela\/files\/2022\/03\/WhatsApp-Image-2022-03-21-at-13.50.15-300x225.jpeg\" alt=\"\" width=\"300\" height=\"225\" srcset=\"https:\/\/blogsaverroes.juntadeandalucia.es\/escuela\/files\/2022\/03\/WhatsApp-Image-2022-03-21-at-13.50.15-300x225.jpeg 300w, https:\/\/blogsaverroes.juntadeandalucia.es\/escuela\/files\/2022\/03\/WhatsApp-Image-2022-03-21-at-13.50.15-1024x768.jpeg 1024w, https:\/\/blogsaverroes.juntadeandalucia.es\/escuela\/files\/2022\/03\/WhatsApp-Image-2022-03-21-at-13.50.15-768x576.jpeg 768w, https:\/\/blogsaverroes.juntadeandalucia.es\/escuela\/files\/2022\/03\/WhatsApp-Image-2022-03-21-at-13.50.15-700x525.jpeg 700w, https:\/\/blogsaverroes.juntadeandalucia.es\/escuela\/files\/2022\/03\/WhatsApp-Image-2022-03-21-at-13.50.15-332x249.jpeg 332w, https:\/\/blogsaverroes.juntadeandalucia.es\/escuela\/files\/2022\/03\/WhatsApp-Image-2022-03-21-at-13.50.15.jpeg 1504w\" sizes=\"(max-width: 300px) 100vw, 300px\" \/>&nbsp; <img loading=\"lazy\" decoding=\"async\" class=\"alignnone size-medium wp-image-1748\" src=\"https:\/\/blogsaverroes.juntadeandalucia.es\/escuela\/files\/2022\/03\/WhatsApp-Image-2022-03-21-at-13.50.15-1-248x300.jpeg\" alt=\"\" width=\"248\" height=\"300\" srcset=\"https:\/\/blogsaverroes.juntadeandalucia.es\/escuela\/files\/2022\/03\/WhatsApp-Image-2022-03-21-at-13.50.15-1-248x300.jpeg 248w, https:\/\/blogsaverroes.juntadeandalucia.es\/escuela\/files\/2022\/03\/WhatsApp-Image-2022-03-21-at-13.50.15-1-848x1024.jpeg 848w, https:\/\/blogsaverroes.juntadeandalucia.es\/escuela\/files\/2022\/03\/WhatsApp-Image-2022-03-21-at-13.50.15-1-768x927.jpeg 768w, https:\/\/blogsaverroes.juntadeandalucia.es\/escuela\/files\/2022\/03\/WhatsApp-Image-2022-03-21-at-13.50.15-1-700x845.jpeg 700w, https:\/\/blogsaverroes.juntadeandalucia.es\/escuela\/files\/2022\/03\/WhatsApp-Image-2022-03-21-at-13.50.15-1-332x401.jpeg 332w, https:\/\/blogsaverroes.juntadeandalucia.es\/escuela\/files\/2022\/03\/WhatsApp-Image-2022-03-21-at-13.50.15-1.jpeg 1128w\" sizes=\"(max-width: 248px) 100vw, 248px\" \/><\/p>\n<p>Va nuestro homenaje a nuestra compa\u00f1era Hidaya, te queremos mucho.<\/p>\n<p><img loading=\"lazy\" decoding=\"async\" class=\"alignnone size-medium wp-image-1749\" src=\"https:\/\/blogsaverroes.juntadeandalucia.es\/escuela\/files\/2022\/03\/WhatsApp-Image-2022-03-21-at-14.10.52-208x300.jpeg\" alt=\"\" width=\"208\" height=\"300\" srcset=\"https:\/\/blogsaverroes.juntadeandalucia.es\/escuela\/files\/2022\/03\/WhatsApp-Image-2022-03-21-at-14.10.52-208x300.jpeg 208w, https:\/\/blogsaverroes.juntadeandalucia.es\/escuela\/files\/2022\/03\/WhatsApp-Image-2022-03-21-at-14.10.52-709x1024.jpeg 709w, https:\/\/blogsaverroes.juntadeandalucia.es\/escuela\/files\/2022\/03\/WhatsApp-Image-2022-03-21-at-14.10.52-768x1109.jpeg 768w, https:\/\/blogsaverroes.juntadeandalucia.es\/escuela\/files\/2022\/03\/WhatsApp-Image-2022-03-21-at-14.10.52-1064x1536.jpeg 1064w, https:\/\/blogsaverroes.juntadeandalucia.es\/escuela\/files\/2022\/03\/WhatsApp-Image-2022-03-21-at-14.10.52-700x1011.jpeg 700w, https:\/\/blogsaverroes.juntadeandalucia.es\/escuela\/files\/2022\/03\/WhatsApp-Image-2022-03-21-at-14.10.52-332x479.jpeg 332w, https:\/\/blogsaverroes.juntadeandalucia.es\/escuela\/files\/2022\/03\/WhatsApp-Image-2022-03-21-at-14.10.52.jpeg 1108w\" sizes=\"(max-width: 208px) 100vw, 208px\" \/><\/p>\n<p>Y hemos estado entre otras actividades pintando tambi\u00e9n, ya ha entrado la Primavera y ellos con muchos colores la han estado dibujando en folios.<\/p>\n<p><img loading=\"lazy\" decoding=\"async\" class=\"alignnone size-medium wp-image-1750\" src=\"https:\/\/blogsaverroes.juntadeandalucia.es\/escuela\/files\/2022\/03\/WhatsApp-Image-2022-03-21-at-13.51.31-300x225.jpeg\" alt=\"\" width=\"300\" height=\"225\" srcset=\"https:\/\/blogsaverroes.juntadeandalucia.es\/escuela\/files\/2022\/03\/WhatsApp-Image-2022-03-21-at-13.51.31-300x225.jpeg 300w, https:\/\/blogsaverroes.juntadeandalucia.es\/escuela\/files\/2022\/03\/WhatsApp-Image-2022-03-21-at-13.51.31-1024x768.jpeg 1024w, https:\/\/blogsaverroes.juntadeandalucia.es\/escuela\/files\/2022\/03\/WhatsApp-Image-2022-03-21-at-13.51.31-768x576.jpeg 768w, https:\/\/blogsaverroes.juntadeandalucia.es\/escuela\/files\/2022\/03\/WhatsApp-Image-2022-03-21-at-13.51.31-1536x1152.jpeg 1536w, https:\/\/blogsaverroes.juntadeandalucia.es\/escuela\/files\/2022\/03\/WhatsApp-Image-2022-03-21-at-13.51.31-700x525.jpeg 700w, https:\/\/blogsaverroes.juntadeandalucia.es\/escuela\/files\/2022\/03\/WhatsApp-Image-2022-03-21-at-13.51.31-332x249.jpeg 332w, https:\/\/blogsaverroes.juntadeandalucia.es\/escuela\/files\/2022\/03\/WhatsApp-Image-2022-03-21-at-13.51.31.jpeg 1600w\" sizes=\"(max-width: 300px) 100vw, 300px\" \/>&nbsp; <img loading=\"lazy\" decoding=\"async\" class=\"alignnone size-medium wp-image-1751\" src=\"https:\/\/blogsaverroes.juntadeandalucia.es\/escuela\/files\/2022\/03\/WhatsApp-Image-2022-03-21-at-13.51.32-300x225.jpeg\" alt=\"\" width=\"300\" height=\"225\" srcset=\"https:\/\/blogsaverroes.juntadeandalucia.es\/escuela\/files\/2022\/03\/WhatsApp-Image-2022-03-21-at-13.51.32-300x225.jpeg 300w, https:\/\/blogsaverroes.juntadeandalucia.es\/escuela\/files\/2022\/03\/WhatsApp-Image-2022-03-21-at-13.51.32-1024x768.jpeg 1024w, https:\/\/blogsaverroes.juntadeandalucia.es\/escuela\/files\/2022\/03\/WhatsApp-Image-2022-03-21-at-13.51.32-768x576.jpeg 768w, https:\/\/blogsaverroes.juntadeandalucia.es\/escuela\/files\/2022\/03\/WhatsApp-Image-2022-03-21-at-13.51.32-1536x1152.jpeg 1536w, https:\/\/blogsaverroes.juntadeandalucia.es\/escuela\/files\/2022\/03\/WhatsApp-Image-2022-03-21-at-13.51.32-700x525.jpeg 700w, https:\/\/blogsaverroes.juntadeandalucia.es\/escuela\/files\/2022\/03\/WhatsApp-Image-2022-03-21-at-13.51.32-332x249.jpeg 332w, https:\/\/blogsaverroes.juntadeandalucia.es\/escuela\/files\/2022\/03\/WhatsApp-Image-2022-03-21-at-13.51.32.jpeg 1600w\" sizes=\"(max-width: 300px) 100vw, 300px\" \/><\/p>\n<p>&nbsp;<\/p>\n","protected":false},"excerpt":{"rendered":"<p>Hoy lunes 21 de Marzo celebramos el Dia del S\u00edndrome de Down y para ello hemos querido celebrarlo poni\u00e9ndonos un calcet\u00edn de cada color. &nbsp; Va nuestro homenaje a nuestra compa\u00f1era Hidaya, te queremos&#46;&#46;&#46;<\/p>\n","protected":false},"author":11843,"featured_media":0,"comment_status":"open","ping_status":"open","sticky":false,"template":"","format":"standard","meta":{"ngg_post_thumbnail":0,"footnotes":""},"categories":[1],"tags":[],"aioseo_notices":[],"_links":{"self":[{"href":"https:\/\/blogsaverroes.juntadeandalucia.es\/escuela\/wp-json\/wp\/v2\/posts\/1746"}],"collection":[{"href":"https:\/\/blogsaverroes.juntadeandalucia.es\/escuela\/wp-json\/wp\/v2\/posts"}],"about":[{"href":"https:\/\/blogsaverroes.juntadeandalucia.es\/escuela\/wp-json\/wp\/v2\/types\/post"}],"author":[{"embeddable":true,"href":"https:\/\/blogsaverroes.juntadeandalucia.es\/escuela\/wp-json\/wp\/v2\/users\/11843"}],"replies":[{"embeddable":true,"href":"https:\/\/blogsaverroes.juntadeandalucia.es\/escuela\/wp-json\/wp\/v2\/comments?post=1746"}],"version-history":[{"count":1,"href":"https:\/\/blogsaverroes.juntadeandalucia.es\/escuela\/wp-json\/wp\/v2\/posts\/1746\/revisions"}],"predecessor-version":[{"id":1752,"href":"https:\/\/blogsaverroes.juntadeandalucia.es\/escuela\/wp-json\/wp\/v2\/posts\/1746\/revisions\/1752"}],"wp:attachment":[{"href":"https:\/\/blogsaverroes.juntadeandalucia.es\/escuela\/wp-json\/wp\/v2\/media?parent=1746"}],"wp:term":[{"taxonomy":"category","embeddable":true,"href":"https:\/\/blogsaverroes.juntadeandalucia.es\/escuela\/wp-json\/wp\/v2\/categories?post=1746"},{"taxonomy":"post_tag","embeddable":true,"href":"https:\/\/blogsaverroes.juntadeandalucia.es\/escuela\/wp-json\/wp\/v2\/tags?post=1746"}],"curies":[{"name":"wp","href":"https:\/\/api.w.org\/{rel}","templated":true}]}}