{"id":696,"date":"2021-10-13T12:17:42","date_gmt":"2021-10-13T12:17:42","guid":{"rendered":"https:\/\/blogsaverroes.juntadeandalucia.es\/escuela\/?p=696"},"modified":"2021-10-13T12:17:42","modified_gmt":"2021-10-13T12:17:42","slug":"hoy-13-de-octubre","status":"publish","type":"post","link":"https:\/\/blogsaverroes.juntadeandalucia.es\/escuela\/2021\/10\/13\/hoy-13-de-octubre\/","title":{"rendered":"HOY 13 DE OCTUBRE"},"content":{"rendered":"<p>Mi\u00e9rcoles para empezar hablamos en <strong>la Asamblea del Oto\u00f1o<\/strong> y de todo lo relacionado con esta estaci\u00f3n para as\u00ed ver y tocar todo lo que hoy nos han tra\u00eddo los ni\u00f1os para que veamos en clase como son pi\u00f1as, hojas de los arboles, frutas como Caqui y bellotas, muchas gracias a los padres y a ellos por colaborar y aportar para la clase estos productos.&nbsp;<\/p>\n<p><img loading=\"lazy\" decoding=\"async\" class=\"alignnone size-medium wp-image-697\" src=\"https:\/\/blogsaverroes.juntadeandalucia.es\/escuela\/files\/2021\/10\/WhatsApp-Image-2021-10-13-at-14.03.37-300x186.jpeg\" alt=\"\" width=\"300\" height=\"186\" srcset=\"https:\/\/blogsaverroes.juntadeandalucia.es\/escuela\/files\/2021\/10\/WhatsApp-Image-2021-10-13-at-14.03.37-300x186.jpeg 300w, https:\/\/blogsaverroes.juntadeandalucia.es\/escuela\/files\/2021\/10\/WhatsApp-Image-2021-10-13-at-14.03.37-1024x633.jpeg 1024w, https:\/\/blogsaverroes.juntadeandalucia.es\/escuela\/files\/2021\/10\/WhatsApp-Image-2021-10-13-at-14.03.37-768x475.jpeg 768w, https:\/\/blogsaverroes.juntadeandalucia.es\/escuela\/files\/2021\/10\/WhatsApp-Image-2021-10-13-at-14.03.37-700x433.jpeg 700w, https:\/\/blogsaverroes.juntadeandalucia.es\/escuela\/files\/2021\/10\/WhatsApp-Image-2021-10-13-at-14.03.37-332x205.jpeg 332w, https:\/\/blogsaverroes.juntadeandalucia.es\/escuela\/files\/2021\/10\/WhatsApp-Image-2021-10-13-at-14.03.37.jpeg 1484w\" sizes=\"(max-width: 300px) 100vw, 300px\" \/>&nbsp; <img loading=\"lazy\" decoding=\"async\" class=\"alignnone size-medium wp-image-698\" src=\"https:\/\/blogsaverroes.juntadeandalucia.es\/escuela\/files\/2021\/10\/WhatsApp-Image-2021-10-13-at-14.03.37-1-246x300.jpeg\" alt=\"\" width=\"246\" height=\"300\" srcset=\"https:\/\/blogsaverroes.juntadeandalucia.es\/escuela\/files\/2021\/10\/WhatsApp-Image-2021-10-13-at-14.03.37-1-246x300.jpeg 246w, https:\/\/blogsaverroes.juntadeandalucia.es\/escuela\/files\/2021\/10\/WhatsApp-Image-2021-10-13-at-14.03.37-1-841x1024.jpeg 841w, https:\/\/blogsaverroes.juntadeandalucia.es\/escuela\/files\/2021\/10\/WhatsApp-Image-2021-10-13-at-14.03.37-1-768x935.jpeg 768w, https:\/\/blogsaverroes.juntadeandalucia.es\/escuela\/files\/2021\/10\/WhatsApp-Image-2021-10-13-at-14.03.37-1-700x853.jpeg 700w, https:\/\/blogsaverroes.juntadeandalucia.es\/escuela\/files\/2021\/10\/WhatsApp-Image-2021-10-13-at-14.03.37-1-332x404.jpeg 332w, https:\/\/blogsaverroes.juntadeandalucia.es\/escuela\/files\/2021\/10\/WhatsApp-Image-2021-10-13-at-14.03.37-1.jpeg 1128w\" sizes=\"(max-width: 246px) 100vw, 246px\" \/><\/p>\n<p><img loading=\"lazy\" decoding=\"async\" class=\"alignnone size-medium wp-image-699\" src=\"https:\/\/blogsaverroes.juntadeandalucia.es\/escuela\/files\/2021\/10\/WhatsApp-Image-2021-10-13-at-14.03.36-300x199.jpeg\" alt=\"\" width=\"300\" height=\"199\" srcset=\"https:\/\/blogsaverroes.juntadeandalucia.es\/escuela\/files\/2021\/10\/WhatsApp-Image-2021-10-13-at-14.03.36-300x199.jpeg 300w, https:\/\/blogsaverroes.juntadeandalucia.es\/escuela\/files\/2021\/10\/WhatsApp-Image-2021-10-13-at-14.03.36-1024x681.jpeg 1024w, https:\/\/blogsaverroes.juntadeandalucia.es\/escuela\/files\/2021\/10\/WhatsApp-Image-2021-10-13-at-14.03.36-768x511.jpeg 768w, https:\/\/blogsaverroes.juntadeandalucia.es\/escuela\/files\/2021\/10\/WhatsApp-Image-2021-10-13-at-14.03.36-700x465.jpeg 700w, https:\/\/blogsaverroes.juntadeandalucia.es\/escuela\/files\/2021\/10\/WhatsApp-Image-2021-10-13-at-14.03.36-332x221.jpeg 332w, https:\/\/blogsaverroes.juntadeandalucia.es\/escuela\/files\/2021\/10\/WhatsApp-Image-2021-10-13-at-14.03.36.jpeg 1504w\" sizes=\"(max-width: 300px) 100vw, 300px\" \/>&nbsp; <img loading=\"lazy\" decoding=\"async\" class=\"alignnone size-medium wp-image-700\" src=\"https:\/\/blogsaverroes.juntadeandalucia.es\/escuela\/files\/2021\/10\/WhatsApp-Image-2021-10-13-at-14.03.37-2-300x225.jpeg\" alt=\"\" width=\"300\" height=\"225\" srcset=\"https:\/\/blogsaverroes.juntadeandalucia.es\/escuela\/files\/2021\/10\/WhatsApp-Image-2021-10-13-at-14.03.37-2-300x225.jpeg 300w, https:\/\/blogsaverroes.juntadeandalucia.es\/escuela\/files\/2021\/10\/WhatsApp-Image-2021-10-13-at-14.03.37-2-1024x768.jpeg 1024w, https:\/\/blogsaverroes.juntadeandalucia.es\/escuela\/files\/2021\/10\/WhatsApp-Image-2021-10-13-at-14.03.37-2-768x576.jpeg 768w, https:\/\/blogsaverroes.juntadeandalucia.es\/escuela\/files\/2021\/10\/WhatsApp-Image-2021-10-13-at-14.03.37-2-700x525.jpeg 700w, https:\/\/blogsaverroes.juntadeandalucia.es\/escuela\/files\/2021\/10\/WhatsApp-Image-2021-10-13-at-14.03.37-2-332x249.jpeg 332w, https:\/\/blogsaverroes.juntadeandalucia.es\/escuela\/files\/2021\/10\/WhatsApp-Image-2021-10-13-at-14.03.37-2.jpeg 1504w\" sizes=\"(max-width: 300px) 100vw, 300px\" \/><\/p>\n<p>Seguiremos con este taller y montaremos un rinc\u00f3n en clase relacionado con el OTO\u00d1O.<\/p>\n","protected":false},"excerpt":{"rendered":"<p>Mi\u00e9rcoles para empezar hablamos en la Asamblea del Oto\u00f1o y de todo lo relacionado con esta estaci\u00f3n para as\u00ed ver y tocar todo lo que hoy nos han tra\u00eddo los ni\u00f1os para que veamos&#46;&#46;&#46;<\/p>\n","protected":false},"author":11843,"featured_media":0,"comment_status":"open","ping_status":"open","sticky":false,"template":"","format":"standard","meta":{"ngg_post_thumbnail":0,"footnotes":""},"categories":[1],"tags":[],"aioseo_notices":[],"_links":{"self":[{"href":"https:\/\/blogsaverroes.juntadeandalucia.es\/escuela\/wp-json\/wp\/v2\/posts\/696"}],"collection":[{"href":"https:\/\/blogsaverroes.juntadeandalucia.es\/escuela\/wp-json\/wp\/v2\/posts"}],"about":[{"href":"https:\/\/blogsaverroes.juntadeandalucia.es\/escuela\/wp-json\/wp\/v2\/types\/post"}],"author":[{"embeddable":true,"href":"https:\/\/blogsaverroes.juntadeandalucia.es\/escuela\/wp-json\/wp\/v2\/users\/11843"}],"replies":[{"embeddable":true,"href":"https:\/\/blogsaverroes.juntadeandalucia.es\/escuela\/wp-json\/wp\/v2\/comments?post=696"}],"version-history":[{"count":1,"href":"https:\/\/blogsaverroes.juntadeandalucia.es\/escuela\/wp-json\/wp\/v2\/posts\/696\/revisions"}],"predecessor-version":[{"id":701,"href":"https:\/\/blogsaverroes.juntadeandalucia.es\/escuela\/wp-json\/wp\/v2\/posts\/696\/revisions\/701"}],"wp:attachment":[{"href":"https:\/\/blogsaverroes.juntadeandalucia.es\/escuela\/wp-json\/wp\/v2\/media?parent=696"}],"wp:term":[{"taxonomy":"category","embeddable":true,"href":"https:\/\/blogsaverroes.juntadeandalucia.es\/escuela\/wp-json\/wp\/v2\/categories?post=696"},{"taxonomy":"post_tag","embeddable":true,"href":"https:\/\/blogsaverroes.juntadeandalucia.es\/escuela\/wp-json\/wp\/v2\/tags?post=696"}],"curies":[{"name":"wp","href":"https:\/\/api.w.org\/{rel}","templated":true}]}}