{"id":198,"date":"2021-05-24T12:10:05","date_gmt":"2021-05-24T12:10:05","guid":{"rendered":"https:\/\/blogsaverroes.juntadeandalucia.es\/escuela2\/?p=198"},"modified":"2021-05-24T12:10:05","modified_gmt":"2021-05-24T12:10:05","slug":"hoy-24-de-mayo","status":"publish","type":"post","link":"https:\/\/blogsaverroes.juntadeandalucia.es\/escuela2\/2021\/05\/24\/hoy-24-de-mayo\/","title":{"rendered":"HOY 24 de MAYO"},"content":{"rendered":"<p><span style=\"font-size: 14pt\">Hemos celebrado el cumplea\u00f1os de MARCO,cantandole y ayudandolo a soplar las velas. YA 2 A\u00d1OS!!<\/span><\/p>\n<p><img loading=\"lazy\" decoding=\"async\" class=\"alignnone size-medium wp-image-200\" src=\"https:\/\/blogsaverroes.juntadeandalucia.es\/escuela2\/files\/2021\/05\/34ea518a-cb91-4007-8a89-dba9fbb3d83d-1-263x300.jpg\" alt=\"\" width=\"263\" height=\"300\" srcset=\"https:\/\/blogsaverroes.juntadeandalucia.es\/escuela2\/files\/2021\/05\/34ea518a-cb91-4007-8a89-dba9fbb3d83d-1-263x300.jpg 263w, https:\/\/blogsaverroes.juntadeandalucia.es\/escuela2\/files\/2021\/05\/34ea518a-cb91-4007-8a89-dba9fbb3d83d-1-897x1024.jpg 897w, https:\/\/blogsaverroes.juntadeandalucia.es\/escuela2\/files\/2021\/05\/34ea518a-cb91-4007-8a89-dba9fbb3d83d-1-768x877.jpg 768w, https:\/\/blogsaverroes.juntadeandalucia.es\/escuela2\/files\/2021\/05\/34ea518a-cb91-4007-8a89-dba9fbb3d83d-1-1345x1536.jpg 1345w, https:\/\/blogsaverroes.juntadeandalucia.es\/escuela2\/files\/2021\/05\/34ea518a-cb91-4007-8a89-dba9fbb3d83d-1-700x799.jpg 700w, https:\/\/blogsaverroes.juntadeandalucia.es\/escuela2\/files\/2021\/05\/34ea518a-cb91-4007-8a89-dba9fbb3d83d-1-332x379.jpg 332w, https:\/\/blogsaverroes.juntadeandalucia.es\/escuela2\/files\/2021\/05\/34ea518a-cb91-4007-8a89-dba9fbb3d83d-1.jpg 1697w\" sizes=\"(max-width: 263px) 100vw, 263px\" \/>&nbsp; &nbsp; <img loading=\"lazy\" decoding=\"async\" class=\"alignnone size-medium wp-image-201\" src=\"https:\/\/blogsaverroes.juntadeandalucia.es\/escuela2\/files\/2021\/05\/ad75d38c-438c-4892-9e32-3f04cb8db240-1-300x186.jpg\" alt=\"\" width=\"300\" height=\"186\" srcset=\"https:\/\/blogsaverroes.juntadeandalucia.es\/escuela2\/files\/2021\/05\/ad75d38c-438c-4892-9e32-3f04cb8db240-1-300x186.jpg 300w, https:\/\/blogsaverroes.juntadeandalucia.es\/escuela2\/files\/2021\/05\/ad75d38c-438c-4892-9e32-3f04cb8db240-1-1024x636.jpg 1024w, https:\/\/blogsaverroes.juntadeandalucia.es\/escuela2\/files\/2021\/05\/ad75d38c-438c-4892-9e32-3f04cb8db240-1-768x477.jpg 768w, https:\/\/blogsaverroes.juntadeandalucia.es\/escuela2\/files\/2021\/05\/ad75d38c-438c-4892-9e32-3f04cb8db240-1-1536x953.jpg 1536w, https:\/\/blogsaverroes.juntadeandalucia.es\/escuela2\/files\/2021\/05\/ad75d38c-438c-4892-9e32-3f04cb8db240-1-700x434.jpg 700w, https:\/\/blogsaverroes.juntadeandalucia.es\/escuela2\/files\/2021\/05\/ad75d38c-438c-4892-9e32-3f04cb8db240-1-332x206.jpg 332w, https:\/\/blogsaverroes.juntadeandalucia.es\/escuela2\/files\/2021\/05\/ad75d38c-438c-4892-9e32-3f04cb8db240-1.jpg 2048w\" sizes=\"(max-width: 300px) 100vw, 300px\" \/><\/p>\n<p>Adem\u00e1 hemos estado trabajando la emoci\u00f3n de la&nbsp; alegr\u00eda con el \u00abmounstruo de los colores\u00bb en este caso el de color amarillo.Durante la asamblea se ha presentado explicando esta emoci\u00f3n ,haciendo preguntas; de que color es?,est\u00e1 suave?,est\u00e1 blandito?tiene patas???,lo pasamos para todo aquel que lo quisiera coger y tocar.<\/p>\n<p><img loading=\"lazy\" decoding=\"async\" class=\"alignnone size-medium wp-image-202\" src=\"https:\/\/blogsaverroes.juntadeandalucia.es\/escuela2\/files\/2021\/05\/fde627c9-6bfe-4362-be95-edb2bb02b3dd-300x169.jpg\" alt=\"\" width=\"300\" height=\"169\" srcset=\"https:\/\/blogsaverroes.juntadeandalucia.es\/escuela2\/files\/2021\/05\/fde627c9-6bfe-4362-be95-edb2bb02b3dd-300x169.jpg 300w, https:\/\/blogsaverroes.juntadeandalucia.es\/escuela2\/files\/2021\/05\/fde627c9-6bfe-4362-be95-edb2bb02b3dd-1024x576.jpg 1024w, https:\/\/blogsaverroes.juntadeandalucia.es\/escuela2\/files\/2021\/05\/fde627c9-6bfe-4362-be95-edb2bb02b3dd-768x432.jpg 768w, https:\/\/blogsaverroes.juntadeandalucia.es\/escuela2\/files\/2021\/05\/fde627c9-6bfe-4362-be95-edb2bb02b3dd-1536x864.jpg 1536w, https:\/\/blogsaverroes.juntadeandalucia.es\/escuela2\/files\/2021\/05\/fde627c9-6bfe-4362-be95-edb2bb02b3dd-700x393.jpg 700w, https:\/\/blogsaverroes.juntadeandalucia.es\/escuela2\/files\/2021\/05\/fde627c9-6bfe-4362-be95-edb2bb02b3dd-332x187.jpg 332w, https:\/\/blogsaverroes.juntadeandalucia.es\/escuela2\/files\/2021\/05\/fde627c9-6bfe-4362-be95-edb2bb02b3dd.jpg 1600w\" sizes=\"(max-width: 300px) 100vw, 300px\" \/>&nbsp; &nbsp;<\/p>\n<p>VAMOS CON LA ALEGR\u00cdA!!!!!<\/p>\n<p>&nbsp;<\/p>\n","protected":false},"excerpt":{"rendered":"<p>Hemos celebrado el cumplea\u00f1os de MARCO,cantandole y ayudandolo a soplar las velas. YA 2 A\u00d1OS!! &nbsp; &nbsp; Adem\u00e1 hemos estado trabajando la emoci\u00f3n de la&nbsp; alegr\u00eda con el \u00abmounstruo de los colores\u00bb en este&#46;&#46;&#46;<\/p>\n","protected":false},"author":11885,"featured_media":0,"comment_status":"open","ping_status":"open","sticky":false,"template":"","format":"standard","meta":{"ngg_post_thumbnail":0,"footnotes":""},"categories":[1],"tags":[],"aioseo_notices":[],"_links":{"self":[{"href":"https:\/\/blogsaverroes.juntadeandalucia.es\/escuela2\/wp-json\/wp\/v2\/posts\/198"}],"collection":[{"href":"https:\/\/blogsaverroes.juntadeandalucia.es\/escuela2\/wp-json\/wp\/v2\/posts"}],"about":[{"href":"https:\/\/blogsaverroes.juntadeandalucia.es\/escuela2\/wp-json\/wp\/v2\/types\/post"}],"author":[{"embeddable":true,"href":"https:\/\/blogsaverroes.juntadeandalucia.es\/escuela2\/wp-json\/wp\/v2\/users\/11885"}],"replies":[{"embeddable":true,"href":"https:\/\/blogsaverroes.juntadeandalucia.es\/escuela2\/wp-json\/wp\/v2\/comments?post=198"}],"version-history":[{"count":2,"href":"https:\/\/blogsaverroes.juntadeandalucia.es\/escuela2\/wp-json\/wp\/v2\/posts\/198\/revisions"}],"predecessor-version":[{"id":203,"href":"https:\/\/blogsaverroes.juntadeandalucia.es\/escuela2\/wp-json\/wp\/v2\/posts\/198\/revisions\/203"}],"wp:attachment":[{"href":"https:\/\/blogsaverroes.juntadeandalucia.es\/escuela2\/wp-json\/wp\/v2\/media?parent=198"}],"wp:term":[{"taxonomy":"category","embeddable":true,"href":"https:\/\/blogsaverroes.juntadeandalucia.es\/escuela2\/wp-json\/wp\/v2\/categories?post=198"},{"taxonomy":"post_tag","embeddable":true,"href":"https:\/\/blogsaverroes.juntadeandalucia.es\/escuela2\/wp-json\/wp\/v2\/tags?post=198"}],"curies":[{"name":"wp","href":"https:\/\/api.w.org\/{rel}","templated":true}]}}