{"id":3431,"date":"2023-03-20T14:01:02","date_gmt":"2023-03-20T14:01:02","guid":{"rendered":"https:\/\/blogsaverroes.juntadeandalucia.es\/escuela2\/?p=3431"},"modified":"2023-03-20T14:01:02","modified_gmt":"2023-03-20T14:01:02","slug":"20-de-marzo","status":"publish","type":"post","link":"https:\/\/blogsaverroes.juntadeandalucia.es\/escuela2\/2023\/03\/20\/20-de-marzo\/","title":{"rendered":"20 de Marzo"},"content":{"rendered":"<p>Celebramos el cumplea\u00f1os de Juan, decora su corona y sopla sus velas.<\/p>\n<p><img loading=\"lazy\" decoding=\"async\" class=\"alignnone size-medium wp-image-3432\" src=\"https:\/\/blogsaverroes.juntadeandalucia.es\/escuela2\/files\/2023\/03\/IMG-20230320-WA0007-225x300.jpg\" alt=\"\" width=\"225\" height=\"300\" srcset=\"https:\/\/blogsaverroes.juntadeandalucia.es\/escuela2\/files\/2023\/03\/IMG-20230320-WA0007-225x300.jpg 225w, https:\/\/blogsaverroes.juntadeandalucia.es\/escuela2\/files\/2023\/03\/IMG-20230320-WA0007-768x1024.jpg 768w, https:\/\/blogsaverroes.juntadeandalucia.es\/escuela2\/files\/2023\/03\/IMG-20230320-WA0007-1152x1536.jpg 1152w, https:\/\/blogsaverroes.juntadeandalucia.es\/escuela2\/files\/2023\/03\/IMG-20230320-WA0007-700x933.jpg 700w, https:\/\/blogsaverroes.juntadeandalucia.es\/escuela2\/files\/2023\/03\/IMG-20230320-WA0007-332x443.jpg 332w, https:\/\/blogsaverroes.juntadeandalucia.es\/escuela2\/files\/2023\/03\/IMG-20230320-WA0007.jpg 1200w\" sizes=\"(max-width: 225px) 100vw, 225px\" \/> <img loading=\"lazy\" decoding=\"async\" class=\"alignnone size-medium wp-image-3433\" src=\"https:\/\/blogsaverroes.juntadeandalucia.es\/escuela2\/files\/2023\/03\/IMG-20230320-WA0009-225x300.jpg\" alt=\"\" width=\"225\" height=\"300\" srcset=\"https:\/\/blogsaverroes.juntadeandalucia.es\/escuela2\/files\/2023\/03\/IMG-20230320-WA0009-225x300.jpg 225w, https:\/\/blogsaverroes.juntadeandalucia.es\/escuela2\/files\/2023\/03\/IMG-20230320-WA0009-768x1024.jpg 768w, https:\/\/blogsaverroes.juntadeandalucia.es\/escuela2\/files\/2023\/03\/IMG-20230320-WA0009-1152x1536.jpg 1152w, https:\/\/blogsaverroes.juntadeandalucia.es\/escuela2\/files\/2023\/03\/IMG-20230320-WA0009-700x933.jpg 700w, https:\/\/blogsaverroes.juntadeandalucia.es\/escuela2\/files\/2023\/03\/IMG-20230320-WA0009-332x443.jpg 332w, https:\/\/blogsaverroes.juntadeandalucia.es\/escuela2\/files\/2023\/03\/IMG-20230320-WA0009.jpg 1200w\" sizes=\"(max-width: 225px) 100vw, 225px\" \/> <img loading=\"lazy\" decoding=\"async\" class=\"alignnone size-medium wp-image-3434\" src=\"https:\/\/blogsaverroes.juntadeandalucia.es\/escuela2\/files\/2023\/03\/IMG-20230320-WA0008-225x300.jpg\" alt=\"\" width=\"225\" height=\"300\" srcset=\"https:\/\/blogsaverroes.juntadeandalucia.es\/escuela2\/files\/2023\/03\/IMG-20230320-WA0008-225x300.jpg 225w, https:\/\/blogsaverroes.juntadeandalucia.es\/escuela2\/files\/2023\/03\/IMG-20230320-WA0008-768x1024.jpg 768w, https:\/\/blogsaverroes.juntadeandalucia.es\/escuela2\/files\/2023\/03\/IMG-20230320-WA0008-1152x1536.jpg 1152w, https:\/\/blogsaverroes.juntadeandalucia.es\/escuela2\/files\/2023\/03\/IMG-20230320-WA0008-700x933.jpg 700w, https:\/\/blogsaverroes.juntadeandalucia.es\/escuela2\/files\/2023\/03\/IMG-20230320-WA0008-332x443.jpg 332w, https:\/\/blogsaverroes.juntadeandalucia.es\/escuela2\/files\/2023\/03\/IMG-20230320-WA0008.jpg 1200w\" sizes=\"(max-width: 225px) 100vw, 225px\" \/><\/p>\n<p><img loading=\"lazy\" decoding=\"async\" class=\"alignnone size-medium wp-image-3435\" src=\"https:\/\/blogsaverroes.juntadeandalucia.es\/escuela2\/files\/2023\/03\/IMG-20230320-WA0006-200x300.jpg\" alt=\"\" width=\"200\" height=\"300\" srcset=\"https:\/\/blogsaverroes.juntadeandalucia.es\/escuela2\/files\/2023\/03\/IMG-20230320-WA0006-200x300.jpg 200w, https:\/\/blogsaverroes.juntadeandalucia.es\/escuela2\/files\/2023\/03\/IMG-20230320-WA0006-682x1024.jpg 682w, https:\/\/blogsaverroes.juntadeandalucia.es\/escuela2\/files\/2023\/03\/IMG-20230320-WA0006-768x1153.jpg 768w, https:\/\/blogsaverroes.juntadeandalucia.es\/escuela2\/files\/2023\/03\/IMG-20230320-WA0006-1023x1536.jpg 1023w, https:\/\/blogsaverroes.juntadeandalucia.es\/escuela2\/files\/2023\/03\/IMG-20230320-WA0006-700x1051.jpg 700w, https:\/\/blogsaverroes.juntadeandalucia.es\/escuela2\/files\/2023\/03\/IMG-20230320-WA0006-332x498.jpg 332w, https:\/\/blogsaverroes.juntadeandalucia.es\/escuela2\/files\/2023\/03\/IMG-20230320-WA0006.jpg 1066w\" sizes=\"(max-width: 200px) 100vw, 200px\" \/><\/p>\n<p>Los peque\u00f1os ya van descansando un ratito por la ma\u00f1ana en la colchoneta. Que bien est\u00e1n.<\/p>\n<p><img loading=\"lazy\" decoding=\"async\" class=\"alignnone size-medium wp-image-3436\" src=\"https:\/\/blogsaverroes.juntadeandalucia.es\/escuela2\/files\/2023\/03\/20230320_111458-300x225.jpg\" alt=\"\" width=\"300\" height=\"225\" srcset=\"https:\/\/blogsaverroes.juntadeandalucia.es\/escuela2\/files\/2023\/03\/20230320_111458-300x225.jpg 300w, https:\/\/blogsaverroes.juntadeandalucia.es\/escuela2\/files\/2023\/03\/20230320_111458-1024x768.jpg 1024w, https:\/\/blogsaverroes.juntadeandalucia.es\/escuela2\/files\/2023\/03\/20230320_111458-768x576.jpg 768w, https:\/\/blogsaverroes.juntadeandalucia.es\/escuela2\/files\/2023\/03\/20230320_111458-1536x1152.jpg 1536w, https:\/\/blogsaverroes.juntadeandalucia.es\/escuela2\/files\/2023\/03\/20230320_111458-2048x1536.jpg 2048w, https:\/\/blogsaverroes.juntadeandalucia.es\/escuela2\/files\/2023\/03\/20230320_111458-700x525.jpg 700w, https:\/\/blogsaverroes.juntadeandalucia.es\/escuela2\/files\/2023\/03\/20230320_111458-332x249.jpg 332w\" sizes=\"(max-width: 300px) 100vw, 300px\" \/><\/p>\n<p>Que paseis buena tarde\ud83e\udd70.<\/p>\n<p>&nbsp;<\/p>\n","protected":false},"excerpt":{"rendered":"<p>Celebramos el cumplea\u00f1os de Juan, decora su corona y sopla sus velas. Los peque\u00f1os ya van descansando un ratito por la ma\u00f1ana en la colchoneta. Que bien est\u00e1n. Que paseis buena tarde\ud83e\udd70. &nbsp;<\/p>\n","protected":false},"author":11847,"featured_media":0,"comment_status":"open","ping_status":"open","sticky":false,"template":"","format":"standard","meta":{"ngg_post_thumbnail":0,"footnotes":""},"categories":[1],"tags":[],"aioseo_notices":[],"_links":{"self":[{"href":"https:\/\/blogsaverroes.juntadeandalucia.es\/escuela2\/wp-json\/wp\/v2\/posts\/3431"}],"collection":[{"href":"https:\/\/blogsaverroes.juntadeandalucia.es\/escuela2\/wp-json\/wp\/v2\/posts"}],"about":[{"href":"https:\/\/blogsaverroes.juntadeandalucia.es\/escuela2\/wp-json\/wp\/v2\/types\/post"}],"author":[{"embeddable":true,"href":"https:\/\/blogsaverroes.juntadeandalucia.es\/escuela2\/wp-json\/wp\/v2\/users\/11847"}],"replies":[{"embeddable":true,"href":"https:\/\/blogsaverroes.juntadeandalucia.es\/escuela2\/wp-json\/wp\/v2\/comments?post=3431"}],"version-history":[{"count":2,"href":"https:\/\/blogsaverroes.juntadeandalucia.es\/escuela2\/wp-json\/wp\/v2\/posts\/3431\/revisions"}],"predecessor-version":[{"id":3438,"href":"https:\/\/blogsaverroes.juntadeandalucia.es\/escuela2\/wp-json\/wp\/v2\/posts\/3431\/revisions\/3438"}],"wp:attachment":[{"href":"https:\/\/blogsaverroes.juntadeandalucia.es\/escuela2\/wp-json\/wp\/v2\/media?parent=3431"}],"wp:term":[{"taxonomy":"category","embeddable":true,"href":"https:\/\/blogsaverroes.juntadeandalucia.es\/escuela2\/wp-json\/wp\/v2\/categories?post=3431"},{"taxonomy":"post_tag","embeddable":true,"href":"https:\/\/blogsaverroes.juntadeandalucia.es\/escuela2\/wp-json\/wp\/v2\/tags?post=3431"}],"curies":[{"name":"wp","href":"https:\/\/api.w.org\/{rel}","templated":true}]}}