{"id":348,"date":"2021-06-18T13:57:37","date_gmt":"2021-06-18T13:57:37","guid":{"rendered":"https:\/\/blogsaverroes.juntadeandalucia.es\/escuela2\/?p=348"},"modified":"2021-06-18T13:57:37","modified_gmt":"2021-06-18T13:57:37","slug":"hoy-18-de-junio","status":"publish","type":"post","link":"https:\/\/blogsaverroes.juntadeandalucia.es\/escuela2\/2021\/06\/18\/hoy-18-de-junio\/","title":{"rendered":"Hoy 18 de Junio"},"content":{"rendered":"<p>Viernes y hoy la lluvia nos impide celebrar la Fiesta en el patio y almorzar all\u00ed como quer\u00edamos entre otras actividades, as\u00ed que tenemos m\u00fasica en clase, cuentacuentos, y pintamos la lluvia de colores para celebrar que ya est\u00e1 aqu\u00ed el FIN DE CURSO.&nbsp;<\/p>\n<p><img loading=\"lazy\" decoding=\"async\" class=\"alignnone size-medium wp-image-349\" src=\"https:\/\/blogsaverroes.juntadeandalucia.es\/escuela2\/files\/2021\/06\/IMG_20210618_153251-240x300.jpg\" alt=\"\" width=\"240\" height=\"300\" srcset=\"https:\/\/blogsaverroes.juntadeandalucia.es\/escuela2\/files\/2021\/06\/IMG_20210618_153251-240x300.jpg 240w, https:\/\/blogsaverroes.juntadeandalucia.es\/escuela2\/files\/2021\/06\/IMG_20210618_153251-819x1024.jpg 819w, https:\/\/blogsaverroes.juntadeandalucia.es\/escuela2\/files\/2021\/06\/IMG_20210618_153251-768x961.jpg 768w, https:\/\/blogsaverroes.juntadeandalucia.es\/escuela2\/files\/2021\/06\/IMG_20210618_153251-1228x1536.jpg 1228w, https:\/\/blogsaverroes.juntadeandalucia.es\/escuela2\/files\/2021\/06\/IMG_20210618_153251-1637x2048.jpg 1637w, https:\/\/blogsaverroes.juntadeandalucia.es\/escuela2\/files\/2021\/06\/IMG_20210618_153251-700x876.jpg 700w, https:\/\/blogsaverroes.juntadeandalucia.es\/escuela2\/files\/2021\/06\/IMG_20210618_153251-332x415.jpg 332w, https:\/\/blogsaverroes.juntadeandalucia.es\/escuela2\/files\/2021\/06\/IMG_20210618_153251-scaled.jpg 2046w\" sizes=\"(max-width: 240px) 100vw, 240px\" \/><\/p>\n<p>Hidaya y Marco no quieren pintar y observan otros rincones de la clase.&nbsp;<\/p>\n<p><img loading=\"lazy\" decoding=\"async\" class=\"alignnone size-medium wp-image-350\" src=\"https:\/\/blogsaverroes.juntadeandalucia.es\/escuela2\/files\/2021\/06\/IMG_20210618_153325-250x300.jpg\" alt=\"\" width=\"250\" height=\"300\" srcset=\"https:\/\/blogsaverroes.juntadeandalucia.es\/escuela2\/files\/2021\/06\/IMG_20210618_153325-250x300.jpg 250w, https:\/\/blogsaverroes.juntadeandalucia.es\/escuela2\/files\/2021\/06\/IMG_20210618_153325-853x1024.jpg 853w, https:\/\/blogsaverroes.juntadeandalucia.es\/escuela2\/files\/2021\/06\/IMG_20210618_153325-768x922.jpg 768w, https:\/\/blogsaverroes.juntadeandalucia.es\/escuela2\/files\/2021\/06\/IMG_20210618_153325-1280x1536.jpg 1280w, https:\/\/blogsaverroes.juntadeandalucia.es\/escuela2\/files\/2021\/06\/IMG_20210618_153325-1707x2048.jpg 1707w, https:\/\/blogsaverroes.juntadeandalucia.es\/escuela2\/files\/2021\/06\/IMG_20210618_153325-700x840.jpg 700w, https:\/\/blogsaverroes.juntadeandalucia.es\/escuela2\/files\/2021\/06\/IMG_20210618_153325-332x398.jpg 332w\" sizes=\"(max-width: 250px) 100vw, 250px\" \/><img loading=\"lazy\" decoding=\"async\" src=\"https:\/\/blogsaverroes.juntadeandalucia.es\/escuela2\/files\/2021\/06\/IMG_20210609_125133-254x300.jpg\" alt=\"\" width=\"254\" height=\"300\"><\/p>\n<div style=\"width: 1080px;\" class=\"wp-video\"><!--[if lt IE 9]><script>document.createElement('video');<\/script><![endif]-->\n<video class=\"wp-video-shortcode\" id=\"video-348-1\" width=\"1080\" height=\"2280\" preload=\"metadata\" controls=\"controls\"><source type=\"video\/mp4\" src=\"https:\/\/blogsaverroes.juntadeandalucia.es\/escuela2\/files\/2021\/06\/MP4_20210611_161604_PHOTOMOVIE-1.mp4?_=1\" \/><a href=\"https:\/\/blogsaverroes.juntadeandalucia.es\/escuela2\/files\/2021\/06\/MP4_20210611_161604_PHOTOMOVIE-1.mp4\">https:\/\/blogsaverroes.juntadeandalucia.es\/escuela2\/files\/2021\/06\/MP4_20210611_161604_PHOTOMOVIE-1.mp4<\/a><\/video><\/div>\n","protected":false},"excerpt":{"rendered":"<p>Viernes y hoy la lluvia nos impide celebrar la Fiesta en el patio y almorzar all\u00ed como quer\u00edamos entre otras actividades, as\u00ed que tenemos m\u00fasica en clase, cuentacuentos, y pintamos la lluvia de colores&#46;&#46;&#46;<\/p>\n","protected":false},"author":11843,"featured_media":0,"comment_status":"open","ping_status":"open","sticky":false,"template":"","format":"standard","meta":{"ngg_post_thumbnail":0,"footnotes":""},"categories":[1],"tags":[],"aioseo_notices":[],"_links":{"self":[{"href":"https:\/\/blogsaverroes.juntadeandalucia.es\/escuela2\/wp-json\/wp\/v2\/posts\/348"}],"collection":[{"href":"https:\/\/blogsaverroes.juntadeandalucia.es\/escuela2\/wp-json\/wp\/v2\/posts"}],"about":[{"href":"https:\/\/blogsaverroes.juntadeandalucia.es\/escuela2\/wp-json\/wp\/v2\/types\/post"}],"author":[{"embeddable":true,"href":"https:\/\/blogsaverroes.juntadeandalucia.es\/escuela2\/wp-json\/wp\/v2\/users\/11843"}],"replies":[{"embeddable":true,"href":"https:\/\/blogsaverroes.juntadeandalucia.es\/escuela2\/wp-json\/wp\/v2\/comments?post=348"}],"version-history":[{"count":1,"href":"https:\/\/blogsaverroes.juntadeandalucia.es\/escuela2\/wp-json\/wp\/v2\/posts\/348\/revisions"}],"predecessor-version":[{"id":352,"href":"https:\/\/blogsaverroes.juntadeandalucia.es\/escuela2\/wp-json\/wp\/v2\/posts\/348\/revisions\/352"}],"wp:attachment":[{"href":"https:\/\/blogsaverroes.juntadeandalucia.es\/escuela2\/wp-json\/wp\/v2\/media?parent=348"}],"wp:term":[{"taxonomy":"category","embeddable":true,"href":"https:\/\/blogsaverroes.juntadeandalucia.es\/escuela2\/wp-json\/wp\/v2\/categories?post=348"},{"taxonomy":"post_tag","embeddable":true,"href":"https:\/\/blogsaverroes.juntadeandalucia.es\/escuela2\/wp-json\/wp\/v2\/tags?post=348"}],"curies":[{"name":"wp","href":"https:\/\/api.w.org\/{rel}","templated":true}]}}