{"id":3838,"date":"2023-05-03T12:59:30","date_gmt":"2023-05-03T12:59:30","guid":{"rendered":"https:\/\/blogsaverroes.juntadeandalucia.es\/escuela2\/?p=3838"},"modified":"2023-05-05T09:10:33","modified_gmt":"2023-05-05T09:10:33","slug":"3-de-abril","status":"publish","type":"post","link":"https:\/\/blogsaverroes.juntadeandalucia.es\/escuela2\/2023\/05\/03\/3-de-abril\/","title":{"rendered":"3 de Mayo"},"content":{"rendered":"<p>Contamos el cuento del monstruo de colores y vemos las emociones.<\/p>\n<p><img loading=\"lazy\" decoding=\"async\" class=\"alignnone size-medium wp-image-3839\" src=\"https:\/\/blogsaverroes.juntadeandalucia.es\/escuela2\/files\/2023\/05\/20230503_103816-300x225.jpg\" alt=\"\" width=\"300\" height=\"225\" srcset=\"https:\/\/blogsaverroes.juntadeandalucia.es\/escuela2\/files\/2023\/05\/20230503_103816-300x225.jpg 300w, https:\/\/blogsaverroes.juntadeandalucia.es\/escuela2\/files\/2023\/05\/20230503_103816-1024x768.jpg 1024w, https:\/\/blogsaverroes.juntadeandalucia.es\/escuela2\/files\/2023\/05\/20230503_103816-768x576.jpg 768w, https:\/\/blogsaverroes.juntadeandalucia.es\/escuela2\/files\/2023\/05\/20230503_103816-1536x1152.jpg 1536w, https:\/\/blogsaverroes.juntadeandalucia.es\/escuela2\/files\/2023\/05\/20230503_103816-2048x1536.jpg 2048w, https:\/\/blogsaverroes.juntadeandalucia.es\/escuela2\/files\/2023\/05\/20230503_103816-700x525.jpg 700w, https:\/\/blogsaverroes.juntadeandalucia.es\/escuela2\/files\/2023\/05\/20230503_103816-332x249.jpg 332w\" sizes=\"(max-width: 300px) 100vw, 300px\" \/> <img loading=\"lazy\" decoding=\"async\" class=\"alignnone size-medium wp-image-3840\" src=\"https:\/\/blogsaverroes.juntadeandalucia.es\/escuela2\/files\/2023\/05\/20230503_103832-300x225.jpg\" alt=\"\" width=\"300\" height=\"225\" srcset=\"https:\/\/blogsaverroes.juntadeandalucia.es\/escuela2\/files\/2023\/05\/20230503_103832-300x225.jpg 300w, https:\/\/blogsaverroes.juntadeandalucia.es\/escuela2\/files\/2023\/05\/20230503_103832-1024x768.jpg 1024w, https:\/\/blogsaverroes.juntadeandalucia.es\/escuela2\/files\/2023\/05\/20230503_103832-768x576.jpg 768w, https:\/\/blogsaverroes.juntadeandalucia.es\/escuela2\/files\/2023\/05\/20230503_103832-1536x1152.jpg 1536w, https:\/\/blogsaverroes.juntadeandalucia.es\/escuela2\/files\/2023\/05\/20230503_103832-2048x1536.jpg 2048w, https:\/\/blogsaverroes.juntadeandalucia.es\/escuela2\/files\/2023\/05\/20230503_103832-700x525.jpg 700w, https:\/\/blogsaverroes.juntadeandalucia.es\/escuela2\/files\/2023\/05\/20230503_103832-332x249.jpg 332w\" sizes=\"(max-width: 300px) 100vw, 300px\" \/><\/p>\n<p>Sidbrahim comparte la botella de color amarilla, la alegr\u00eda,&nbsp; con Har\u00f3n.<\/p>\n<p>A quien imita la emoci\u00f3n de la tristeza, le damos el monstruo triste.<\/p>\n<p><img loading=\"lazy\" decoding=\"async\" class=\"alignnone size-medium wp-image-3841\" src=\"https:\/\/blogsaverroes.juntadeandalucia.es\/escuela2\/files\/2023\/05\/20230503_104431-300x225.jpg\" alt=\"\" width=\"300\" height=\"225\" srcset=\"https:\/\/blogsaverroes.juntadeandalucia.es\/escuela2\/files\/2023\/05\/20230503_104431-300x225.jpg 300w, https:\/\/blogsaverroes.juntadeandalucia.es\/escuela2\/files\/2023\/05\/20230503_104431-1024x768.jpg 1024w, https:\/\/blogsaverroes.juntadeandalucia.es\/escuela2\/files\/2023\/05\/20230503_104431-768x576.jpg 768w, https:\/\/blogsaverroes.juntadeandalucia.es\/escuela2\/files\/2023\/05\/20230503_104431-1536x1152.jpg 1536w, https:\/\/blogsaverroes.juntadeandalucia.es\/escuela2\/files\/2023\/05\/20230503_104431-2048x1536.jpg 2048w, https:\/\/blogsaverroes.juntadeandalucia.es\/escuela2\/files\/2023\/05\/20230503_104431-700x525.jpg 700w, https:\/\/blogsaverroes.juntadeandalucia.es\/escuela2\/files\/2023\/05\/20230503_104431-332x249.jpg 332w\" sizes=\"(max-width: 300px) 100vw, 300px\" \/><\/p>\n<p><img loading=\"lazy\" decoding=\"async\" class=\"alignnone size-medium wp-image-3842\" src=\"https:\/\/blogsaverroes.juntadeandalucia.es\/escuela2\/files\/2023\/05\/20230503_104819-300x225.jpg\" alt=\"\" width=\"300\" height=\"225\" srcset=\"https:\/\/blogsaverroes.juntadeandalucia.es\/escuela2\/files\/2023\/05\/20230503_104819-300x225.jpg 300w, https:\/\/blogsaverroes.juntadeandalucia.es\/escuela2\/files\/2023\/05\/20230503_104819-1024x768.jpg 1024w, https:\/\/blogsaverroes.juntadeandalucia.es\/escuela2\/files\/2023\/05\/20230503_104819-768x576.jpg 768w, https:\/\/blogsaverroes.juntadeandalucia.es\/escuela2\/files\/2023\/05\/20230503_104819-1536x1152.jpg 1536w, https:\/\/blogsaverroes.juntadeandalucia.es\/escuela2\/files\/2023\/05\/20230503_104819-2048x1536.jpg 2048w, https:\/\/blogsaverroes.juntadeandalucia.es\/escuela2\/files\/2023\/05\/20230503_104819-700x525.jpg 700w, https:\/\/blogsaverroes.juntadeandalucia.es\/escuela2\/files\/2023\/05\/20230503_104819-332x249.jpg 332w\" sizes=\"(max-width: 300px) 100vw, 300px\" \/><\/p>\n<p>Amaro nos ense\u00f1a que ha encontrado el monstruo que est\u00e1 asustado y tiene miedo.<\/p>\n<p><img loading=\"lazy\" decoding=\"async\" class=\"alignnone size-medium wp-image-3843\" src=\"https:\/\/blogsaverroes.juntadeandalucia.es\/escuela2\/files\/2023\/05\/20230503_105102-300x225.jpg\" alt=\"\" width=\"300\" height=\"225\" srcset=\"https:\/\/blogsaverroes.juntadeandalucia.es\/escuela2\/files\/2023\/05\/20230503_105102-300x225.jpg 300w, https:\/\/blogsaverroes.juntadeandalucia.es\/escuela2\/files\/2023\/05\/20230503_105102-1024x768.jpg 1024w, https:\/\/blogsaverroes.juntadeandalucia.es\/escuela2\/files\/2023\/05\/20230503_105102-768x576.jpg 768w, https:\/\/blogsaverroes.juntadeandalucia.es\/escuela2\/files\/2023\/05\/20230503_105102-1536x1152.jpg 1536w, https:\/\/blogsaverroes.juntadeandalucia.es\/escuela2\/files\/2023\/05\/20230503_105102-2048x1536.jpg 2048w, https:\/\/blogsaverroes.juntadeandalucia.es\/escuela2\/files\/2023\/05\/20230503_105102-700x525.jpg 700w, https:\/\/blogsaverroes.juntadeandalucia.es\/escuela2\/files\/2023\/05\/20230503_105102-332x249.jpg 332w\" sizes=\"(max-width: 300px) 100vw, 300px\" \/><\/p>\n<p>Falou inclina su cuerpo para coger la jirafa.<\/p>\n<p><img loading=\"lazy\" decoding=\"async\" class=\"alignnone size-medium wp-image-3845\" src=\"https:\/\/blogsaverroes.juntadeandalucia.es\/escuela2\/files\/2023\/05\/20230503_105736-300x204.jpg\" alt=\"\" width=\"300\" height=\"204\" srcset=\"https:\/\/blogsaverroes.juntadeandalucia.es\/escuela2\/files\/2023\/05\/20230503_105736-300x204.jpg 300w, https:\/\/blogsaverroes.juntadeandalucia.es\/escuela2\/files\/2023\/05\/20230503_105736-1024x695.jpg 1024w, https:\/\/blogsaverroes.juntadeandalucia.es\/escuela2\/files\/2023\/05\/20230503_105736-768x522.jpg 768w, https:\/\/blogsaverroes.juntadeandalucia.es\/escuela2\/files\/2023\/05\/20230503_105736-1536x1043.jpg 1536w, https:\/\/blogsaverroes.juntadeandalucia.es\/escuela2\/files\/2023\/05\/20230503_105736-2048x1391.jpg 2048w, https:\/\/blogsaverroes.juntadeandalucia.es\/escuela2\/files\/2023\/05\/20230503_105736-700x475.jpg 700w, https:\/\/blogsaverroes.juntadeandalucia.es\/escuela2\/files\/2023\/05\/20230503_105736-332x225.jpg 332w\" sizes=\"(max-width: 300px) 100vw, 300px\" \/><\/p>\n<p><img loading=\"lazy\" decoding=\"async\" class=\"alignnone size-medium wp-image-3846\" src=\"https:\/\/blogsaverroes.juntadeandalucia.es\/escuela2\/files\/2023\/05\/20230503_105655-300x231.jpg\" alt=\"\" width=\"300\" height=\"231\" srcset=\"https:\/\/blogsaverroes.juntadeandalucia.es\/escuela2\/files\/2023\/05\/20230503_105655-300x231.jpg 300w, https:\/\/blogsaverroes.juntadeandalucia.es\/escuela2\/files\/2023\/05\/20230503_105655-1024x788.jpg 1024w, https:\/\/blogsaverroes.juntadeandalucia.es\/escuela2\/files\/2023\/05\/20230503_105655-768x591.jpg 768w, https:\/\/blogsaverroes.juntadeandalucia.es\/escuela2\/files\/2023\/05\/20230503_105655-1536x1183.jpg 1536w, https:\/\/blogsaverroes.juntadeandalucia.es\/escuela2\/files\/2023\/05\/20230503_105655-2048x1577.jpg 2048w, https:\/\/blogsaverroes.juntadeandalucia.es\/escuela2\/files\/2023\/05\/20230503_105655-700x539.jpg 700w, https:\/\/blogsaverroes.juntadeandalucia.es\/escuela2\/files\/2023\/05\/20230503_105655-332x256.jpg 332w\" sizes=\"(max-width: 300px) 100vw, 300px\" \/><\/p>\n<p>Feliz tarde\ud83e\udd70.<\/p>\n<p>&nbsp;<\/p>\n","protected":false},"excerpt":{"rendered":"<p>Contamos el cuento del monstruo de colores y vemos las emociones. Sidbrahim comparte la botella de color amarilla, la alegr\u00eda,&nbsp; con Har\u00f3n. A quien imita la emoci\u00f3n de la tristeza, le damos el monstruo&#46;&#46;&#46;<\/p>\n","protected":false},"author":11847,"featured_media":0,"comment_status":"open","ping_status":"open","sticky":false,"template":"","format":"standard","meta":{"ngg_post_thumbnail":0,"footnotes":""},"categories":[1],"tags":[],"aioseo_notices":[],"_links":{"self":[{"href":"https:\/\/blogsaverroes.juntadeandalucia.es\/escuela2\/wp-json\/wp\/v2\/posts\/3838"}],"collection":[{"href":"https:\/\/blogsaverroes.juntadeandalucia.es\/escuela2\/wp-json\/wp\/v2\/posts"}],"about":[{"href":"https:\/\/blogsaverroes.juntadeandalucia.es\/escuela2\/wp-json\/wp\/v2\/types\/post"}],"author":[{"embeddable":true,"href":"https:\/\/blogsaverroes.juntadeandalucia.es\/escuela2\/wp-json\/wp\/v2\/users\/11847"}],"replies":[{"embeddable":true,"href":"https:\/\/blogsaverroes.juntadeandalucia.es\/escuela2\/wp-json\/wp\/v2\/comments?post=3838"}],"version-history":[{"count":4,"href":"https:\/\/blogsaverroes.juntadeandalucia.es\/escuela2\/wp-json\/wp\/v2\/posts\/3838\/revisions"}],"predecessor-version":[{"id":3879,"href":"https:\/\/blogsaverroes.juntadeandalucia.es\/escuela2\/wp-json\/wp\/v2\/posts\/3838\/revisions\/3879"}],"wp:attachment":[{"href":"https:\/\/blogsaverroes.juntadeandalucia.es\/escuela2\/wp-json\/wp\/v2\/media?parent=3838"}],"wp:term":[{"taxonomy":"category","embeddable":true,"href":"https:\/\/blogsaverroes.juntadeandalucia.es\/escuela2\/wp-json\/wp\/v2\/categories?post=3838"},{"taxonomy":"post_tag","embeddable":true,"href":"https:\/\/blogsaverroes.juntadeandalucia.es\/escuela2\/wp-json\/wp\/v2\/tags?post=3838"}],"curies":[{"name":"wp","href":"https:\/\/api.w.org\/{rel}","templated":true}]}}