{"id":4239,"date":"2023-06-20T12:26:45","date_gmt":"2023-06-20T12:26:45","guid":{"rendered":"https:\/\/blogsaverroes.juntadeandalucia.es\/escuela2\/?p=4239"},"modified":"2023-06-20T12:26:45","modified_gmt":"2023-06-20T12:26:45","slug":"20-de-junio","status":"publish","type":"post","link":"https:\/\/blogsaverroes.juntadeandalucia.es\/escuela2\/2023\/06\/20\/20-de-junio\/","title":{"rendered":"20 de Junio"},"content":{"rendered":"<p>&nbsp; &nbsp;MOMENTOS DEL DIA<\/p>\n<p>Zamara se pone el pl\u00e1tano de la ma\u00f1ana en su platito para tom\u00e1rselo.<\/p>\n<p><img loading=\"lazy\" decoding=\"async\" class=\"alignnone size-medium wp-image-4240\" src=\"https:\/\/blogsaverroes.juntadeandalucia.es\/escuela2\/files\/2023\/06\/IMG-20230620-WA0013-225x300.jpg\" alt=\"\" width=\"225\" height=\"300\" srcset=\"https:\/\/blogsaverroes.juntadeandalucia.es\/escuela2\/files\/2023\/06\/IMG-20230620-WA0013-225x300.jpg 225w, https:\/\/blogsaverroes.juntadeandalucia.es\/escuela2\/files\/2023\/06\/IMG-20230620-WA0013-768x1024.jpg 768w, https:\/\/blogsaverroes.juntadeandalucia.es\/escuela2\/files\/2023\/06\/IMG-20230620-WA0013-1152x1536.jpg 1152w, https:\/\/blogsaverroes.juntadeandalucia.es\/escuela2\/files\/2023\/06\/IMG-20230620-WA0013-700x933.jpg 700w, https:\/\/blogsaverroes.juntadeandalucia.es\/escuela2\/files\/2023\/06\/IMG-20230620-WA0013-332x443.jpg 332w, https:\/\/blogsaverroes.juntadeandalucia.es\/escuela2\/files\/2023\/06\/IMG-20230620-WA0013.jpg 1200w\" sizes=\"(max-width: 225px) 100vw, 225px\" \/><\/p>\n<p><img loading=\"lazy\" decoding=\"async\" class=\"alignnone size-medium wp-image-4241\" src=\"https:\/\/blogsaverroes.juntadeandalucia.es\/escuela2\/files\/2023\/06\/IMG-20230620-WA0014-225x300.jpg\" alt=\"\" width=\"225\" height=\"300\" srcset=\"https:\/\/blogsaverroes.juntadeandalucia.es\/escuela2\/files\/2023\/06\/IMG-20230620-WA0014-225x300.jpg 225w, https:\/\/blogsaverroes.juntadeandalucia.es\/escuela2\/files\/2023\/06\/IMG-20230620-WA0014-768x1024.jpg 768w, https:\/\/blogsaverroes.juntadeandalucia.es\/escuela2\/files\/2023\/06\/IMG-20230620-WA0014-1152x1536.jpg 1152w, https:\/\/blogsaverroes.juntadeandalucia.es\/escuela2\/files\/2023\/06\/IMG-20230620-WA0014-700x933.jpg 700w, https:\/\/blogsaverroes.juntadeandalucia.es\/escuela2\/files\/2023\/06\/IMG-20230620-WA0014-332x443.jpg 332w, https:\/\/blogsaverroes.juntadeandalucia.es\/escuela2\/files\/2023\/06\/IMG-20230620-WA0014.jpg 1200w\" sizes=\"(max-width: 225px) 100vw, 225px\" \/><\/p>\n<p>Juan Miguel se relaja en la hamaca.<\/p>\n<p><img loading=\"lazy\" decoding=\"async\" class=\"alignnone size-medium wp-image-4242\" src=\"https:\/\/blogsaverroes.juntadeandalucia.es\/escuela2\/files\/2023\/06\/IMG-20230620-WA0012-225x300.jpg\" alt=\"\" width=\"225\" height=\"300\" srcset=\"https:\/\/blogsaverroes.juntadeandalucia.es\/escuela2\/files\/2023\/06\/IMG-20230620-WA0012-225x300.jpg 225w, https:\/\/blogsaverroes.juntadeandalucia.es\/escuela2\/files\/2023\/06\/IMG-20230620-WA0012-768x1024.jpg 768w, https:\/\/blogsaverroes.juntadeandalucia.es\/escuela2\/files\/2023\/06\/IMG-20230620-WA0012-1152x1536.jpg 1152w, https:\/\/blogsaverroes.juntadeandalucia.es\/escuela2\/files\/2023\/06\/IMG-20230620-WA0012-700x933.jpg 700w, https:\/\/blogsaverroes.juntadeandalucia.es\/escuela2\/files\/2023\/06\/IMG-20230620-WA0012-332x443.jpg 332w, https:\/\/blogsaverroes.juntadeandalucia.es\/escuela2\/files\/2023\/06\/IMG-20230620-WA0012.jpg 1200w\" sizes=\"(max-width: 225px) 100vw, 225px\" \/> <img loading=\"lazy\" decoding=\"async\" class=\"alignnone size-medium wp-image-4243\" src=\"https:\/\/blogsaverroes.juntadeandalucia.es\/escuela2\/files\/2023\/06\/IMG-20230620-WA0011-225x300.jpg\" alt=\"\" width=\"225\" height=\"300\" srcset=\"https:\/\/blogsaverroes.juntadeandalucia.es\/escuela2\/files\/2023\/06\/IMG-20230620-WA0011-225x300.jpg 225w, https:\/\/blogsaverroes.juntadeandalucia.es\/escuela2\/files\/2023\/06\/IMG-20230620-WA0011-768x1024.jpg 768w, https:\/\/blogsaverroes.juntadeandalucia.es\/escuela2\/files\/2023\/06\/IMG-20230620-WA0011-1152x1536.jpg 1152w, https:\/\/blogsaverroes.juntadeandalucia.es\/escuela2\/files\/2023\/06\/IMG-20230620-WA0011-700x933.jpg 700w, https:\/\/blogsaverroes.juntadeandalucia.es\/escuela2\/files\/2023\/06\/IMG-20230620-WA0011-332x443.jpg 332w, https:\/\/blogsaverroes.juntadeandalucia.es\/escuela2\/files\/2023\/06\/IMG-20230620-WA0011.jpg 1200w\" sizes=\"(max-width: 225px) 100vw, 225px\" \/><\/p>\n<p>Har\u00f3n guarda los cojines que han cogido sus compa\u00f1eros.<\/p>\n<p><img loading=\"lazy\" decoding=\"async\" class=\"alignnone size-medium wp-image-4244\" src=\"https:\/\/blogsaverroes.juntadeandalucia.es\/escuela2\/files\/2023\/06\/IMG-20230620-WA0010-225x300.jpg\" alt=\"\" width=\"225\" height=\"300\" srcset=\"https:\/\/blogsaverroes.juntadeandalucia.es\/escuela2\/files\/2023\/06\/IMG-20230620-WA0010-225x300.jpg 225w, https:\/\/blogsaverroes.juntadeandalucia.es\/escuela2\/files\/2023\/06\/IMG-20230620-WA0010-768x1024.jpg 768w, https:\/\/blogsaverroes.juntadeandalucia.es\/escuela2\/files\/2023\/06\/IMG-20230620-WA0010-1152x1536.jpg 1152w, https:\/\/blogsaverroes.juntadeandalucia.es\/escuela2\/files\/2023\/06\/IMG-20230620-WA0010-700x933.jpg 700w, https:\/\/blogsaverroes.juntadeandalucia.es\/escuela2\/files\/2023\/06\/IMG-20230620-WA0010-332x443.jpg 332w, https:\/\/blogsaverroes.juntadeandalucia.es\/escuela2\/files\/2023\/06\/IMG-20230620-WA0010.jpg 1200w\" sizes=\"(max-width: 225px) 100vw, 225px\" \/><\/p>\n<p>Javi pone el vaso en el grifo para llenarlo de agua, pero ve que no tiene nada.<\/p>\n<p><img loading=\"lazy\" decoding=\"async\" class=\"alignnone size-medium wp-image-4245\" src=\"https:\/\/blogsaverroes.juntadeandalucia.es\/escuela2\/files\/2023\/06\/IMG-20230620-WA0009-225x300.jpg\" alt=\"\" width=\"225\" height=\"300\" srcset=\"https:\/\/blogsaverroes.juntadeandalucia.es\/escuela2\/files\/2023\/06\/IMG-20230620-WA0009-225x300.jpg 225w, https:\/\/blogsaverroes.juntadeandalucia.es\/escuela2\/files\/2023\/06\/IMG-20230620-WA0009-768x1024.jpg 768w, https:\/\/blogsaverroes.juntadeandalucia.es\/escuela2\/files\/2023\/06\/IMG-20230620-WA0009-1152x1536.jpg 1152w, https:\/\/blogsaverroes.juntadeandalucia.es\/escuela2\/files\/2023\/06\/IMG-20230620-WA0009-700x933.jpg 700w, https:\/\/blogsaverroes.juntadeandalucia.es\/escuela2\/files\/2023\/06\/IMG-20230620-WA0009-332x443.jpg 332w, https:\/\/blogsaverroes.juntadeandalucia.es\/escuela2\/files\/2023\/06\/IMG-20230620-WA0009.jpg 1200w\" sizes=\"(max-width: 225px) 100vw, 225px\" \/> <img loading=\"lazy\" decoding=\"async\" class=\"alignnone size-medium wp-image-4246\" src=\"https:\/\/blogsaverroes.juntadeandalucia.es\/escuela2\/files\/2023\/06\/IMG-20230620-WA0008-225x300.jpg\" alt=\"\" width=\"225\" height=\"300\" srcset=\"https:\/\/blogsaverroes.juntadeandalucia.es\/escuela2\/files\/2023\/06\/IMG-20230620-WA0008-225x300.jpg 225w, https:\/\/blogsaverroes.juntadeandalucia.es\/escuela2\/files\/2023\/06\/IMG-20230620-WA0008-768x1024.jpg 768w, https:\/\/blogsaverroes.juntadeandalucia.es\/escuela2\/files\/2023\/06\/IMG-20230620-WA0008-1152x1536.jpg 1152w, https:\/\/blogsaverroes.juntadeandalucia.es\/escuela2\/files\/2023\/06\/IMG-20230620-WA0008-700x933.jpg 700w, https:\/\/blogsaverroes.juntadeandalucia.es\/escuela2\/files\/2023\/06\/IMG-20230620-WA0008-332x443.jpg 332w, https:\/\/blogsaverroes.juntadeandalucia.es\/escuela2\/files\/2023\/06\/IMG-20230620-WA0008.jpg 1200w\" sizes=\"(max-width: 225px) 100vw, 225px\" \/><\/p>\n<p>Ojean el libro.<\/p>\n<p><img loading=\"lazy\" decoding=\"async\" class=\"alignnone size-medium wp-image-4247\" src=\"https:\/\/blogsaverroes.juntadeandalucia.es\/escuela2\/files\/2023\/06\/IMG-20230620-WA0007-225x300.jpg\" alt=\"\" width=\"225\" height=\"300\" srcset=\"https:\/\/blogsaverroes.juntadeandalucia.es\/escuela2\/files\/2023\/06\/IMG-20230620-WA0007-225x300.jpg 225w, https:\/\/blogsaverroes.juntadeandalucia.es\/escuela2\/files\/2023\/06\/IMG-20230620-WA0007-768x1024.jpg 768w, https:\/\/blogsaverroes.juntadeandalucia.es\/escuela2\/files\/2023\/06\/IMG-20230620-WA0007-1152x1536.jpg 1152w, https:\/\/blogsaverroes.juntadeandalucia.es\/escuela2\/files\/2023\/06\/IMG-20230620-WA0007-700x933.jpg 700w, https:\/\/blogsaverroes.juntadeandalucia.es\/escuela2\/files\/2023\/06\/IMG-20230620-WA0007-332x443.jpg 332w, https:\/\/blogsaverroes.juntadeandalucia.es\/escuela2\/files\/2023\/06\/IMG-20230620-WA0007.jpg 1200w\" sizes=\"(max-width: 225px) 100vw, 225px\" \/><\/p>\n<p>Saray se relaja en el columpio.<\/p>\n<p><img loading=\"lazy\" decoding=\"async\" class=\"alignnone size-medium wp-image-4248\" src=\"https:\/\/blogsaverroes.juntadeandalucia.es\/escuela2\/files\/2023\/06\/IMG-20230620-WA0006-225x300.jpg\" alt=\"\" width=\"225\" height=\"300\" srcset=\"https:\/\/blogsaverroes.juntadeandalucia.es\/escuela2\/files\/2023\/06\/IMG-20230620-WA0006-225x300.jpg 225w, https:\/\/blogsaverroes.juntadeandalucia.es\/escuela2\/files\/2023\/06\/IMG-20230620-WA0006-768x1024.jpg 768w, https:\/\/blogsaverroes.juntadeandalucia.es\/escuela2\/files\/2023\/06\/IMG-20230620-WA0006-1152x1536.jpg 1152w, https:\/\/blogsaverroes.juntadeandalucia.es\/escuela2\/files\/2023\/06\/IMG-20230620-WA0006-700x933.jpg 700w, https:\/\/blogsaverroes.juntadeandalucia.es\/escuela2\/files\/2023\/06\/IMG-20230620-WA0006-332x443.jpg 332w, https:\/\/blogsaverroes.juntadeandalucia.es\/escuela2\/files\/2023\/06\/IMG-20230620-WA0006.jpg 1200w\" sizes=\"(max-width: 225px) 100vw, 225px\" \/><\/p>\n<p>Feliz tarde\ud83d\ude18.<\/p>\n<p>&nbsp;<\/p>\n","protected":false},"excerpt":{"rendered":"<p>&nbsp; &nbsp;MOMENTOS DEL DIA Zamara se pone el pl\u00e1tano de la ma\u00f1ana en su platito para tom\u00e1rselo. Juan Miguel se relaja en la hamaca. Har\u00f3n guarda los cojines que han cogido sus compa\u00f1eros. Javi&#46;&#46;&#46;<\/p>\n","protected":false},"author":11847,"featured_media":0,"comment_status":"open","ping_status":"open","sticky":false,"template":"","format":"standard","meta":{"ngg_post_thumbnail":0,"footnotes":""},"categories":[1],"tags":[],"aioseo_notices":[],"_links":{"self":[{"href":"https:\/\/blogsaverroes.juntadeandalucia.es\/escuela2\/wp-json\/wp\/v2\/posts\/4239"}],"collection":[{"href":"https:\/\/blogsaverroes.juntadeandalucia.es\/escuela2\/wp-json\/wp\/v2\/posts"}],"about":[{"href":"https:\/\/blogsaverroes.juntadeandalucia.es\/escuela2\/wp-json\/wp\/v2\/types\/post"}],"author":[{"embeddable":true,"href":"https:\/\/blogsaverroes.juntadeandalucia.es\/escuela2\/wp-json\/wp\/v2\/users\/11847"}],"replies":[{"embeddable":true,"href":"https:\/\/blogsaverroes.juntadeandalucia.es\/escuela2\/wp-json\/wp\/v2\/comments?post=4239"}],"version-history":[{"count":1,"href":"https:\/\/blogsaverroes.juntadeandalucia.es\/escuela2\/wp-json\/wp\/v2\/posts\/4239\/revisions"}],"predecessor-version":[{"id":4249,"href":"https:\/\/blogsaverroes.juntadeandalucia.es\/escuela2\/wp-json\/wp\/v2\/posts\/4239\/revisions\/4249"}],"wp:attachment":[{"href":"https:\/\/blogsaverroes.juntadeandalucia.es\/escuela2\/wp-json\/wp\/v2\/media?parent=4239"}],"wp:term":[{"taxonomy":"category","embeddable":true,"href":"https:\/\/blogsaverroes.juntadeandalucia.es\/escuela2\/wp-json\/wp\/v2\/categories?post=4239"},{"taxonomy":"post_tag","embeddable":true,"href":"https:\/\/blogsaverroes.juntadeandalucia.es\/escuela2\/wp-json\/wp\/v2\/tags?post=4239"}],"curies":[{"name":"wp","href":"https:\/\/api.w.org\/{rel}","templated":true}]}}