{"id":6641,"date":"2024-06-21T14:37:44","date_gmt":"2024-06-21T14:37:44","guid":{"rendered":"https:\/\/blogsaverroes.juntadeandalucia.es\/escuela2\/?p=6641"},"modified":"2024-06-21T14:37:44","modified_gmt":"2024-06-21T14:37:44","slug":"hoy-21-de-junio-2","status":"publish","type":"post","link":"https:\/\/blogsaverroes.juntadeandalucia.es\/escuela2\/2024\/06\/21\/hoy-21-de-junio-2\/","title":{"rendered":"HOY 21 DE JUNIO"},"content":{"rendered":"<p>Esta semana ha sido muy especial porque hemos tenido LA FIESTA FIN DE CURSO, se han graduado los ni\u00f1os\/as de la clase Jirafa y Patito, Enhorabuena a los que terminan Infantil y van a pasar en Septiembre a los colegios, los echaremos de menos porque en Virgen del Valle somos como una familia, y son ni\u00f1os\/ni\u00f1as que hemos visto crecer y evolucionar en nuestra Escuela.<\/p>\n<p><img loading=\"lazy\" decoding=\"async\" class=\"alignnone size-medium wp-image-6650\" src=\"https:\/\/blogsaverroes.juntadeandalucia.es\/escuela2\/files\/2024\/06\/WhatsApp-Image-2024-06-21-at-16.18.40-300x213.jpeg\" alt=\"\" width=\"300\" height=\"213\" srcset=\"https:\/\/blogsaverroes.juntadeandalucia.es\/escuela2\/files\/2024\/06\/WhatsApp-Image-2024-06-21-at-16.18.40-300x213.jpeg 300w, https:\/\/blogsaverroes.juntadeandalucia.es\/escuela2\/files\/2024\/06\/WhatsApp-Image-2024-06-21-at-16.18.40-768x546.jpeg 768w, https:\/\/blogsaverroes.juntadeandalucia.es\/escuela2\/files\/2024\/06\/WhatsApp-Image-2024-06-21-at-16.18.40-700x498.jpeg 700w, https:\/\/blogsaverroes.juntadeandalucia.es\/escuela2\/files\/2024\/06\/WhatsApp-Image-2024-06-21-at-16.18.40-332x236.jpeg 332w, https:\/\/blogsaverroes.juntadeandalucia.es\/escuela2\/files\/2024\/06\/WhatsApp-Image-2024-06-21-at-16.18.40.jpeg 950w\" sizes=\"(max-width: 300px) 100vw, 300px\" \/>&nbsp; <img loading=\"lazy\" decoding=\"async\" class=\"alignnone size-medium wp-image-6651\" src=\"https:\/\/blogsaverroes.juntadeandalucia.es\/escuela2\/files\/2024\/06\/WhatsApp-Image-2024-06-21-at-16.18.41-300x190.jpeg\" alt=\"\" width=\"300\" height=\"190\" srcset=\"https:\/\/blogsaverroes.juntadeandalucia.es\/escuela2\/files\/2024\/06\/WhatsApp-Image-2024-06-21-at-16.18.41-300x190.jpeg 300w, https:\/\/blogsaverroes.juntadeandalucia.es\/escuela2\/files\/2024\/06\/WhatsApp-Image-2024-06-21-at-16.18.41-768x486.jpeg 768w, https:\/\/blogsaverroes.juntadeandalucia.es\/escuela2\/files\/2024\/06\/WhatsApp-Image-2024-06-21-at-16.18.41-700x443.jpeg 700w, https:\/\/blogsaverroes.juntadeandalucia.es\/escuela2\/files\/2024\/06\/WhatsApp-Image-2024-06-21-at-16.18.41-332x210.jpeg 332w, https:\/\/blogsaverroes.juntadeandalucia.es\/escuela2\/files\/2024\/06\/WhatsApp-Image-2024-06-21-at-16.18.41.jpeg 949w\" sizes=\"(max-width: 300px) 100vw, 300px\" \/><\/p>\n<p>Nosotros los ni\u00f1os y ni\u00f1as de la clase Elefante y sus Tutoras, seguimos otros a\u00f1os m\u00e1s en la Escuela, agradecer a las madres por su bonito detalle con nosotras, tanto Susana como yo estamos muy agradecidas.<\/p>\n<p><img loading=\"lazy\" decoding=\"async\" src=\"https:\/\/blogsaverroes.juntadeandalucia.es\/escuela2\/files\/2024\/06\/WhatsApp-Image-2024-06-21-at-15.56.59-2-215x300.jpeg\" alt=\"\" width=\"215\" height=\"300\">.&nbsp;&nbsp;<img loading=\"lazy\" decoding=\"async\" class=\"alignnone size-medium wp-image-6646\" src=\"https:\/\/blogsaverroes.juntadeandalucia.es\/escuela2\/files\/2024\/06\/WhatsApp-Image-2024-06-21-at-15.56.59-3-300x241.jpeg\" alt=\"\" width=\"300\" height=\"241\" srcset=\"https:\/\/blogsaverroes.juntadeandalucia.es\/escuela2\/files\/2024\/06\/WhatsApp-Image-2024-06-21-at-15.56.59-3-300x241.jpeg 300w, https:\/\/blogsaverroes.juntadeandalucia.es\/escuela2\/files\/2024\/06\/WhatsApp-Image-2024-06-21-at-15.56.59-3-1024x823.jpeg 1024w, https:\/\/blogsaverroes.juntadeandalucia.es\/escuela2\/files\/2024\/06\/WhatsApp-Image-2024-06-21-at-15.56.59-3-768x617.jpeg 768w, https:\/\/blogsaverroes.juntadeandalucia.es\/escuela2\/files\/2024\/06\/WhatsApp-Image-2024-06-21-at-15.56.59-3-1536x1235.jpeg 1536w, https:\/\/blogsaverroes.juntadeandalucia.es\/escuela2\/files\/2024\/06\/WhatsApp-Image-2024-06-21-at-15.56.59-3-700x563.jpeg 700w, https:\/\/blogsaverroes.juntadeandalucia.es\/escuela2\/files\/2024\/06\/WhatsApp-Image-2024-06-21-at-15.56.59-3-332x267.jpeg 332w, https:\/\/blogsaverroes.juntadeandalucia.es\/escuela2\/files\/2024\/06\/WhatsApp-Image-2024-06-21-at-15.56.59-3.jpeg 1600w\" sizes=\"(max-width: 300px) 100vw, 300px\" \/>&nbsp;<\/p>\n<p>Que pas\u00e9is buen fin de semana \ud83d\ude18\ud83d\udc96\u2600\ufe0f<\/p>\n","protected":false},"excerpt":{"rendered":"<p>Esta semana ha sido muy especial porque hemos tenido LA FIESTA FIN DE CURSO, se han graduado los ni\u00f1os\/as de la clase Jirafa y Patito, Enhorabuena a los que terminan Infantil y van a&#46;&#46;&#46;<\/p>\n","protected":false},"author":11843,"featured_media":0,"comment_status":"open","ping_status":"open","sticky":false,"template":"","format":"standard","meta":{"ngg_post_thumbnail":0,"footnotes":""},"categories":[1],"tags":[],"aioseo_notices":[],"_links":{"self":[{"href":"https:\/\/blogsaverroes.juntadeandalucia.es\/escuela2\/wp-json\/wp\/v2\/posts\/6641"}],"collection":[{"href":"https:\/\/blogsaverroes.juntadeandalucia.es\/escuela2\/wp-json\/wp\/v2\/posts"}],"about":[{"href":"https:\/\/blogsaverroes.juntadeandalucia.es\/escuela2\/wp-json\/wp\/v2\/types\/post"}],"author":[{"embeddable":true,"href":"https:\/\/blogsaverroes.juntadeandalucia.es\/escuela2\/wp-json\/wp\/v2\/users\/11843"}],"replies":[{"embeddable":true,"href":"https:\/\/blogsaverroes.juntadeandalucia.es\/escuela2\/wp-json\/wp\/v2\/comments?post=6641"}],"version-history":[{"count":3,"href":"https:\/\/blogsaverroes.juntadeandalucia.es\/escuela2\/wp-json\/wp\/v2\/posts\/6641\/revisions"}],"predecessor-version":[{"id":6653,"href":"https:\/\/blogsaverroes.juntadeandalucia.es\/escuela2\/wp-json\/wp\/v2\/posts\/6641\/revisions\/6653"}],"wp:attachment":[{"href":"https:\/\/blogsaverroes.juntadeandalucia.es\/escuela2\/wp-json\/wp\/v2\/media?parent=6641"}],"wp:term":[{"taxonomy":"category","embeddable":true,"href":"https:\/\/blogsaverroes.juntadeandalucia.es\/escuela2\/wp-json\/wp\/v2\/categories?post=6641"},{"taxonomy":"post_tag","embeddable":true,"href":"https:\/\/blogsaverroes.juntadeandalucia.es\/escuela2\/wp-json\/wp\/v2\/tags?post=6641"}],"curies":[{"name":"wp","href":"https:\/\/api.w.org\/{rel}","templated":true}]}}