{"id":144,"date":"2024-02-02T13:18:51","date_gmt":"2024-02-02T13:18:51","guid":{"rendered":"https:\/\/blogsaverroes.juntadeandalucia.es\/escuelaespaciodepaziesaltoalmanzora\/?p=144"},"modified":"2024-02-07T13:33:14","modified_gmt":"2024-02-07T13:33:14","slug":"30-de-enero-dia-de-la-paz","status":"publish","type":"post","link":"https:\/\/blogsaverroes.juntadeandalucia.es\/escuelaespaciodepaziesaltoalmanzora\/2024\/02\/02\/30-de-enero-dia-de-la-paz\/","title":{"rendered":"30 de Enero D\u00eda de la Paz"},"content":{"rendered":"<p style=\"text-align: center\"><strong>Escuela Espacio de Paz<\/strong><\/p>\n<p style=\"text-align: center\"><strong>Curso 2023-2024<\/strong><\/p>\n<p style=\"text-align: left\">&nbsp;&nbsp;&nbsp;&nbsp;&nbsp;&nbsp;&nbsp;&nbsp;<\/p>\n<p style=\"text-align: left\">&nbsp; &nbsp; &nbsp; &nbsp; &nbsp; &nbsp; Iniciamos este curso escolar con la Celebraci\u00f3n del D\u00eda de la Paz.<\/p>\n<p>&nbsp;&nbsp;&nbsp;&nbsp;&nbsp;&nbsp;&nbsp;&nbsp;&nbsp;&nbsp;&nbsp; Este d\u00eda,&nbsp;han venido a nuestro instituto, alumnos\/as del CEIP Sagrado Coraz\u00f3n de T\u00edjola, alumnado del CPR Alto Almanzora (Armu\u00f1a, Bacares, Bayarque, Hijate y L\u00facar), y tambi\u00e9n el alumnado de 6\u00ba de primaria del Colegio San Gin\u00e9s de Purchena.<\/p>\n<p>&nbsp; &nbsp; &nbsp; &nbsp; &nbsp; &nbsp;Nuestro alumnado colaborador, le han realizado talleres y actividades.<\/p>\n<p>&nbsp;&nbsp;&nbsp;&nbsp;&nbsp;&nbsp;&nbsp;&nbsp;&nbsp;&nbsp;&nbsp; A las 9:30h hemos recibido a los alumnos, y con nuestros alumnos colaboradores, han iniciado los talleres educativos.<\/p>\n<p>&nbsp;&nbsp;&nbsp;&nbsp;&nbsp;&nbsp;&nbsp;&nbsp;&nbsp;&nbsp;&nbsp; A las 11:00h nos desplazamos a la plaza del ayuntamiento, donde los alumnos\/as han le\u00eddo manifiestos en favor de la paz, ense\u00f1anza inclusiva y en favor de la amistad y el compa\u00f1erismo.<\/p>\n<p>&nbsp;&nbsp;&nbsp;&nbsp;&nbsp;&nbsp;&nbsp;&nbsp;&nbsp;&nbsp;&nbsp; Volvemos al centro, y esperamos a las 12:00h, la llegada de personas del Centro Virgen del Socorro y de la Residencia de Mayores San Sebasti\u00e1n.<\/p>\n<p>&nbsp;&nbsp;&nbsp;&nbsp;&nbsp;&nbsp;&nbsp;&nbsp;&nbsp;&nbsp;&nbsp; Estas personas han participado en las diferentes actividades con los alumnos\/as de 1\u00ba, 2\u00ba,3\u00bay 4\u00ba de la ESO.<\/p>\n<p>&nbsp;&nbsp;&nbsp;&nbsp;&nbsp;&nbsp;&nbsp;&nbsp;&nbsp;&nbsp;&nbsp; Agradecemos a todos los participantes, al claustro y al personal laboral del instituto su colaboraci\u00f3n<\/p>\n<p style=\"text-align: center\"><img loading=\"lazy\" decoding=\"async\" class=\"alignnone  wp-image-145\" src=\"https:\/\/blogsaverroes.juntadeandalucia.es\/escuelaespaciodepaziesaltoalmanzora\/files\/2024\/02\/IMG-20240130-WA0050-300x169.jpg\" alt=\"\" width=\"244\" height=\"137\" srcset=\"https:\/\/blogsaverroes.juntadeandalucia.es\/escuelaespaciodepaziesaltoalmanzora\/files\/2024\/02\/IMG-20240130-WA0050-300x169.jpg 300w, https:\/\/blogsaverroes.juntadeandalucia.es\/escuelaespaciodepaziesaltoalmanzora\/files\/2024\/02\/IMG-20240130-WA0050-1024x576.jpg 1024w, https:\/\/blogsaverroes.juntadeandalucia.es\/escuelaespaciodepaziesaltoalmanzora\/files\/2024\/02\/IMG-20240130-WA0050-768x432.jpg 768w, https:\/\/blogsaverroes.juntadeandalucia.es\/escuelaespaciodepaziesaltoalmanzora\/files\/2024\/02\/IMG-20240130-WA0050-1536x864.jpg 1536w, https:\/\/blogsaverroes.juntadeandalucia.es\/escuelaespaciodepaziesaltoalmanzora\/files\/2024\/02\/IMG-20240130-WA0050.jpg 2000w\" sizes=\"(max-width: 244px) 100vw, 244px\" \/>&nbsp; &nbsp; &nbsp;&nbsp;<\/p>\n","protected":false},"excerpt":{"rendered":"<p>Escuela Espacio de Paz Curso 2023-2024 &nbsp;&nbsp;&nbsp;&nbsp;&nbsp;&nbsp;&nbsp;&nbsp; &nbsp; &nbsp; &nbsp; &nbsp; &nbsp; &nbsp; Iniciamos este curso escolar con la Celebraci\u00f3n del D\u00eda de la Paz. &nbsp;&nbsp;&nbsp;&nbsp;&nbsp;&nbsp;&nbsp;&nbsp;&nbsp;&nbsp;&nbsp; Este d\u00eda,&nbsp;han venido a nuestro instituto, alumnos\/as del&#46;&#46;&#46;<\/p>\n","protected":false},"author":11168,"featured_media":149,"comment_status":"open","ping_status":"open","sticky":false,"template":"","format":"standard","meta":{"ngg_post_thumbnail":0,"footnotes":""},"categories":[1],"tags":[],"aioseo_notices":[],"_links":{"self":[{"href":"https:\/\/blogsaverroes.juntadeandalucia.es\/escuelaespaciodepaziesaltoalmanzora\/wp-json\/wp\/v2\/posts\/144"}],"collection":[{"href":"https:\/\/blogsaverroes.juntadeandalucia.es\/escuelaespaciodepaziesaltoalmanzora\/wp-json\/wp\/v2\/posts"}],"about":[{"href":"https:\/\/blogsaverroes.juntadeandalucia.es\/escuelaespaciodepaziesaltoalmanzora\/wp-json\/wp\/v2\/types\/post"}],"author":[{"embeddable":true,"href":"https:\/\/blogsaverroes.juntadeandalucia.es\/escuelaespaciodepaziesaltoalmanzora\/wp-json\/wp\/v2\/users\/11168"}],"replies":[{"embeddable":true,"href":"https:\/\/blogsaverroes.juntadeandalucia.es\/escuelaespaciodepaziesaltoalmanzora\/wp-json\/wp\/v2\/comments?post=144"}],"version-history":[{"count":2,"href":"https:\/\/blogsaverroes.juntadeandalucia.es\/escuelaespaciodepaziesaltoalmanzora\/wp-json\/wp\/v2\/posts\/144\/revisions"}],"predecessor-version":[{"id":150,"href":"https:\/\/blogsaverroes.juntadeandalucia.es\/escuelaespaciodepaziesaltoalmanzora\/wp-json\/wp\/v2\/posts\/144\/revisions\/150"}],"wp:featuredmedia":[{"embeddable":true,"href":"https:\/\/blogsaverroes.juntadeandalucia.es\/escuelaespaciodepaziesaltoalmanzora\/wp-json\/wp\/v2\/media\/149"}],"wp:attachment":[{"href":"https:\/\/blogsaverroes.juntadeandalucia.es\/escuelaespaciodepaziesaltoalmanzora\/wp-json\/wp\/v2\/media?parent=144"}],"wp:term":[{"taxonomy":"category","embeddable":true,"href":"https:\/\/blogsaverroes.juntadeandalucia.es\/escuelaespaciodepaziesaltoalmanzora\/wp-json\/wp\/v2\/categories?post=144"},{"taxonomy":"post_tag","embeddable":true,"href":"https:\/\/blogsaverroes.juntadeandalucia.es\/escuelaespaciodepaziesaltoalmanzora\/wp-json\/wp\/v2\/tags?post=144"}],"curies":[{"name":"wp","href":"https:\/\/api.w.org\/{rel}","templated":true}]}}