{"id":170,"date":"2024-05-23T10:51:31","date_gmt":"2024-05-23T10:51:31","guid":{"rendered":"https:\/\/blogsaverroes.juntadeandalucia.es\/escuelaespaciodepaziesaltoalmanzora\/?p=170"},"modified":"2024-05-23T10:52:45","modified_gmt":"2024-05-23T10:52:45","slug":"memoria-escuela-espacio-de-paz-curso-2023-2024","status":"publish","type":"post","link":"https:\/\/blogsaverroes.juntadeandalucia.es\/escuelaespaciodepaziesaltoalmanzora\/2024\/05\/23\/memoria-escuela-espacio-de-paz-curso-2023-2024\/","title":{"rendered":"MEMORIA ESCUELA ESPACIO DE PAZ CURSO 2023\/2024"},"content":{"rendered":"<p>Os dejo la Memoria Escuela Espacio de Paz de este curso escolar.<\/p>\n<p>Es una Presentaci\u00f3n, donde en cada diapositiva, aparecen Enlaces, fotograf\u00edas de las diferentes actividades que hemos realizado en el centro.<\/p>\n<p>Actividades Intercentros, Revista Digital, Intercambios, Conferencias, Talleres, Acoes, ect<\/p>\n<p>Y un video de dicha presentaci\u00f3n<\/p>\n<p>Gracias al alumnado, profesorado, personal laboral del centro, Ayuntamiento, Colegios que han participado en Intercentros, Asociaci\u00f3n de Padres y Madres, a la Residencia de Mayores y a la Residencia de personas con discapacidad de T\u00edjola, y organismos de car\u00e1cter social que se han implicado de todas estas actividades.<\/p>\n<p>GRACIAS&nbsp; <a href=\"https:\/\/blogsaverroes.juntadeandalucia.es\/escuelaespaciodepaziesaltoalmanzora\/files\/2024\/05\/MEMORIA-ESCUELA-ESPACIO-DE-PAZ-23-24.pptx-3.pdf\">MEMORIA ESCUELA ESPACIO DE PAZ 23-24.pptx (3)<\/a><\/p>\n","protected":false},"excerpt":{"rendered":"<p>Os dejo la Memoria Escuela Espacio de Paz de este curso escolar. Es una Presentaci\u00f3n, donde en cada diapositiva, aparecen Enlaces, fotograf\u00edas de las diferentes actividades que hemos realizado en el centro. Actividades Intercentros,&#46;&#46;&#46;<\/p>\n","protected":false},"author":11168,"featured_media":0,"comment_status":"open","ping_status":"open","sticky":false,"template":"","format":"standard","meta":{"ngg_post_thumbnail":0,"footnotes":""},"categories":[1],"tags":[],"aioseo_notices":[],"_links":{"self":[{"href":"https:\/\/blogsaverroes.juntadeandalucia.es\/escuelaespaciodepaziesaltoalmanzora\/wp-json\/wp\/v2\/posts\/170"}],"collection":[{"href":"https:\/\/blogsaverroes.juntadeandalucia.es\/escuelaespaciodepaziesaltoalmanzora\/wp-json\/wp\/v2\/posts"}],"about":[{"href":"https:\/\/blogsaverroes.juntadeandalucia.es\/escuelaespaciodepaziesaltoalmanzora\/wp-json\/wp\/v2\/types\/post"}],"author":[{"embeddable":true,"href":"https:\/\/blogsaverroes.juntadeandalucia.es\/escuelaespaciodepaziesaltoalmanzora\/wp-json\/wp\/v2\/users\/11168"}],"replies":[{"embeddable":true,"href":"https:\/\/blogsaverroes.juntadeandalucia.es\/escuelaespaciodepaziesaltoalmanzora\/wp-json\/wp\/v2\/comments?post=170"}],"version-history":[{"count":3,"href":"https:\/\/blogsaverroes.juntadeandalucia.es\/escuelaespaciodepaziesaltoalmanzora\/wp-json\/wp\/v2\/posts\/170\/revisions"}],"predecessor-version":[{"id":174,"href":"https:\/\/blogsaverroes.juntadeandalucia.es\/escuelaespaciodepaziesaltoalmanzora\/wp-json\/wp\/v2\/posts\/170\/revisions\/174"}],"wp:attachment":[{"href":"https:\/\/blogsaverroes.juntadeandalucia.es\/escuelaespaciodepaziesaltoalmanzora\/wp-json\/wp\/v2\/media?parent=170"}],"wp:term":[{"taxonomy":"category","embeddable":true,"href":"https:\/\/blogsaverroes.juntadeandalucia.es\/escuelaespaciodepaziesaltoalmanzora\/wp-json\/wp\/v2\/categories?post=170"},{"taxonomy":"post_tag","embeddable":true,"href":"https:\/\/blogsaverroes.juntadeandalucia.es\/escuelaespaciodepaziesaltoalmanzora\/wp-json\/wp\/v2\/tags?post=170"}],"curies":[{"name":"wp","href":"https:\/\/api.w.org\/{rel}","templated":true}]}}