{"id":69,"date":"2021-11-07T13:12:53","date_gmt":"2021-11-07T13:12:53","guid":{"rendered":"https:\/\/blogsaverroes.juntadeandalucia.es\/escuelaespaciodepaziesaltoalmanzora\/?p=69"},"modified":"2021-11-07T13:12:53","modified_gmt":"2021-11-07T13:12:53","slug":"concurso-de-fotografia-por-el-dia-de-la-paz","status":"publish","type":"post","link":"https:\/\/blogsaverroes.juntadeandalucia.es\/escuelaespaciodepaziesaltoalmanzora\/2021\/11\/07\/concurso-de-fotografia-por-el-dia-de-la-paz\/","title":{"rendered":"CONCURSO DE FOTOGRAF\u00cdA POR EL D\u00cdA DE LA PAZ"},"content":{"rendered":"<p style=\"text-align: center\"><span style=\"font-size: x-large\"><b>I CONCURSO DE FOTOGRAF\u00cdA POR EL D\u00cdA DE LA PAZ<\/b><\/span><\/p>\n<p style=\"text-align: center\"><span style=\"font-size: x-large\"><b>(30 ENERO 2022)<\/b><\/span><\/p>\n<p style=\"text-align: center\" align=\"CENTER\">\u201c<span style=\"font-size: x-large\"><b>UN ABRAZO SIN DISTANCIAS\u201d<\/b><\/span><\/p>\n<p><img loading=\"lazy\" decoding=\"async\" class=\"alignnone size-full wp-image-70 aligncenter\" src=\"https:\/\/blogsaverroes.juntadeandalucia.es\/escuelaespaciodepaziesaltoalmanzora\/files\/2021\/11\/abrazo1.jpg\" alt=\"\" width=\"640\" height=\"426\" srcset=\"https:\/\/blogsaverroes.juntadeandalucia.es\/escuelaespaciodepaziesaltoalmanzora\/files\/2021\/11\/abrazo1.jpg 640w, https:\/\/blogsaverroes.juntadeandalucia.es\/escuelaespaciodepaziesaltoalmanzora\/files\/2021\/11\/abrazo1-300x200.jpg 300w\" sizes=\"(max-width: 640px) 100vw, 640px\" \/>Imagen de <a href=\"https:\/\/pixabay.com\/es\/users\/pexels-2286921\/?utm_source=link-attribution&amp;utm_medium=referral&amp;utm_campaign=image&amp;utm_content=1853996\">Pexels<\/a> en <a href=\"https:\/\/pixabay.com\/es\/?utm_source=link-attribution&amp;utm_medium=referral&amp;utm_campaign=image&amp;utm_content=1853996\">Pixabay<\/a><\/p>\n<p><span style=\"font-size: medium\"><b>F I N A L I D A D<\/b><\/span><\/p>\n<p><span style=\"font-size: medium\">El presente concurso tiene como finalidad promocionar la creaci\u00f3n art\u00edstica, la participaci\u00f3n del alumnado a trav\u00e9s de la fotograf\u00eda y su tratamiento con herramientas digitales, al mismo tiempo que mostrar a la sociedad la implicaci\u00f3n y compromiso del I.E.S. Alto Almanzora con la paz y el amor. Creemos que despu\u00e9s de tanta distancia obligatoria, ha llegado el momento de captar esos momentos de ternura y cari\u00f1o que nos pueden dar los abrazos.<\/span><\/p>\n<p><span style=\"font-size: medium\"><b>P A R T I C I P A N T E S<\/b><\/span><\/p>\n<p><span style=\"font-size: medium\">Podr\u00e1 participar cualquier alumna o alumno del instituto. <\/span><\/p>\n<p align=\"JUSTIFY\"><span style=\"font-size: medium\">Es imprescindible tener una direcci\u00f3n de correo electr\u00f3nico.<\/span><\/p>\n<p><span style=\"font-size: medium\">Cada autor puede presentar un m\u00e1ximo de 1 fotograf\u00eda.<\/span><\/p>\n<p><span style=\"font-size: medium\"><b>T E M A<\/b><\/span><\/p>\n<p align=\"JUSTIFY\"><span style=\"font-size: medium\">El tema principal es <\/span><span style=\"font-size: medium\"><b>\u201cUn abrazo sin distancias\u201d<\/b><\/span><span style=\"font-size: medium\">. Buscamos fotograf\u00edas hechas por alumnos y alumnas captando abrazos llenos de paz, ternura, cari\u00f1o y afecto. <\/span><\/p>\n<p><span style=\"font-size: medium\"><b>R E Q U I S I T O S<\/b><\/span><\/p>\n<p align=\"JUSTIFY\"><span style=\"font-size: medium\">Las fotograf\u00edas han de ser originales e in\u00e9ditas, es decir, que no hayan sido publicadas en web, cat\u00e1logos, revistas, peri\u00f3dicos y similares, y que no hayan sido ni presentadas ni premiadas en ning\u00fan concurso, festival, certamen u otros eventos similares. <\/span><\/p>\n<p align=\"JUSTIFY\"><span style=\"font-size: medium\">Las fotograf\u00edas deben de estar protagonizadas por personas reales, no ser\u00e1n v\u00e1lidas ilustraciones. <\/span><\/p>\n<p align=\"JUSTIFY\"><span style=\"font-size: medium\">Debido a la situaci\u00f3n Covid, los abrazos deben darse entre miembros de la misma familia.<\/span><\/p>\n<p><span style=\"font-size: medium\"><b>E X P O S I C I \u00d3 N<\/b><\/span><b> <\/b><\/p>\n<p><span style=\"font-size: medium\">Una selecci\u00f3n de fotos ser\u00e1 expuesta en el centro durante el mes de enero.<\/span><\/p>\n<p align=\"JUSTIFY\"><span style=\"font-size: medium\">En el mes de Febrero las fotograf\u00edas <\/span><span style=\"font-size: medium\"><b>\u201cFotograf\u00edas Viajeras\u201d <\/b><\/span><span style=\"font-size: medium\">las de nuestro centro, las expondremos en el Colegio, y el colegio expondr\u00e1n sus fotograf\u00edas en nuestro centro<\/span><\/p>\n<p><span style=\"font-size: medium\"><b>P R E M I O S<\/b><\/span><\/p>\n<p><span style=\"font-size: medium\">Primer premio: cheque regalo en librer\u00eda por valor de 30 \u20ac<\/span><\/p>\n<p><span style=\"font-size: medium\">Segundo Premio: cheque regalo en librer\u00eda por valor de 20 \u20ac<\/span><\/p>\n<p><span style=\"color: #434343\"><span style=\"font-size: medium\">Tercer premio:<\/span><\/span><span style=\"font-size: medium\">cheque regalo en librer\u00eda por valor de 10 \u20ac<\/span><\/p>\n<p><span style=\"font-size: medium\">El jurado estar\u00e1 compuesto por 6 alumnos\/as del colegio CEIP Sagrado Coraz\u00f3n que decidir\u00e1n los ganadores sin conocer el nombre del autor o autora de la fotograf\u00eda.<\/span><\/p>\n<p><span style=\"font-size: medium\"><b>E N V \u00cd O DE LAS FOTOGRAF\u00cdAS Y REQUISITOS T\u00c9CNICOS DE LAS MISMAS<\/b><\/span><\/p>\n<p><span style=\"font-size: medium\">1.Cada una de las fotograf\u00edas se enviar\u00e1n por correo electr\u00f3nico a la direcci\u00f3n <\/span><a href=\"mailto:escuelaespaciopaz@gmail.com\"><span style=\"color: #1155cc\"><span style=\"font-size: medium\"><u>escuelaespaciopaz@gmail.com<\/u><\/span><\/span><\/a><\/p>\n<p align=\"JUSTIFY\"><span style=\"font-size: medium\">Cada participante enviar\u00e1 una fotograf\u00eda en el correo electr\u00f3nico, indicando en el cuerpo de texto del mensaje los siguientes datos:<\/span><\/p>\n<ol style=\"list-style-type: lower-alpha\">\n<li>\n<p align=\"JUSTIFY\"><span style=\"color: #000000;font-family: georgia, palatino, serif\"><span style=\"font-size: medium\">Nombre y apellidos.<\/span><\/span><\/p>\n<\/li>\n<li>\n<p align=\"JUSTIFY\"><span style=\"color: #000000;font-family: georgia, palatino, serif\"><span style=\"font-size: medium\">Curso y clase.<\/span><\/span><\/p>\n<\/li>\n<li>\n<p align=\"JUSTIFY\"><span style=\"font-family: georgia, palatino, serif\"><span style=\"color: #000000\"><span style=\"font-size: medium\">T\u00edtulo de cada fotograf\u00eda<\/span><\/span><span style=\"font-size: medium\">.<\/span><\/span><\/p>\n<\/li>\n<li>\n<p align=\"JUSTIFY\"><span style=\"font-family: georgia, palatino, serif\"><span style=\"color: #000000\"><span style=\"font-size: medium\">Breve descripci\u00f3n de la fotograf\u00eda<\/span><\/span><span style=\"font-size: medium\">.<\/span><\/span><\/p>\n<\/li>\n<\/ol>\n<p align=\"JUSTIFY\"><span style=\"font-size: medium\">2. Es responsabilidad de cada autor o autora que la fotograf\u00eda tenga una buena resoluci\u00f3n.<\/span><\/p>\n<p><span style=\"font-size: medium\"><b>C A L E N D A R I O <\/b><\/span><\/p>\n<p align=\"JUSTIFY\"><span style=\"font-size: medium\">Fecha l\u00edmite de admisi\u00f3n de fotograf\u00edas: 17 de diciembre de 2021. <\/span><\/p>\n<p><span style=\"font-size: medium\">Publicaci\u00f3n del fallo del jurado: 17 de enero de 2022.<\/span><\/p>\n<p><span style=\"font-size: medium\">Entrega de premios:<\/span> <span style=\"font-size: medium\">el d\u00eda de la Paz, celebraci\u00f3n en el centro<\/span><\/p>\n","protected":false},"excerpt":{"rendered":"<p>I CONCURSO DE FOTOGRAF\u00cdA POR EL D\u00cdA DE LA PAZ (30 ENERO 2022) \u201cUN ABRAZO SIN DISTANCIAS\u201d Imagen de Pexels en Pixabay F I N A L I D A D El presente concurso&#46;&#46;&#46;<\/p>\n","protected":false},"author":10550,"featured_media":0,"comment_status":"open","ping_status":"open","sticky":false,"template":"","format":"standard","meta":{"ngg_post_thumbnail":0,"footnotes":""},"categories":[1],"tags":[],"aioseo_notices":[],"_links":{"self":[{"href":"https:\/\/blogsaverroes.juntadeandalucia.es\/escuelaespaciodepaziesaltoalmanzora\/wp-json\/wp\/v2\/posts\/69"}],"collection":[{"href":"https:\/\/blogsaverroes.juntadeandalucia.es\/escuelaespaciodepaziesaltoalmanzora\/wp-json\/wp\/v2\/posts"}],"about":[{"href":"https:\/\/blogsaverroes.juntadeandalucia.es\/escuelaespaciodepaziesaltoalmanzora\/wp-json\/wp\/v2\/types\/post"}],"author":[{"embeddable":true,"href":"https:\/\/blogsaverroes.juntadeandalucia.es\/escuelaespaciodepaziesaltoalmanzora\/wp-json\/wp\/v2\/users\/10550"}],"replies":[{"embeddable":true,"href":"https:\/\/blogsaverroes.juntadeandalucia.es\/escuelaespaciodepaziesaltoalmanzora\/wp-json\/wp\/v2\/comments?post=69"}],"version-history":[{"count":1,"href":"https:\/\/blogsaverroes.juntadeandalucia.es\/escuelaespaciodepaziesaltoalmanzora\/wp-json\/wp\/v2\/posts\/69\/revisions"}],"predecessor-version":[{"id":71,"href":"https:\/\/blogsaverroes.juntadeandalucia.es\/escuelaespaciodepaziesaltoalmanzora\/wp-json\/wp\/v2\/posts\/69\/revisions\/71"}],"wp:attachment":[{"href":"https:\/\/blogsaverroes.juntadeandalucia.es\/escuelaespaciodepaziesaltoalmanzora\/wp-json\/wp\/v2\/media?parent=69"}],"wp:term":[{"taxonomy":"category","embeddable":true,"href":"https:\/\/blogsaverroes.juntadeandalucia.es\/escuelaespaciodepaziesaltoalmanzora\/wp-json\/wp\/v2\/categories?post=69"},{"taxonomy":"post_tag","embeddable":true,"href":"https:\/\/blogsaverroes.juntadeandalucia.es\/escuelaespaciodepaziesaltoalmanzora\/wp-json\/wp\/v2\/tags?post=69"}],"curies":[{"name":"wp","href":"https:\/\/api.w.org\/{rel}","templated":true}]}}