{"id":2852,"date":"2021-05-23T11:06:38","date_gmt":"2021-05-23T10:06:38","guid":{"rendered":"https:\/\/blogsaverroes.juntadeandalucia.es\/escuelainfantilelcastellon\/?p=2852"},"modified":"2021-05-23T12:31:05","modified_gmt":"2021-05-23T11:31:05","slug":"2852-2","status":"publish","type":"post","link":"https:\/\/blogsaverroes.juntadeandalucia.es\/escuelainfantilelcastellon\/2852-2\/","title":{"rendered":"Premio Vida Sana"},"content":{"rendered":"<p><a href=\"https:\/\/blogsaverroes.juntadeandalucia.es\/escuelainfantilelcastellon\/files\/2021\/05\/slide-vida-sana-png.png\"><img fetchpriority=\"high\" decoding=\"async\" class=\"aligncenter wp-image-2851\" src=\"https:\/\/blogsaverroes.juntadeandalucia.es\/escuelainfantilelcastellon\/files\/2021\/05\/slide-vida-sana-png-300x97.png\" alt=\"\" width=\"522\" height=\"169\" srcset=\"https:\/\/blogsaverroes.juntadeandalucia.es\/escuelainfantilelcastellon\/files\/2021\/05\/slide-vida-sana-png-300x97.png 300w, https:\/\/blogsaverroes.juntadeandalucia.es\/escuelainfantilelcastellon\/files\/2021\/05\/slide-vida-sana-png-768x248.png 768w, https:\/\/blogsaverroes.juntadeandalucia.es\/escuelainfantilelcastellon\/files\/2021\/05\/slide-vida-sana-png.png 895w\" sizes=\"(max-width: 522px) 100vw, 522px\" \/><\/a><\/p>\n<p style=\"text-align: center\">\u00a1Hemos participado en la V Edici\u00f3n de los Premios Vida Sana de la Fundaci\u00f3n Caser y hemos quedado finalistas! El premio tiene una dotaci\u00f3n econ\u00f3mica de 800 euros que servir\u00e1n para continuar fomentando los h\u00e1bitos saludables. Han sido varios a\u00f1os desarrollando el programa \u00abCreciendo en Salud\u00bb y multitud las actividades llevadas a cabo con el alumnado. Queremos agradecer a todos los que hac\u00e9is posible que sigamos desarrollando planes y proyectos tan enriquecedores para los peques. Os dejamos una m\u00ednima muestra de lo que hemos estado trabajando en estos cursos en el siguiente enlace:<\/p>\n<p style=\"text-align: center\"><a href=\"https:\/\/fb.watch\/5FUDDe-vP-\/\">https:\/\/fb.watch\/5FUDDe-vP-\/<\/a><\/p>\n<h2>V Edici\u00f3n de los Premios Vida Sana<\/h2>\n<p><strong>Programa para la Innovaci\u00f3n Educativa de H\u00e1bitos de Vida Saludable<\/strong><\/p>\n<p>La Fundaci\u00f3n Caser ha convocado la V Edici\u00f3n los Premios Vida Sana en colaboraci\u00f3n con la Junta de Andaluc\u00eda. &nbsp;Estos premios tienen como objetivo fomentar e impulsar acciones de promoci\u00f3n de la salud y h\u00e1bitos saludables en los centros docentes de Andaluc\u00eda.<\/p>\n<p>Se han presentado&nbsp;<strong>un total de 71 proyectos<\/strong>, de los cuales 35 pertenecen a la modalidad Creciendo en Salud (alumnos de educaci\u00f3n especial, infantil y primaria) y 36 a Forma Joven (alumnos de secundaria).<\/p>\n<p>Los trabajos presentados han sido valorados, en un primer lugar, por parte de un Jurado Provincial, que han realizado una preselecci\u00f3n de 60 proyectos.<\/p>\n<p>De entre las propuestas preseleccionadas, el Jurado Auton\u00f3mico compuesto por miembros de las diferentes Consejer\u00edas de la Junta de Andaluc\u00eda y del Consejo Territorial de Caser, ha sido el encargado de elegir a los 7 trabajos finalistas y el trabajo ganador en la modalidad Creciendo en Salud:<\/p>\n<h4 style=\"text-align: center\">GANADOR<\/h4>\n<p style=\"text-align: center\">\u201cConstruyendo una nueva realidad m\u00e1s saludable\u201d<br \/>\nC.E.I.P. Rafael Vidal, Fonelas (Granada)<\/p>\n<h4 style=\"text-align: center\">FINALISTAS<\/h4>\n<p style=\"text-align: center\"><span style=\"color: #ff0000\">\u201cIlusi\u00f3n por crecer de forma saludable\u201d<\/span><br \/>\n<span style=\"color: #ff0000\">E.I. El Castell\u00f3n, V\u00e9lez-Rubio (Almer\u00eda)<\/span><\/p>\n<p style=\"text-align: center\">\u201cS\u00e9 cuidarme, Me responsabilizo de mi salud\u201d<br \/>\nC.P.D. Ni\u00f1o Jes\u00fas, Chiclana de la Frontera (C\u00e1diz)<\/p>\n<p style=\"text-align: center\">\u201cSanos y sanas estamos en la Gloria\u201d<br \/>\nC.E.I.P. Gloria Fuertes (C\u00f3rdoba)<\/p>\n<p style=\"text-align: center\">\u201cDe dado a dado mi salud ha mejorado. El Carmen y sus 12 kil\u00f3metros saludables\u201d<br \/>\nC.E.I.P. Nuestra Se\u00f1ora del Carmen, Isla Cristina (Huelva)<\/p>\n<p style=\"text-align: center\">\u201cNinjas de la salud\u201d<br \/>\nC.P.R. Puerta del Condado, Arquillos (Ja\u00e9n)<\/p>\n<p style=\"text-align: center\">\u201cCrecemos sanos con Lopito\u201d<br \/>\nC.E.I.P. Lope de Vega, Co\u00edn (M\u00e1laga)<\/p>\n<p style=\"text-align: center\">\u201cDisfruta tu desayuno\u201d<br \/>\nC.E.l.P. San Jos\u00e9 de Calasanz, La Puebla de los Infantes (Sevilla)<\/p>\n<p>&nbsp;<\/p>\n<p><strong>Jurado de los Premios Vida Sana<\/strong><\/p>\n<p>El Jurado est\u00e1 formado por representantes de las consejer\u00edas implicadas en el desarrollo del Programa para la Innovaci\u00f3n Educativa, H\u00e1bitos de Vida Saludable en Andaluc\u00eda y por representantes de la Fundaci\u00f3n Caser.<\/p>\n<p>El Jurado de los Premios Vida Sana se constituy\u00f3 legalmente, por medios telem\u00e1ticos, el 12 de mayo del 2021 integrado por los siguientes miembros:<\/p>\n<p><strong>Presidente:<\/strong><\/p>\n<p>D. Antonio Mar\u00eda Claret Garc\u00eda<br \/>\nPresidente del Consejo Territorial de Caser en Andaluc\u00eda<\/p>\n<p><strong>Miembros del Jurado:<\/strong><\/p>\n<p>D. Jos\u00e9 Mar\u00eda Paagman<br \/>\nVicepresidente de la Fundaci\u00f3n Caser<\/p>\n<p>D. Jos\u00e9 Manuel Garc\u00eda-Olmo<br \/>\nDirector Territorial Sur de Agentes y Corredores de Caser<\/p>\n<p>D. Antonio Segura Marrero<br \/>\nDirector General de Formaci\u00f3n del Profesorado e Innovaci\u00f3n Educativa<\/p>\n<p>D. Jos\u00e9 M\u00aa. de Torres Medina<br \/>\nDirector General de Salud P\u00fablica y Ordenaci\u00f3n Farmac\u00e9utica<\/p>\n<p>D. Paulino Montiel Gallardo<br \/>\nJefe de Servicio de Evaluaci\u00f3n y Control de Programas<\/p>\n<p>D. Manuel Mart\u00edn Gonz\u00e1lez<br \/>\nJefe de Servicio de Planes y Programas Educativos<\/p>\n<p>D\u00aa. M\u00aa. Dolores Fern\u00e1ndez P\u00e9rez<br \/>\nJefa de Servicio de Promoci\u00f3n y Acci\u00f3n Local en Salud<\/p>\n<p>D. Francisco Gabriel Fern\u00e1ndez Garc\u00eda<br \/>\nAsesor T\u00e9cnico del Servicio de Evaluaci\u00f3n y Control de Programas<\/p>\n<p>D\u00aa. Ana Bel\u00e9n Mart\u00ednez Amor\u00f3s<br \/>\nServicio de Planes y Programas Educativos<\/p>\n<p>D\u00aa. Matilde Calero Fern\u00e1ndez&nbsp;<br \/>\nDepartamento de Fomento y Participaci\u00f3n<\/p>\n<p>D. Juan Sitges Breiter<br \/>\nDirector de la Fundaci\u00f3n Caser<\/p>\n<p><strong>Secretar\u00eda<\/strong><\/p>\n<p>D\u00aa. Eva L\u00e1zaro Fontcuberta<br \/>\nFundaci\u00f3n Caser<\/p>\n<p style=\"text-align: center\">&nbsp;<\/p>\n","protected":false},"excerpt":{"rendered":"<p>\u00a1Hemos participado en la V Edici\u00f3n de los Premios Vida Sana de la Fundaci\u00f3n Caser y hemos quedado finalistas! El premio tiene una dotaci\u00f3n econ\u00f3mica de 800 euros que servir\u00e1n para continuar fomentando los&#46;&#46;&#46;<\/p>\n","protected":false},"author":11475,"featured_media":0,"comment_status":"open","ping_status":"open","sticky":false,"template":"","format":"standard","meta":{"ngg_post_thumbnail":0,"footnotes":""},"categories":[526],"tags":[],"aioseo_notices":[],"_links":{"self":[{"href":"https:\/\/blogsaverroes.juntadeandalucia.es\/escuelainfantilelcastellon\/wp-json\/wp\/v2\/posts\/2852"}],"collection":[{"href":"https:\/\/blogsaverroes.juntadeandalucia.es\/escuelainfantilelcastellon\/wp-json\/wp\/v2\/posts"}],"about":[{"href":"https:\/\/blogsaverroes.juntadeandalucia.es\/escuelainfantilelcastellon\/wp-json\/wp\/v2\/types\/post"}],"author":[{"embeddable":true,"href":"https:\/\/blogsaverroes.juntadeandalucia.es\/escuelainfantilelcastellon\/wp-json\/wp\/v2\/users\/11475"}],"replies":[{"embeddable":true,"href":"https:\/\/blogsaverroes.juntadeandalucia.es\/escuelainfantilelcastellon\/wp-json\/wp\/v2\/comments?post=2852"}],"version-history":[{"count":4,"href":"https:\/\/blogsaverroes.juntadeandalucia.es\/escuelainfantilelcastellon\/wp-json\/wp\/v2\/posts\/2852\/revisions"}],"predecessor-version":[{"id":2883,"href":"https:\/\/blogsaverroes.juntadeandalucia.es\/escuelainfantilelcastellon\/wp-json\/wp\/v2\/posts\/2852\/revisions\/2883"}],"wp:attachment":[{"href":"https:\/\/blogsaverroes.juntadeandalucia.es\/escuelainfantilelcastellon\/wp-json\/wp\/v2\/media?parent=2852"}],"wp:term":[{"taxonomy":"category","embeddable":true,"href":"https:\/\/blogsaverroes.juntadeandalucia.es\/escuelainfantilelcastellon\/wp-json\/wp\/v2\/categories?post=2852"},{"taxonomy":"post_tag","embeddable":true,"href":"https:\/\/blogsaverroes.juntadeandalucia.es\/escuelainfantilelcastellon\/wp-json\/wp\/v2\/tags?post=2852"}],"curies":[{"name":"wp","href":"https:\/\/api.w.org\/{rel}","templated":true}]}}