{"id":2433,"date":"2020-10-13T13:49:59","date_gmt":"2020-10-13T13:49:59","guid":{"rendered":"https:\/\/blogsaverroes.juntadeandalucia.es\/escuelainfantillasmargaritas\/?p=2433"},"modified":"2021-09-13T09:51:21","modified_gmt":"2021-09-13T09:51:21","slug":"protocolo-covid-19","status":"publish","type":"post","link":"https:\/\/blogsaverroes.juntadeandalucia.es\/escuelainfantillasmargaritas\/protocolo-covid-19\/","title":{"rendered":"Protocolo COVID 19"},"content":{"rendered":"<table width=\"47%\">\n<tbody>\n<tr>\n<td width=\"100%\">&nbsp;<\/td>\n<\/tr>\n<\/tbody>\n<\/table>\n<p style=\"text-align: center\"><strong>INFORMACI\u00d3N DEL PROTOCOLO DE ACTUACI\u00d3N<\/strong><\/p>\n<p style=\"text-align: center\"><strong>COVID-19<\/strong><\/p>\n<p>Las \u201cInstrucciones&nbsp; de 6 de julio de 2020, de la Viceconsejer\u00eda de Educaci\u00f3n y Deporte, relativas a la organizaci\u00f3n de las escuelas infantiles y de los centros de educaci\u00f3n infantil para el curso escolar 2021\/2022, motivada por la crisis sanitaria del COVID-19\u201d, teniendo en cuenta las orientaciones, recomendaciones y las acciones organizativas propuestas en el documento de \u201cMedidas de prevenci\u00f3n, protecci\u00f3n, vigilancia y promoci\u00f3n de la salud. COVID-19. Centros y servicios educativos docentes (no universitarios) de Andaluc\u00eda. Curso 2021\/2022\u201d, establecen una serie de medidas de organizaci\u00f3n de los centros, teniendo en cuenta las especiales circunstancias que concurren como consecuencia de la situaci\u00f3n de crisis sanitaria provocada por el COVID-19.<\/p>\n<p>Teniendo en cuenta estos documentos se ha elaborado un Protocolo de Actuaci\u00f3n COVID-19 para la Escuela Infantil \u00abLas Margaritas\u00bb. A continuaci\u00f3n se detallan una serie recomendaciones y directrices (recogidas en el Protocolo y dirigidas a las familias) en relaci\u00f3n a las medidas de prevenci\u00f3n e higiene frente al COVID-19 para las actividades e instalaciones del centro para&nbsp; este curso. Estas medidas se ir\u00e1n actualizando cuando la situaci\u00f3n epidemiol\u00f3gica as\u00ed lo requiera y se adaptar\u00e1n al escenario existente en cada momento.<\/p>\n<p><u>Actuaciones previas a la apertura del centro<\/u><\/p>\n<ul>\n<li>Preparar el Protocolo y hac\u00e9rselo llegar a las familias antes de la incorporaci\u00f3n de los ni\u00f1os\/as<\/li>\n<li>Organizar los grupos de convivencia escolar, que reunir\u00e1n las siguientes condiciones:\n<ul>\n<li>Los ni\u00f1os\/as del grupo se relacionar\u00e1n entre ellos de modo estable, pudiendo socializar y jugar entre s\u00ed, sin tener que garantizar la distancia de seguridad. Estos grupos no interaccionar\u00e1n con otros grupos del centro.<\/li>\n<li>Cada grupo utilizar\u00e1 dos aulas de referencia, donde desarrollar\u00e1n todas sus actividades.<\/li>\n<li>Como cada grupo est\u00e1 compuesto por dos aulas, ser\u00e1 atendido por dos TSEI m\u00e1s un PLA de apoyo.<\/li>\n<\/ul>\n<\/li>\n<li>Organizar las reuniones con las familias por grupos de convivencia escolar.<\/li>\n<li>Habilitar las distintas entradas al centro. Cada grupo de convenc\u00eda escolar tendr\u00e1 una asignada una entrada por la que entrar\u00e1 y saldr\u00e1 del centro.<\/li>\n<\/ul>\n<p><u>Entrada y salida del centro<\/u><\/p>\n<ul>\n<li>S\u00f3lo una persona de la familia acompa\u00f1ar\u00e1 al ni\u00f1o\/a, tanto a la entrada como a la salida.<\/li>\n<li>No se podr\u00e1 traer carritos al centro.<\/li>\n<li>En casa se le tomar\u00e1 la temperatura al ni\u00f1o\/a, en caso de estar por encima de los 37,5\u00ba C no se llevar\u00e1 al centro y se avisar\u00e1 de la causa. En el centro tambi\u00e9n se le tomar\u00e1 la temperatura y se avisar\u00e1 a los familiares cuando supere los 37,5 \u00baC.<\/li>\n<li>Dada la situaci\u00f3n en la que nos encontramos, las familias dispondr\u00e1n de 10 minutos para traer o llevar a su hijo\/a. Estos horarios ser\u00e1n bastante estrictos para evitar aglomeraciones en las entradas y contactos innecesarios.<\/li>\n<li>Cada ni\u00f1o\/a acceder\u00e1 al centro por la entrada correspondiente donde lo recibir\u00e1 su tutora.<\/li>\n<\/ul>\n<p><u>Acceso de las familias al centro<\/u><\/p>\n<ul>\n<li>Ser\u00e1 obligatorio el uso de mascarillas<\/li>\n<li>Mantener la distancia de seguridad<\/li>\n<li>En todas las entradas se dispondr\u00e1 de alfombrillas desinfectantes y dispensadores de geles hidroalcoh\u00f3licos para la limpieza del calzado y desinfecci\u00f3n de manos.<\/li>\n<li>El familiar que acompa\u00f1e al ni\u00f1o\/a s\u00f3lo tendr\u00e1 acceso a la entrada que le corresponda.<\/li>\n<li>Las familias podr\u00e1n acceder al interior del centro en casos muy excepcionales, salvo necesidad (previa solicitud) o por indicaci\u00f3n del equipo directivo y\/o educativo.<\/li>\n<\/ul>\n<p><u>Horarios de entrada y salidas<\/u><\/p>\n<p>&nbsp;<\/p>\n<table style=\"width: 93.5873%\">\n<tbody>\n<tr>\n<td style=\"width: 20.1754%\" width=\"83\"><strong>&nbsp;<\/strong><\/p>\n<p><strong>AULAS<\/strong><\/td>\n<td style=\"width: 18.7719%\" width=\"104\"><strong>ENTRADAS Y&nbsp; <\/strong><\/p>\n<p><strong>SALIDAS<\/strong><\/td>\n<td style=\"width: 21.7544%\" width=\"123\"><strong>HORARIO AULA MATINAL<\/strong><\/td>\n<td style=\"width: 20.5263%\" width=\"113\"><strong>HORARIO AT. EDUCATIVA<\/strong><\/td>\n<td style=\"width: 45.4163%\" width=\"89\"><strong>HORARIO DE&nbsp; SALIDAS<\/strong><\/td>\n<\/tr>\n<tr>\n<td style=\"width: 20.1754%\" width=\"83\"><strong>&nbsp;<\/strong><\/p>\n<p><strong>BAMBY<\/strong><\/p>\n<p>( cunas )<\/td>\n<td style=\"width: 18.7719%\" width=\"104\">&nbsp;<\/p>\n<p>Puerta trasera&nbsp; (patio grande)<\/p>\n<p style=\"text-align: center\"><strong>C<\/strong><\/p>\n<\/td>\n<td style=\"width: 21.7544%\" width=\"123\">&nbsp;<\/p>\n<p>7:30-7:35<\/p>\n<p>8.00-8.05<\/p>\n<p>8:30-8:35<\/td>\n<td style=\"width: 20.5263%\" width=\"113\">&nbsp;<\/p>\n<p>9:20-9:30<\/td>\n<td style=\"width: 45.4163%\" width=\"89\">12:15*&nbsp;&nbsp;&nbsp;&nbsp;<\/p>\n<p>13:50-14:00<\/p>\n<p>15:35-15:45<\/p>\n<p>16:50-17:00<\/td>\n<\/tr>\n<tr>\n<td style=\"width: 20.1754%\" width=\"83\"><strong>&nbsp;<\/strong><\/p>\n<p><strong>PINOCHO<\/strong> (1a\u00f1o)<\/td>\n<td style=\"width: 18.7719%\" width=\"104\">&nbsp;<\/p>\n<p>Puerta trasera&nbsp; (patio grande)<\/p>\n<p>&nbsp;&nbsp;&nbsp;&nbsp;<\/p>\n<p style=\"text-align: center\"><strong>C<\/strong><\/p>\n<\/td>\n<td style=\"width: 21.7544%\" width=\"123\">&nbsp;<\/p>\n<p>7:30-7:35<\/p>\n<p>8.00-8.05<\/p>\n<p>8:30-8:35<\/td>\n<td style=\"width: 20.5263%\" width=\"113\">&nbsp;<\/p>\n<p>9:10-9:20<\/td>\n<td style=\"width: 45.4163%\" width=\"89\">12:15*&nbsp;<\/p>\n<p>13:40-13:50&nbsp;&nbsp;<\/p>\n<p>15:25-15:35<\/p>\n<p>16:40-16:50<\/p>\n<p>&nbsp;<\/td>\n<\/tr>\n<tr>\n<td style=\"width: 20.1754%\" width=\"83\"><strong>&nbsp;<\/strong><\/p>\n<p><strong>PETER PAN<\/strong><\/p>\n<p>( 1 a\u00f1o)<\/td>\n<td style=\"width: 18.7719%\" width=\"104\">&nbsp;<\/p>\n<p>Puerta trasera&nbsp; (patio grande)<\/p>\n<p>&nbsp;<\/p>\n<p style=\"text-align: center\"><strong>C<\/strong><\/p>\n<\/td>\n<td style=\"width: 21.7544%\" width=\"123\">&nbsp;<\/p>\n<p>7:30-7:35<\/p>\n<p>8.00-8.05<\/p>\n<p>8:30-8:35<\/td>\n<td style=\"width: 20.5263%\" width=\"113\">&nbsp;<\/p>\n<p>9:00-9:10<\/td>\n<td style=\"width: 45.4163%\" width=\"89\">12:15*&nbsp;&nbsp;&nbsp;&nbsp;<\/p>\n<p>13:30-13:40<\/p>\n<p>15:15-15:25<\/p>\n<p>16:30-16:40<\/td>\n<\/tr>\n<tr>\n<td style=\"width: 20.1754%\" width=\"83\"><strong>LA CENICIENTA<\/strong><\/p>\n<p>(2 a\u00f1os)<\/td>\n<td style=\"width: 18.7719%\" width=\"104\">&nbsp;<\/p>\n<p>Puerta peque\u00f1a<\/p>\n<p style=\"text-align: center\"><strong>B<\/strong><\/p>\n<\/td>\n<td style=\"width: 21.7544%\" width=\"123\">7:30-7:35<\/p>\n<p>8.00-8.05<\/p>\n<p>8:30-8:35<\/td>\n<td style=\"width: 20.5263%\" width=\"113\">9:00-9:10<\/td>\n<td style=\"width: 45.4163%\" width=\"89\">12:15*&nbsp;&nbsp;&nbsp;&nbsp;<\/p>\n<p>13:30-13:40<\/p>\n<p>15:15-15:25<\/p>\n<p>16:30-16:40<\/td>\n<\/tr>\n<tr>\n<td style=\"width: 20.1754%\" width=\"83\"><strong>&nbsp;<\/strong><\/p>\n<p><strong>NEMO<\/strong><\/p>\n<p>(1 y 2 a\u00f1os)<\/td>\n<td style=\"width: 18.7719%\" width=\"104\">&nbsp;<\/p>\n<p>Puerta Principal<\/p>\n<p style=\"text-align: center\"><strong>A<\/strong><\/p>\n<\/td>\n<td style=\"width: 21.7544%\" width=\"123\">&nbsp;<\/p>\n<p>7:30-7:35<\/p>\n<p>8.00-8.05<\/p>\n<p>8:30-8:35<\/td>\n<td style=\"width: 20.5263%\" width=\"113\">&nbsp;<\/p>\n<p>9:10-9:20<\/td>\n<td style=\"width: 45.4163%\" width=\"89\">12:15*&nbsp;<\/p>\n<p>13:40-13:50&nbsp;&nbsp;<\/p>\n<p>15:25-15:35<\/p>\n<p>16:40-16:50<\/td>\n<\/tr>\n<tr>\n<td style=\"width: 20.1754%\" width=\"83\"><strong>&nbsp;<\/strong><\/p>\n<p><strong>LA SIRENITA<\/strong><\/p>\n<p>(2 a\u00f1os)<\/td>\n<td style=\"width: 18.7719%\" width=\"104\">&nbsp;<\/p>\n<p>Puerta Principal<\/p>\n<p style=\"text-align: center\"><strong>A<\/strong><\/p>\n<\/td>\n<td style=\"width: 21.7544%\" width=\"123\">&nbsp;<\/p>\n<p>7:30-7:35<\/p>\n<p>8.00-8.05<\/p>\n<p>8:30-8:35<\/td>\n<td style=\"width: 20.5263%\" width=\"113\">&nbsp;<\/p>\n<p>9:00-9:10<\/td>\n<td style=\"width: 45.4163%\" width=\"89\">12:15*&nbsp;&nbsp;&nbsp;&nbsp;<\/p>\n<p>13:30-13:40<\/p>\n<p>15:15-15:25<\/p>\n<p>16:30-16:40<\/td>\n<\/tr>\n<\/tbody>\n<\/table>\n<p>&nbsp;<\/p>\n<p>Puerta A: Entrada principal<\/p>\n<p>Puerta B: Entrada de acceso al patio peque\u00f1o<\/p>\n<p>Puerta C: entrada trasera de acceso al patio grande<\/p>\n<p>* Ni\u00f1os\/as que no se quedan a comer<\/p>\n<p><u>Comunicaci\u00f3n con las familias<\/u><\/p>\n<p>Durante este curso, los mecanismos de comunicaci\u00f3n con las familias ser\u00e1n los siguientes:<\/p>\n<ul>\n<li>La utilizaci\u00f3n de las agendas digitales se hace necesaria para minimizar el contacto con las familias de forma directa, pero manteni\u00e9ndolas informadas de todos los acontecimientos importantes y rutinas que se llevan a diario en el aula. La comunicaci\u00f3n a trav\u00e9s de la agenda digital es la que utilizaremos principalmente durante este 2021\/22. La APP para la instalaci\u00f3n en su m\u00f3vil, se le indicar\u00e1 en la reuni\u00f3n al iniciar el curso.<\/li>\n<li>Se est\u00e1 elaborando un blog informativo (<a href=\"https:\/\/blogsaverroes.juntadeandalucia.es\/escuelainfantillasmargaritas\/\">https:\/\/blogsaverroes.juntadeandalucia.es\/escuelainfantillasmargaritas\/<\/a>.) en el que se colgar\u00e1 el Protocolo y en el que iremos colgando a lo largo del curso, informaci\u00f3n relevante a las familias y actividades que se hayan ido realizando durante el mismo. El blog nos servir\u00e1 de soporte para colgar actividades adaptadas a cada nivel, en el caso de un nuevo confinamiento.<\/li>\n<li>Correos electr\u00f3nicos y llamadas telef\u00f3nicas.<\/li>\n<li>Colocaci\u00f3n de infograf\u00edas, carteler\u00eda y se\u00f1alizaci\u00f3n para un mejor cumplimiento y comprensi\u00f3n de las medidas de prevenci\u00f3n, vigilancia e higiene.<\/li>\n<\/ul>\n<p><u>Actuaciones ante un caso sospechoso de infecci\u00f3n por COVID-19<\/u><\/p>\n<ul>\n<li>Las familias no pueden llevar al centro a su hijo\/a con s\u00edntomas compatibles con COVID-19 o diagnosticado de COVID-19, o que se encuentre en periodo de cuarentena domiciliaria por haber tenido contacto con alguna persona con s\u00edntomas o diagnosticado de COVID-19. Para ello, las familias vigilar\u00e1n el estado de salud y tomar\u00e1n la temperatura a su hijo\/a antes de salir de casa para ir centro. Si el ni\u00f1o\/a tuviera fiebre o s\u00edntomas compatibles con COVID-19 no deber\u00e1 asistir al centro hasta su valoraci\u00f3n m\u00e9dica, debiendo avisar a la escuela infantil y llamar a su centro de salud o Secci\u00f3n de Epidemiolog\u00eda de la Delegaci\u00f3n Provincial de Almer\u00eda (950 013 658, e-mail: <a href=\"mailto:epidemiolog\u00eda.al.csalud@juntadeandalucia.es\">epidemiolog\u00eda.al.csalud@juntadeandalucia.es<\/a>).<\/li>\n<li>Las familias deben aportar al centro un n\u00famero de tel\u00e9fono, que est\u00e9 siempre disponible, para informarlas de cualquier incidencia que se produzca. Si alg\u00fan ni\u00f1o\/a presenta s\u00edntomas llamaremos a la familia para que lo recoja de inmediato y avisaremos a las autoridades sanitarias para actuar seg\u00fan sus directrices.<\/li>\n<\/ul>\n<p>PARA CONVERTIR EL CENTRO EN UN ENTORNO ESCOLAR SEGURO Y CONTRIBUIR AL MANTENIMIENTO DE LA SALUD DE TODOS\/AS, ROGAMOS RESPETEN LAS NORMAS AQU\u00cd EXPRESADAS AS\u00cd COMO LAS RECOMENDACIONES DE LA CONSEJER\u00cdA DE SALUD.<\/p>\n<p>&nbsp;<\/p>\n","protected":false},"excerpt":{"rendered":"<p>&nbsp; INFORMACI\u00d3N DEL PROTOCOLO DE ACTUACI\u00d3N COVID-19 Las \u201cInstrucciones&nbsp; de 6 de julio de 2020, de la Viceconsejer\u00eda de Educaci\u00f3n y Deporte, relativas a la organizaci\u00f3n de las escuelas infantiles y de los centros&#46;&#46;&#46;<\/p>\n","protected":false},"author":10188,"featured_media":0,"comment_status":"open","ping_status":"open","sticky":false,"template":"","format":"standard","meta":{"ngg_post_thumbnail":0,"footnotes":""},"categories":[11909],"tags":[],"aioseo_notices":[],"_links":{"self":[{"href":"https:\/\/blogsaverroes.juntadeandalucia.es\/escuelainfantillasmargaritas\/wp-json\/wp\/v2\/posts\/2433"}],"collection":[{"href":"https:\/\/blogsaverroes.juntadeandalucia.es\/escuelainfantillasmargaritas\/wp-json\/wp\/v2\/posts"}],"about":[{"href":"https:\/\/blogsaverroes.juntadeandalucia.es\/escuelainfantillasmargaritas\/wp-json\/wp\/v2\/types\/post"}],"author":[{"embeddable":true,"href":"https:\/\/blogsaverroes.juntadeandalucia.es\/escuelainfantillasmargaritas\/wp-json\/wp\/v2\/users\/10188"}],"replies":[{"embeddable":true,"href":"https:\/\/blogsaverroes.juntadeandalucia.es\/escuelainfantillasmargaritas\/wp-json\/wp\/v2\/comments?post=2433"}],"version-history":[{"count":4,"href":"https:\/\/blogsaverroes.juntadeandalucia.es\/escuelainfantillasmargaritas\/wp-json\/wp\/v2\/posts\/2433\/revisions"}],"predecessor-version":[{"id":2552,"href":"https:\/\/blogsaverroes.juntadeandalucia.es\/escuelainfantillasmargaritas\/wp-json\/wp\/v2\/posts\/2433\/revisions\/2552"}],"wp:attachment":[{"href":"https:\/\/blogsaverroes.juntadeandalucia.es\/escuelainfantillasmargaritas\/wp-json\/wp\/v2\/media?parent=2433"}],"wp:term":[{"taxonomy":"category","embeddable":true,"href":"https:\/\/blogsaverroes.juntadeandalucia.es\/escuelainfantillasmargaritas\/wp-json\/wp\/v2\/categories?post=2433"},{"taxonomy":"post_tag","embeddable":true,"href":"https:\/\/blogsaverroes.juntadeandalucia.es\/escuelainfantillasmargaritas\/wp-json\/wp\/v2\/tags?post=2433"}],"curies":[{"name":"wp","href":"https:\/\/api.w.org\/{rel}","templated":true}]}}