{"id":7547,"date":"2024-09-23T16:04:38","date_gmt":"2024-09-23T14:04:38","guid":{"rendered":"https:\/\/blogsaverroes.juntadeandalucia.es\/escuelainfantilmaestropadilla\/?p=7547"},"modified":"2024-09-23T16:17:32","modified_gmt":"2024-09-23T14:17:32","slug":"reunion-general-tutorial","status":"publish","type":"post","link":"https:\/\/blogsaverroes.juntadeandalucia.es\/escuelainfantilmaestropadilla\/reunion-general-tutorial\/","title":{"rendered":"REUNI\u00d3N GENERAL TUTORIAL"},"content":{"rendered":"<p><img loading=\"lazy\" decoding=\"async\" class=\"size-medium wp-image-7549 aligncenter\" src=\"https:\/\/blogsaverroes.juntadeandalucia.es\/escuelainfantilmaestropadilla\/files\/2024\/09\/REUNION-GENERAL-CARTEL-169x300.jpg\" alt=\"\" width=\"169\" height=\"300\"><\/p>\n<p><span style=\"color: #000000;font-family: arial, sans-serif\">Como cada curso, celebraremos una reuni\u00f3n en la que las tutoras de cada grupo explicar\u00e1n a las familias de sus alumnos y alumnas los aspectos fundamentales de la organizaci\u00f3n de la escuela y de nuestro proyecto educativo.<\/span><\/p>\n<p><span style=\"color: #000000;font-family: arial, sans-serif\">La reuni\u00f3n tendr\u00e1 lugar el pr\u00f3ximo lunes d\u00eda 7 de octubre, con horarios distintos para los tres niveles, facilitando as\u00ed que aquellas familias que tengan hijos-as en distintos cursos puedan asistir.<\/span><\/p>\n<p><span style=\"color: #000000;font-family: arial, sans-serif\">Los temas a tratar, todos ellos de gran inter\u00e9s para ustedes, son los siguientes: <\/span><\/p>\n<p><span style=\"font-family: arial, sans-serif;font-size: large\">&nbsp;<\/span><\/p>\n<p dir=\"ltr\"><span style=\"font-family: arial, sans-serif;font-size: large\">1. PLAN GLOBAL DE TRABAJO.&nbsp;<\/span><\/p>\n<p dir=\"ltr\"><span style=\"font-family: arial, sans-serif;font-size: large\">2. ORGANIZACI\u00d3N DE LA TUTOR\u00cdA. COORDINACI\u00d3N CON EL EQUIPO DOCENTE.<\/span><\/p>\n<p dir=\"ltr\"><span style=\"font-family: arial, sans-serif;font-size: large\">3. MEDIDAS DE APOYO DEL ALUMNADO Y ATENCI\u00d3N A LA DIVERSIDAD.<\/span><\/p>\n<p dir=\"ltr\"><span style=\"font-family: arial, sans-serif;font-size: large\">4. CRITERIOS Y PROCEDIMIENTOS DE EVALUACI\u00d3N DEL ALUMNADO.<\/span><\/p>\n<p dir=\"ltr\"><span style=\"font-family: arial, sans-serif;font-size: large\">5. WEB DEL CENTRO.<\/span><\/p>\n<p dir=\"ltr\"><span style=\"font-family: arial, sans-serif;font-size: large\">7. PLANES Y PROGRAMAS.<\/span><\/p>\n<p dir=\"ltr\"><span style=\"font-family: arial, sans-serif;font-size: large\">8. DERECHOS Y OBLIGACIONES DE LAS FAMILIAS.<\/span><\/p>\n<p dir=\"ltr\"><span style=\"font-family: arial, sans-serif;font-size: large\">9. ELECCI\u00d3N DE DELEGADOS\/AS DE PADRES Y MADRES EN CADA GRUPO.<\/span><\/p>\n<p><span style=\"color: #000000;font-family: arial, sans-serif;font-size: large\">Esperamos que asistan, ya que es importante para la educaci\u00f3n de nuestros ni\u00f1os y ni\u00f1as<\/span>.<\/p>\n","protected":false},"excerpt":{"rendered":"<p>Como cada curso, celebraremos una reuni\u00f3n en la que las tutoras de cada grupo explicar\u00e1n a las familias de sus alumnos y alumnas los aspectos fundamentales de la organizaci\u00f3n de la escuela y de&#46;&#46;&#46;<\/p>\n","protected":false},"author":11410,"featured_media":7549,"comment_status":"open","ping_status":"open","sticky":false,"template":"","format":"standard","meta":{"ngg_post_thumbnail":0,"footnotes":""},"categories":[2351654],"tags":[],"aioseo_notices":[],"_links":{"self":[{"href":"https:\/\/blogsaverroes.juntadeandalucia.es\/escuelainfantilmaestropadilla\/wp-json\/wp\/v2\/posts\/7547"}],"collection":[{"href":"https:\/\/blogsaverroes.juntadeandalucia.es\/escuelainfantilmaestropadilla\/wp-json\/wp\/v2\/posts"}],"about":[{"href":"https:\/\/blogsaverroes.juntadeandalucia.es\/escuelainfantilmaestropadilla\/wp-json\/wp\/v2\/types\/post"}],"author":[{"embeddable":true,"href":"https:\/\/blogsaverroes.juntadeandalucia.es\/escuelainfantilmaestropadilla\/wp-json\/wp\/v2\/users\/11410"}],"replies":[{"embeddable":true,"href":"https:\/\/blogsaverroes.juntadeandalucia.es\/escuelainfantilmaestropadilla\/wp-json\/wp\/v2\/comments?post=7547"}],"version-history":[{"count":3,"href":"https:\/\/blogsaverroes.juntadeandalucia.es\/escuelainfantilmaestropadilla\/wp-json\/wp\/v2\/posts\/7547\/revisions"}],"predecessor-version":[{"id":7551,"href":"https:\/\/blogsaverroes.juntadeandalucia.es\/escuelainfantilmaestropadilla\/wp-json\/wp\/v2\/posts\/7547\/revisions\/7551"}],"wp:featuredmedia":[{"embeddable":true,"href":"https:\/\/blogsaverroes.juntadeandalucia.es\/escuelainfantilmaestropadilla\/wp-json\/wp\/v2\/media\/7549"}],"wp:attachment":[{"href":"https:\/\/blogsaverroes.juntadeandalucia.es\/escuelainfantilmaestropadilla\/wp-json\/wp\/v2\/media?parent=7547"}],"wp:term":[{"taxonomy":"category","embeddable":true,"href":"https:\/\/blogsaverroes.juntadeandalucia.es\/escuelainfantilmaestropadilla\/wp-json\/wp\/v2\/categories?post=7547"},{"taxonomy":"post_tag","embeddable":true,"href":"https:\/\/blogsaverroes.juntadeandalucia.es\/escuelainfantilmaestropadilla\/wp-json\/wp\/v2\/tags?post=7547"}],"curies":[{"name":"wp","href":"https:\/\/api.w.org\/{rel}","templated":true}]}}