{"id":7732,"date":"2025-03-25T12:33:30","date_gmt":"2025-03-25T11:33:30","guid":{"rendered":"https:\/\/blogsaverroes.juntadeandalucia.es\/escuelainfantilmaestropadilla\/?p=7732"},"modified":"2025-03-25T13:36:06","modified_gmt":"2025-03-25T12:36:06","slug":"programa-de-transito-a-primaria","status":"publish","type":"post","link":"https:\/\/blogsaverroes.juntadeandalucia.es\/escuelainfantilmaestropadilla\/programa-de-transito-a-primaria\/","title":{"rendered":"PROGRAMA DE TR\u00c1NSITO A PRIMARIA"},"content":{"rendered":"<p>Una de las actividades integradas en el programa de tr\u00e1nsito a primaria han sido las visitas que hemos realizado a los dos centros adscritos a nuestra escuela infantil, que son el CEIP San Luis y el CEIP San Gabriel.<\/p>\n<p>El alumnado de 5 a\u00f1os, acompa\u00f1ado por sus tutoras y las maestras de apoyo, ha visitado ambos centros en distintas jornadas para conocer las instalaciones, el funcionamiento, algunos profesores y profesoras, y a sus posibles compa\u00f1eros y compa\u00f1eras del pr\u00f3ximo curso.<\/p>\n<p><img loading=\"lazy\" decoding=\"async\" class=\"alignnone size-medium wp-image-7734\" src=\"https:\/\/blogsaverroes.juntadeandalucia.es\/escuelainfantilmaestropadilla\/files\/2025\/03\/IMG_20250310_094047107-300x169.jpg\" alt=\"\" width=\"300\" height=\"169\" srcset=\"https:\/\/blogsaverroes.juntadeandalucia.es\/escuelainfantilmaestropadilla\/files\/2025\/03\/IMG_20250310_094047107-300x169.jpg 300w, https:\/\/blogsaverroes.juntadeandalucia.es\/escuelainfantilmaestropadilla\/files\/2025\/03\/IMG_20250310_094047107-1024x576.jpg 1024w, https:\/\/blogsaverroes.juntadeandalucia.es\/escuelainfantilmaestropadilla\/files\/2025\/03\/IMG_20250310_094047107-768x432.jpg 768w, https:\/\/blogsaverroes.juntadeandalucia.es\/escuelainfantilmaestropadilla\/files\/2025\/03\/IMG_20250310_094047107-1536x864.jpg 1536w, https:\/\/blogsaverroes.juntadeandalucia.es\/escuelainfantilmaestropadilla\/files\/2025\/03\/IMG_20250310_094047107-2048x1152.jpg 2048w, https:\/\/blogsaverroes.juntadeandalucia.es\/escuelainfantilmaestropadilla\/files\/2025\/03\/IMG_20250310_094047107.jpg 1600w\" sizes=\"(max-width: 300px) 100vw, 300px\" \/> <img loading=\"lazy\" decoding=\"async\" class=\"alignnone size-medium wp-image-7735\" src=\"https:\/\/blogsaverroes.juntadeandalucia.es\/escuelainfantilmaestropadilla\/files\/2025\/03\/IMG_20250310_094907948-300x190.jpg\" alt=\"\" width=\"300\" height=\"190\" srcset=\"https:\/\/blogsaverroes.juntadeandalucia.es\/escuelainfantilmaestropadilla\/files\/2025\/03\/IMG_20250310_094907948-300x190.jpg 300w, https:\/\/blogsaverroes.juntadeandalucia.es\/escuelainfantilmaestropadilla\/files\/2025\/03\/IMG_20250310_094907948-1024x648.jpg 1024w, https:\/\/blogsaverroes.juntadeandalucia.es\/escuelainfantilmaestropadilla\/files\/2025\/03\/IMG_20250310_094907948-768x486.jpg 768w, https:\/\/blogsaverroes.juntadeandalucia.es\/escuelainfantilmaestropadilla\/files\/2025\/03\/IMG_20250310_094907948-1536x973.jpg 1536w, https:\/\/blogsaverroes.juntadeandalucia.es\/escuelainfantilmaestropadilla\/files\/2025\/03\/IMG_20250310_094907948-2048x1297.jpg 2048w, https:\/\/blogsaverroes.juntadeandalucia.es\/escuelainfantilmaestropadilla\/files\/2025\/03\/IMG_20250310_094907948.jpg 1600w\" sizes=\"(max-width: 300px) 100vw, 300px\" \/><\/p>\n<p>En el CEIP San Gabriel nos han ense\u00f1ado algunas canciones en ingl\u00e9s y el alumnado de primer ciclo ha realizado un teatro basado en el cuento \u00abLos tres cerditos\u00bb.<\/p>\n<p><img loading=\"lazy\" decoding=\"async\" class=\"alignnone size-medium wp-image-7736\" src=\"https:\/\/blogsaverroes.juntadeandalucia.es\/escuelainfantilmaestropadilla\/files\/2025\/03\/IMG_20250310_095141318_HDR-300x169.jpg\" alt=\"\" width=\"300\" height=\"169\" srcset=\"https:\/\/blogsaverroes.juntadeandalucia.es\/escuelainfantilmaestropadilla\/files\/2025\/03\/IMG_20250310_095141318_HDR-300x169.jpg 300w, https:\/\/blogsaverroes.juntadeandalucia.es\/escuelainfantilmaestropadilla\/files\/2025\/03\/IMG_20250310_095141318_HDR-1024x576.jpg 1024w, https:\/\/blogsaverroes.juntadeandalucia.es\/escuelainfantilmaestropadilla\/files\/2025\/03\/IMG_20250310_095141318_HDR-768x432.jpg 768w, https:\/\/blogsaverroes.juntadeandalucia.es\/escuelainfantilmaestropadilla\/files\/2025\/03\/IMG_20250310_095141318_HDR-1536x864.jpg 1536w, https:\/\/blogsaverroes.juntadeandalucia.es\/escuelainfantilmaestropadilla\/files\/2025\/03\/IMG_20250310_095141318_HDR-2048x1152.jpg 2048w, https:\/\/blogsaverroes.juntadeandalucia.es\/escuelainfantilmaestropadilla\/files\/2025\/03\/IMG_20250310_095141318_HDR.jpg 1600w\" sizes=\"(max-width: 300px) 100vw, 300px\" \/><\/p>\n<p>Adem\u00e1s, la se\u00f1o de m\u00fasica nos ha hecho bailar con unas canciones muy divertidas.<\/p>\n<div style=\"width: 1920px;\" class=\"wp-video\"><!--[if lt IE 9]><script>document.createElement('video');<\/script><![endif]-->\n<video class=\"wp-video-shortcode\" id=\"video-7732-1\" width=\"1920\" height=\"1080\" preload=\"metadata\" controls=\"controls\"><source type=\"video\/mp4\" src=\"https:\/\/blogsaverroes.juntadeandalucia.es\/escuelainfantilmaestropadilla\/files\/2025\/03\/VID_20250310_102551321.mp4?_=1\" \/><a href=\"https:\/\/blogsaverroes.juntadeandalucia.es\/escuelainfantilmaestropadilla\/files\/2025\/03\/VID_20250310_102551321.mp4\">https:\/\/blogsaverroes.juntadeandalucia.es\/escuelainfantilmaestropadilla\/files\/2025\/03\/VID_20250310_102551321.mp4<\/a><\/video><\/div>\n<p>Como despedida nos han regalado unas llaves que simbolizan nuestro acceso a la nueva etapa de primaria.<\/p>\n<p><img loading=\"lazy\" decoding=\"async\" class=\"alignnone size-medium wp-image-7738\" src=\"https:\/\/blogsaverroes.juntadeandalucia.es\/escuelainfantilmaestropadilla\/files\/2025\/03\/IMG_20250310_100823713-300x169.jpg\" alt=\"\" width=\"300\" height=\"169\" srcset=\"https:\/\/blogsaverroes.juntadeandalucia.es\/escuelainfantilmaestropadilla\/files\/2025\/03\/IMG_20250310_100823713-300x169.jpg 300w, https:\/\/blogsaverroes.juntadeandalucia.es\/escuelainfantilmaestropadilla\/files\/2025\/03\/IMG_20250310_100823713-1024x576.jpg 1024w, https:\/\/blogsaverroes.juntadeandalucia.es\/escuelainfantilmaestropadilla\/files\/2025\/03\/IMG_20250310_100823713-768x432.jpg 768w, https:\/\/blogsaverroes.juntadeandalucia.es\/escuelainfantilmaestropadilla\/files\/2025\/03\/IMG_20250310_100823713-1536x864.jpg 1536w, https:\/\/blogsaverroes.juntadeandalucia.es\/escuelainfantilmaestropadilla\/files\/2025\/03\/IMG_20250310_100823713-2048x1152.jpg 2048w\" sizes=\"(max-width: 300px) 100vw, 300px\" \/> <img loading=\"lazy\" decoding=\"async\" class=\"alignnone size-medium wp-image-7739\" src=\"https:\/\/blogsaverroes.juntadeandalucia.es\/escuelainfantilmaestropadilla\/files\/2025\/03\/IMG_20250310_100937001-300x169.jpg\" alt=\"\" width=\"300\" height=\"169\" srcset=\"https:\/\/blogsaverroes.juntadeandalucia.es\/escuelainfantilmaestropadilla\/files\/2025\/03\/IMG_20250310_100937001-300x169.jpg 300w, https:\/\/blogsaverroes.juntadeandalucia.es\/escuelainfantilmaestropadilla\/files\/2025\/03\/IMG_20250310_100937001-1024x576.jpg 1024w, https:\/\/blogsaverroes.juntadeandalucia.es\/escuelainfantilmaestropadilla\/files\/2025\/03\/IMG_20250310_100937001-768x432.jpg 768w, https:\/\/blogsaverroes.juntadeandalucia.es\/escuelainfantilmaestropadilla\/files\/2025\/03\/IMG_20250310_100937001-1536x864.jpg 1536w, https:\/\/blogsaverroes.juntadeandalucia.es\/escuelainfantilmaestropadilla\/files\/2025\/03\/IMG_20250310_100937001-2048x1152.jpg 2048w, https:\/\/blogsaverroes.juntadeandalucia.es\/escuelainfantilmaestropadilla\/files\/2025\/03\/IMG_20250310_100937001.jpg 1600w\" sizes=\"(max-width: 300px) 100vw, 300px\" \/><\/p>\n<p>En el CEIP San Luis, tambi\u00e9n hemos cantado y bailado en ingl\u00e9s con el alumnado de primer ciclo.<\/p>\n<div style=\"width: 1920px;\" class=\"wp-video\"><video class=\"wp-video-shortcode\" id=\"video-7732-2\" width=\"1920\" height=\"1080\" preload=\"metadata\" controls=\"controls\"><source type=\"video\/mp4\" src=\"https:\/\/blogsaverroes.juntadeandalucia.es\/escuelainfantilmaestropadilla\/files\/2025\/03\/VID_20250317_094407123.mp4?_=2\" \/><a href=\"https:\/\/blogsaverroes.juntadeandalucia.es\/escuelainfantilmaestropadilla\/files\/2025\/03\/VID_20250317_094407123.mp4\">https:\/\/blogsaverroes.juntadeandalucia.es\/escuelainfantilmaestropadilla\/files\/2025\/03\/VID_20250317_094407123.mp4<\/a><\/video><\/div>\n<p><img loading=\"lazy\" decoding=\"async\" class=\"alignnone size-medium wp-image-7748\" src=\"https:\/\/blogsaverroes.juntadeandalucia.es\/escuelainfantilmaestropadilla\/files\/2025\/03\/3D21DC0C-F496-48F1-8DED-D2CF95629205-300x225.jpg\" alt=\"\" width=\"300\" height=\"225\" srcset=\"https:\/\/blogsaverroes.juntadeandalucia.es\/escuelainfantilmaestropadilla\/files\/2025\/03\/3D21DC0C-F496-48F1-8DED-D2CF95629205-300x225.jpg 300w, https:\/\/blogsaverroes.juntadeandalucia.es\/escuelainfantilmaestropadilla\/files\/2025\/03\/3D21DC0C-F496-48F1-8DED-D2CF95629205-1024x768.jpg 1024w, https:\/\/blogsaverroes.juntadeandalucia.es\/escuelainfantilmaestropadilla\/files\/2025\/03\/3D21DC0C-F496-48F1-8DED-D2CF95629205-768x576.jpg 768w, https:\/\/blogsaverroes.juntadeandalucia.es\/escuelainfantilmaestropadilla\/files\/2025\/03\/3D21DC0C-F496-48F1-8DED-D2CF95629205-1536x1152.jpg 1536w, https:\/\/blogsaverroes.juntadeandalucia.es\/escuelainfantilmaestropadilla\/files\/2025\/03\/3D21DC0C-F496-48F1-8DED-D2CF95629205-2048x1536.jpg 2048w, https:\/\/blogsaverroes.juntadeandalucia.es\/escuelainfantilmaestropadilla\/files\/2025\/03\/3D21DC0C-F496-48F1-8DED-D2CF95629205.jpg 1600w\" sizes=\"(max-width: 300px) 100vw, 300px\" \/> <img loading=\"lazy\" decoding=\"async\" class=\"alignnone size-medium wp-image-7752\" src=\"https:\/\/blogsaverroes.juntadeandalucia.es\/escuelainfantilmaestropadilla\/files\/2025\/03\/IMG_20250317_093628081_BURST000_COVER-300x169.jpg\" alt=\"\" width=\"300\" height=\"169\" srcset=\"https:\/\/blogsaverroes.juntadeandalucia.es\/escuelainfantilmaestropadilla\/files\/2025\/03\/IMG_20250317_093628081_BURST000_COVER-300x169.jpg 300w, https:\/\/blogsaverroes.juntadeandalucia.es\/escuelainfantilmaestropadilla\/files\/2025\/03\/IMG_20250317_093628081_BURST000_COVER-1024x576.jpg 1024w, https:\/\/blogsaverroes.juntadeandalucia.es\/escuelainfantilmaestropadilla\/files\/2025\/03\/IMG_20250317_093628081_BURST000_COVER-768x432.jpg 768w, https:\/\/blogsaverroes.juntadeandalucia.es\/escuelainfantilmaestropadilla\/files\/2025\/03\/IMG_20250317_093628081_BURST000_COVER-1536x864.jpg 1536w, https:\/\/blogsaverroes.juntadeandalucia.es\/escuelainfantilmaestropadilla\/files\/2025\/03\/IMG_20250317_093628081_BURST000_COVER-2048x1152.jpg 2048w, https:\/\/blogsaverroes.juntadeandalucia.es\/escuelainfantilmaestropadilla\/files\/2025\/03\/IMG_20250317_093628081_BURST000_COVER.jpg 1600w\" sizes=\"(max-width: 300px) 100vw, 300px\" \/><\/p>\n<p>Despu\u00e9s hemos hecho tres talleres, en los que hemos ido rotando, acompa\u00f1ados por el alumnado del nivel de 5 a\u00f1os, conociendo as\u00ed a algunos de los que pueden ser nuestros futuros compa\u00f1eros-as de clase.<\/p>\n<p>Los tres talleres consist\u00edan en:<\/p>\n<ul>\n<li>Cuento \u00abel hada del arco\u00edris\u00bb en la biblioteca<\/li>\n<\/ul>\n<p><img loading=\"lazy\" decoding=\"async\" class=\"alignnone size-medium wp-image-7754\" src=\"https:\/\/blogsaverroes.juntadeandalucia.es\/escuelainfantilmaestropadilla\/files\/2025\/03\/IMG_20250317_101826755_HDR-300x169.jpg\" alt=\"\" width=\"300\" height=\"169\" srcset=\"https:\/\/blogsaverroes.juntadeandalucia.es\/escuelainfantilmaestropadilla\/files\/2025\/03\/IMG_20250317_101826755_HDR-300x169.jpg 300w, https:\/\/blogsaverroes.juntadeandalucia.es\/escuelainfantilmaestropadilla\/files\/2025\/03\/IMG_20250317_101826755_HDR-1024x576.jpg 1024w, https:\/\/blogsaverroes.juntadeandalucia.es\/escuelainfantilmaestropadilla\/files\/2025\/03\/IMG_20250317_101826755_HDR-768x432.jpg 768w, https:\/\/blogsaverroes.juntadeandalucia.es\/escuelainfantilmaestropadilla\/files\/2025\/03\/IMG_20250317_101826755_HDR-1536x864.jpg 1536w, https:\/\/blogsaverroes.juntadeandalucia.es\/escuelainfantilmaestropadilla\/files\/2025\/03\/IMG_20250317_101826755_HDR-2048x1152.jpg 2048w\" sizes=\"(max-width: 300px) 100vw, 300px\" \/> <img loading=\"lazy\" decoding=\"async\" class=\"alignnone size-medium wp-image-7762\" src=\"https:\/\/blogsaverroes.juntadeandalucia.es\/escuelainfantilmaestropadilla\/files\/2025\/03\/PHOTO-2025-03-17-11-40-51-300x225.jpg\" alt=\"\" width=\"300\" height=\"225\" srcset=\"https:\/\/blogsaverroes.juntadeandalucia.es\/escuelainfantilmaestropadilla\/files\/2025\/03\/PHOTO-2025-03-17-11-40-51-300x225.jpg 300w, https:\/\/blogsaverroes.juntadeandalucia.es\/escuelainfantilmaestropadilla\/files\/2025\/03\/PHOTO-2025-03-17-11-40-51-1024x768.jpg 1024w, https:\/\/blogsaverroes.juntadeandalucia.es\/escuelainfantilmaestropadilla\/files\/2025\/03\/PHOTO-2025-03-17-11-40-51-768x576.jpg 768w, https:\/\/blogsaverroes.juntadeandalucia.es\/escuelainfantilmaestropadilla\/files\/2025\/03\/PHOTO-2025-03-17-11-40-51-1536x1152.jpg 1536w, https:\/\/blogsaverroes.juntadeandalucia.es\/escuelainfantilmaestropadilla\/files\/2025\/03\/PHOTO-2025-03-17-11-40-51-2048x1536.jpg 2048w\" sizes=\"(max-width: 300px) 100vw, 300px\" \/><\/p>\n<ul>\n<li>Circuito de Educaci\u00f3n F\u00edsica en el patio.<\/li>\n<\/ul>\n<p><img loading=\"lazy\" decoding=\"async\" class=\"alignnone size-medium wp-image-7767\" src=\"https:\/\/blogsaverroes.juntadeandalucia.es\/escuelainfantilmaestropadilla\/files\/2025\/03\/PHOTO-2025-03-17-11-41-102-300x225.jpg\" alt=\"\" width=\"300\" height=\"225\" srcset=\"https:\/\/blogsaverroes.juntadeandalucia.es\/escuelainfantilmaestropadilla\/files\/2025\/03\/PHOTO-2025-03-17-11-41-102-300x225.jpg 300w, https:\/\/blogsaverroes.juntadeandalucia.es\/escuelainfantilmaestropadilla\/files\/2025\/03\/PHOTO-2025-03-17-11-41-102-1024x768.jpg 1024w, https:\/\/blogsaverroes.juntadeandalucia.es\/escuelainfantilmaestropadilla\/files\/2025\/03\/PHOTO-2025-03-17-11-41-102-768x576.jpg 768w, https:\/\/blogsaverroes.juntadeandalucia.es\/escuelainfantilmaestropadilla\/files\/2025\/03\/PHOTO-2025-03-17-11-41-102-1536x1152.jpg 1536w, https:\/\/blogsaverroes.juntadeandalucia.es\/escuelainfantilmaestropadilla\/files\/2025\/03\/PHOTO-2025-03-17-11-41-102-2048x1536.jpg 2048w\" sizes=\"(max-width: 300px) 100vw, 300px\" \/> <img loading=\"lazy\" decoding=\"async\" class=\"alignnone size-medium wp-image-7768\" src=\"https:\/\/blogsaverroes.juntadeandalucia.es\/escuelainfantilmaestropadilla\/files\/2025\/03\/PHOTO-2025-03-17-11-41-10-300x225.jpg\" alt=\"\" width=\"300\" height=\"225\" srcset=\"https:\/\/blogsaverroes.juntadeandalucia.es\/escuelainfantilmaestropadilla\/files\/2025\/03\/PHOTO-2025-03-17-11-41-10-300x225.jpg 300w, https:\/\/blogsaverroes.juntadeandalucia.es\/escuelainfantilmaestropadilla\/files\/2025\/03\/PHOTO-2025-03-17-11-41-10-1024x768.jpg 1024w, https:\/\/blogsaverroes.juntadeandalucia.es\/escuelainfantilmaestropadilla\/files\/2025\/03\/PHOTO-2025-03-17-11-41-10-768x576.jpg 768w, https:\/\/blogsaverroes.juntadeandalucia.es\/escuelainfantilmaestropadilla\/files\/2025\/03\/PHOTO-2025-03-17-11-41-10-1536x1152.jpg 1536w, https:\/\/blogsaverroes.juntadeandalucia.es\/escuelainfantilmaestropadilla\/files\/2025\/03\/PHOTO-2025-03-17-11-41-10-2048x1536.jpg 2048w, https:\/\/blogsaverroes.juntadeandalucia.es\/escuelainfantilmaestropadilla\/files\/2025\/03\/PHOTO-2025-03-17-11-41-10.jpg 1600w\" sizes=\"(max-width: 300px) 100vw, 300px\" \/> <img loading=\"lazy\" decoding=\"async\" class=\"alignnone size-medium wp-image-7758\" src=\"https:\/\/blogsaverroes.juntadeandalucia.es\/escuelainfantilmaestropadilla\/files\/2025\/03\/IMG_20250317_103147566_HDR-300x169.jpg\" alt=\"\" width=\"300\" height=\"169\" srcset=\"https:\/\/blogsaverroes.juntadeandalucia.es\/escuelainfantilmaestropadilla\/files\/2025\/03\/IMG_20250317_103147566_HDR-300x169.jpg 300w, https:\/\/blogsaverroes.juntadeandalucia.es\/escuelainfantilmaestropadilla\/files\/2025\/03\/IMG_20250317_103147566_HDR-1024x576.jpg 1024w, https:\/\/blogsaverroes.juntadeandalucia.es\/escuelainfantilmaestropadilla\/files\/2025\/03\/IMG_20250317_103147566_HDR-768x432.jpg 768w, https:\/\/blogsaverroes.juntadeandalucia.es\/escuelainfantilmaestropadilla\/files\/2025\/03\/IMG_20250317_103147566_HDR-1536x864.jpg 1536w, https:\/\/blogsaverroes.juntadeandalucia.es\/escuelainfantilmaestropadilla\/files\/2025\/03\/IMG_20250317_103147566_HDR-2048x1152.jpg 2048w, https:\/\/blogsaverroes.juntadeandalucia.es\/escuelainfantilmaestropadilla\/files\/2025\/03\/IMG_20250317_103147566_HDR.jpg 1600w\" sizes=\"(max-width: 300px) 100vw, 300px\" \/> <img loading=\"lazy\" decoding=\"async\" class=\"alignnone size-medium wp-image-7753\" src=\"https:\/\/blogsaverroes.juntadeandalucia.es\/escuelainfantilmaestropadilla\/files\/2025\/03\/IMG_20250317_100943901_HDR-300x152.jpg\" alt=\"\" width=\"300\" height=\"152\" srcset=\"https:\/\/blogsaverroes.juntadeandalucia.es\/escuelainfantilmaestropadilla\/files\/2025\/03\/IMG_20250317_100943901_HDR-300x152.jpg 300w, https:\/\/blogsaverroes.juntadeandalucia.es\/escuelainfantilmaestropadilla\/files\/2025\/03\/IMG_20250317_100943901_HDR-1024x517.jpg 1024w, https:\/\/blogsaverroes.juntadeandalucia.es\/escuelainfantilmaestropadilla\/files\/2025\/03\/IMG_20250317_100943901_HDR-768x388.jpg 768w, https:\/\/blogsaverroes.juntadeandalucia.es\/escuelainfantilmaestropadilla\/files\/2025\/03\/IMG_20250317_100943901_HDR-1536x776.jpg 1536w, https:\/\/blogsaverroes.juntadeandalucia.es\/escuelainfantilmaestropadilla\/files\/2025\/03\/IMG_20250317_100943901_HDR.jpg 1600w\" sizes=\"(max-width: 300px) 100vw, 300px\" \/> <img loading=\"lazy\" decoding=\"async\" class=\"alignnone size-medium wp-image-7751\" src=\"https:\/\/blogsaverroes.juntadeandalucia.es\/escuelainfantilmaestropadilla\/files\/2025\/03\/9549569c-813a-4c0c-bd9a-4c6ebd7a5e8c-271x300.jpg\" alt=\"\" width=\"271\" height=\"300\" srcset=\"https:\/\/blogsaverroes.juntadeandalucia.es\/escuelainfantilmaestropadilla\/files\/2025\/03\/9549569c-813a-4c0c-bd9a-4c6ebd7a5e8c-271x300.jpg 271w, https:\/\/blogsaverroes.juntadeandalucia.es\/escuelainfantilmaestropadilla\/files\/2025\/03\/9549569c-813a-4c0c-bd9a-4c6ebd7a5e8c-923x1024.jpg 923w, https:\/\/blogsaverroes.juntadeandalucia.es\/escuelainfantilmaestropadilla\/files\/2025\/03\/9549569c-813a-4c0c-bd9a-4c6ebd7a5e8c-768x852.jpg 768w, https:\/\/blogsaverroes.juntadeandalucia.es\/escuelainfantilmaestropadilla\/files\/2025\/03\/9549569c-813a-4c0c-bd9a-4c6ebd7a5e8c-1385x1536.jpg 1385w, https:\/\/blogsaverroes.juntadeandalucia.es\/escuelainfantilmaestropadilla\/files\/2025\/03\/9549569c-813a-4c0c-bd9a-4c6ebd7a5e8c-1847x2048.jpg 1847w, https:\/\/blogsaverroes.juntadeandalucia.es\/escuelainfantilmaestropadilla\/files\/2025\/03\/9549569c-813a-4c0c-bd9a-4c6ebd7a5e8c.jpg 1443w\" sizes=\"(max-width: 271px) 100vw, 271px\" \/><\/p>\n<ul>\n<li>M\u00fasica y danza en el gimnasio.<\/li>\n<\/ul>\n<p><img loading=\"lazy\" decoding=\"async\" class=\"alignnone size-medium wp-image-7770\" src=\"https:\/\/blogsaverroes.juntadeandalucia.es\/escuelainfantilmaestropadilla\/files\/2025\/03\/PHOTO-2025-03-17-11-41-16-300x225.jpg\" alt=\"\" width=\"300\" height=\"225\" srcset=\"https:\/\/blogsaverroes.juntadeandalucia.es\/escuelainfantilmaestropadilla\/files\/2025\/03\/PHOTO-2025-03-17-11-41-16-300x225.jpg 300w, https:\/\/blogsaverroes.juntadeandalucia.es\/escuelainfantilmaestropadilla\/files\/2025\/03\/PHOTO-2025-03-17-11-41-16-1024x768.jpg 1024w, https:\/\/blogsaverroes.juntadeandalucia.es\/escuelainfantilmaestropadilla\/files\/2025\/03\/PHOTO-2025-03-17-11-41-16-768x576.jpg 768w, https:\/\/blogsaverroes.juntadeandalucia.es\/escuelainfantilmaestropadilla\/files\/2025\/03\/PHOTO-2025-03-17-11-41-16-1536x1152.jpg 1536w, https:\/\/blogsaverroes.juntadeandalucia.es\/escuelainfantilmaestropadilla\/files\/2025\/03\/PHOTO-2025-03-17-11-41-16-2048x1536.jpg 2048w, https:\/\/blogsaverroes.juntadeandalucia.es\/escuelainfantilmaestropadilla\/files\/2025\/03\/PHOTO-2025-03-17-11-41-16.jpg 1600w\" sizes=\"(max-width: 300px) 100vw, 300px\" \/> <img loading=\"lazy\" decoding=\"async\" class=\"alignnone size-medium wp-image-7761\" src=\"https:\/\/blogsaverroes.juntadeandalucia.es\/escuelainfantilmaestropadilla\/files\/2025\/03\/IMG_20250317_105951150_BURST000_COVER-300x189.jpg\" alt=\"\" width=\"300\" height=\"189\" srcset=\"https:\/\/blogsaverroes.juntadeandalucia.es\/escuelainfantilmaestropadilla\/files\/2025\/03\/IMG_20250317_105951150_BURST000_COVER-300x189.jpg 300w, https:\/\/blogsaverroes.juntadeandalucia.es\/escuelainfantilmaestropadilla\/files\/2025\/03\/IMG_20250317_105951150_BURST000_COVER-1024x646.jpg 1024w, https:\/\/blogsaverroes.juntadeandalucia.es\/escuelainfantilmaestropadilla\/files\/2025\/03\/IMG_20250317_105951150_BURST000_COVER-768x485.jpg 768w, https:\/\/blogsaverroes.juntadeandalucia.es\/escuelainfantilmaestropadilla\/files\/2025\/03\/IMG_20250317_105951150_BURST000_COVER-1536x970.jpg 1536w, https:\/\/blogsaverroes.juntadeandalucia.es\/escuelainfantilmaestropadilla\/files\/2025\/03\/IMG_20250317_105951150_BURST000_COVER-2048x1293.jpg 2048w, https:\/\/blogsaverroes.juntadeandalucia.es\/escuelainfantilmaestropadilla\/files\/2025\/03\/IMG_20250317_105951150_BURST000_COVER.jpg 1600w\" sizes=\"(max-width: 300px) 100vw, 300px\" \/><\/p>\n<p><img loading=\"lazy\" decoding=\"async\" class=\"alignnone size-medium wp-image-7749\" src=\"https:\/\/blogsaverroes.juntadeandalucia.es\/escuelainfantilmaestropadilla\/files\/2025\/03\/7553f0b5-54f0-4998-88f9-4f4bfc373377-300x182.jpg\" alt=\"\" width=\"300\" height=\"182\" srcset=\"https:\/\/blogsaverroes.juntadeandalucia.es\/escuelainfantilmaestropadilla\/files\/2025\/03\/7553f0b5-54f0-4998-88f9-4f4bfc373377-300x182.jpg 300w, https:\/\/blogsaverroes.juntadeandalucia.es\/escuelainfantilmaestropadilla\/files\/2025\/03\/7553f0b5-54f0-4998-88f9-4f4bfc373377-1024x623.jpg 1024w, https:\/\/blogsaverroes.juntadeandalucia.es\/escuelainfantilmaestropadilla\/files\/2025\/03\/7553f0b5-54f0-4998-88f9-4f4bfc373377-768x467.jpg 768w, https:\/\/blogsaverroes.juntadeandalucia.es\/escuelainfantilmaestropadilla\/files\/2025\/03\/7553f0b5-54f0-4998-88f9-4f4bfc373377-1536x934.jpg 1536w, https:\/\/blogsaverroes.juntadeandalucia.es\/escuelainfantilmaestropadilla\/files\/2025\/03\/7553f0b5-54f0-4998-88f9-4f4bfc373377-2048x1246.jpg 2048w, https:\/\/blogsaverroes.juntadeandalucia.es\/escuelainfantilmaestropadilla\/files\/2025\/03\/7553f0b5-54f0-4998-88f9-4f4bfc373377.jpg 1600w\" sizes=\"(max-width: 300px) 100vw, 300px\" \/><\/p>\n<p>En los dos coles lo hemos pasado super bi\u00e9n&#8230; Seguro que en cualquiera de ellos vamos a aprender mucho y a disfrutar de la nueva etapa de Educaci\u00f3n Primaria que comenzaremos en septiembre.&nbsp;<\/p>\n","protected":false},"excerpt":{"rendered":"<p>Una de las actividades integradas en el programa de tr\u00e1nsito a primaria han sido las visitas que hemos realizado a los dos centros adscritos a nuestra escuela infantil, que son el CEIP San Luis&#46;&#46;&#46;<\/p>\n","protected":false},"author":11410,"featured_media":7762,"comment_status":"open","ping_status":"open","sticky":false,"template":"","format":"standard","meta":{"ngg_post_thumbnail":0,"footnotes":""},"categories":[2351696],"tags":[2351699,2351697],"aioseo_notices":[],"_links":{"self":[{"href":"https:\/\/blogsaverroes.juntadeandalucia.es\/escuelainfantilmaestropadilla\/wp-json\/wp\/v2\/posts\/7732"}],"collection":[{"href":"https:\/\/blogsaverroes.juntadeandalucia.es\/escuelainfantilmaestropadilla\/wp-json\/wp\/v2\/posts"}],"about":[{"href":"https:\/\/blogsaverroes.juntadeandalucia.es\/escuelainfantilmaestropadilla\/wp-json\/wp\/v2\/types\/post"}],"author":[{"embeddable":true,"href":"https:\/\/blogsaverroes.juntadeandalucia.es\/escuelainfantilmaestropadilla\/wp-json\/wp\/v2\/users\/11410"}],"replies":[{"embeddable":true,"href":"https:\/\/blogsaverroes.juntadeandalucia.es\/escuelainfantilmaestropadilla\/wp-json\/wp\/v2\/comments?post=7732"}],"version-history":[{"count":8,"href":"https:\/\/blogsaverroes.juntadeandalucia.es\/escuelainfantilmaestropadilla\/wp-json\/wp\/v2\/posts\/7732\/revisions"}],"predecessor-version":[{"id":7780,"href":"https:\/\/blogsaverroes.juntadeandalucia.es\/escuelainfantilmaestropadilla\/wp-json\/wp\/v2\/posts\/7732\/revisions\/7780"}],"wp:featuredmedia":[{"embeddable":true,"href":"https:\/\/blogsaverroes.juntadeandalucia.es\/escuelainfantilmaestropadilla\/wp-json\/wp\/v2\/media\/7762"}],"wp:attachment":[{"href":"https:\/\/blogsaverroes.juntadeandalucia.es\/escuelainfantilmaestropadilla\/wp-json\/wp\/v2\/media?parent=7732"}],"wp:term":[{"taxonomy":"category","embeddable":true,"href":"https:\/\/blogsaverroes.juntadeandalucia.es\/escuelainfantilmaestropadilla\/wp-json\/wp\/v2\/categories?post=7732"},{"taxonomy":"post_tag","embeddable":true,"href":"https:\/\/blogsaverroes.juntadeandalucia.es\/escuelainfantilmaestropadilla\/wp-json\/wp\/v2\/tags?post=7732"}],"curies":[{"name":"wp","href":"https:\/\/api.w.org\/{rel}","templated":true}]}}