{"id":2410,"date":"2020-09-13T20:51:16","date_gmt":"2020-09-13T20:51:16","guid":{"rendered":"https:\/\/blogsaverroes.juntadeandalucia.es\/escuelainfantilpuntasabinar\/?p=2410"},"modified":"2021-08-31T20:29:31","modified_gmt":"2021-08-31T20:29:31","slug":"2410-2","status":"publish","type":"post","link":"https:\/\/blogsaverroes.juntadeandalucia.es\/escuelainfantilpuntasabinar\/2410-2\/","title":{"rendered":"INICIO COMEDOR ESCOLAR CURSO 2021\/22"},"content":{"rendered":"<p>&nbsp;<\/p>\n<p><span style=\"font-weight: 400\">Estimadas familias:<\/span><\/p>\n<p><span style=\"font-weight: 400\">Nos ponemos en contacto con ustedes, para informarles del horario del servicio de comedor escolar para el curso 2021\/22&nbsp;<\/span><\/p>\n<p><span style=\"font-weight: 400\">EL COMIENZO DEL COMEDOR ESCOLAR TEDR\u00c1 UN CALENDARIO FLEXIBLE DE INCORPORACI\u00d3N&nbsp;<\/span><\/p>\n<p><span style=\"font-weight: 400\">&nbsp;<\/span><b>13 de septiembre. Alumnado de 3 a\u00f1os.<\/b><\/p>\n<p><b>14 de septiembre . Alumnado de 4 a\u00f1os.<\/b><\/p>\n<p><b>15 de septiembre . Alumnado de 5 a\u00f1os.&nbsp;<\/b><\/p>\n<ul>\n<li style=\"font-weight: 400\"><span style=\"font-weight: 400\">Para poder atender este servicio tal y como marca la normativa el centro que realiza el servicio de comedor a nuestro alumnado&nbsp; ha establecido 3 turnos y en cada turno comer\u00e1n 3 grupos de convivencia que guardar\u00e1n la distancia de seguridad exigida entre alumnado de los distintos grupos de convivencia.<\/span><\/li>\n<li style=\"font-weight: 400\"><span style=\"font-weight: 400\">Se marcar\u00e1n asientos fijos para los alumnos\/as y cuando finaliza y sale de comer un turno, hay que esperar <\/span><b>10 minutos<\/b><span style=\"font-weight: 400\"> para <\/span><b>ventilar<\/b><span style=\"font-weight: 400\">, para&nbsp; <\/span><b>limpiar<\/b><span style=\"font-weight: 400\"> y <\/span><b>desinfectar <\/b><span style=\"font-weight: 400\">las mesas y asientos antes de&nbsp; que pueda entrar el siguiente turno.<\/span><\/li>\n<li style=\"font-weight: 400\"><span style=\"font-weight: 400\">Por este motivo y para dar un servicio de calidad, cuidando y velando por la seguridad y salud de todos los usuarios del comedor y del personal colaborador, las puertas tendr\u00e1n un <\/span><b>horario de apertura fijo<\/b><span style=\"font-weight: 400\">, el cual rogamos respeten desde el primer momento ya que, en esta situaci\u00f3n tan delicada, sentimos no poder atender horarios y necesidades de cada familia en particular, por la seguridad de todos y todas.<\/span><\/li>\n<\/ul>\n<p><b>TURNOS ESTABLECIDOS de comedor para el alumnado de nuestro centro EI Punta Sabinar&nbsp;<\/b><\/p>\n<p><b>2\u00ba TURNO<\/b><span style=\"font-weight: 400\">: <\/span><b>&nbsp;14:40-15:10<\/b><span style=\"font-weight: 400\"> comen Infantil Punta Sabinar 3, 4 y 5 a\u00f1os<\/span><\/p>\n<p><b>ESPACIOS ASIGNADOS para antes y despu\u00e9s de comer<\/b><\/p>\n<ul>\n<li style=\"font-weight: 400\"><b>Alumnado de infantil: 3, 4 y 5 a\u00f1os,<\/b><span style=\"font-weight: 400\"> se asear\u00e1n las manos en el aula, dejar\u00e1n la mochila en el hall del centro (parte derecha para el alumnado del propio centro y la zona izquierda para el alumnado del Punta Sabinar) y entrar\u00e1n directamente en el comedor. La zona de patio y juego ser\u00e1 el parking y el aseo del m\u00f3dulo 2, planta baja.&nbsp;<\/span><\/li>\n<\/ul>\n<p><b>SALIDA DE COMEDOR<\/b><b>&nbsp; &nbsp; &nbsp; &nbsp; &nbsp; &nbsp; &nbsp; &nbsp; &nbsp;<\/b><\/p>\n<ul>\n<li style=\"font-weight: 400\"><b>A LAS 15:30: Alumnado de infantil del Punta Sabinar: 3, 4 y 5 a\u00f1os por la puerta principal (3).&nbsp;&nbsp;&nbsp;<\/b><\/li>\n<\/ul>\n<p><b>ALTAS-BAJAS l<\/b><span style=\"font-weight: 400\">as familias que quieran solicitar un servicio o bien darlo de baja lo har\u00e1n por email, tel\u00e9fono, o en secretar\u00eda (cita previa). Las faltas se justificar\u00e1n todas.<\/span><\/p>\n<p><span style=\"font-weight: 400\">El centro adscrito CEIP Tierno Galv\u00e1n&nbsp; ruega su colaboraci\u00f3n y comprensi\u00f3n para el buen funcionamiento de todos los servicios y para garantizar la seguridad de nuestro alumnado y de toda la comunidad educativa.<\/span><\/p>\n<p><span style=\"font-weight: 400\">Agradecemos por adelantado su colaboraci\u00f3n.&nbsp;<\/span><\/p>\n<p>&nbsp;<\/p>\n","protected":false},"excerpt":{"rendered":"<p>&nbsp; Estimadas familias: Nos ponemos en contacto con ustedes, para informarles del horario del servicio de comedor escolar para el curso 2021\/22&nbsp; EL COMIENZO DEL COMEDOR ESCOLAR TEDR\u00c1 UN CALENDARIO FLEXIBLE DE INCORPORACI\u00d3N&nbsp; &nbsp;13&#46;&#46;&#46;<\/p>\n","protected":false},"author":10384,"featured_media":0,"comment_status":"open","ping_status":"open","sticky":false,"template":"","format":"standard","meta":{"ngg_post_thumbnail":0,"footnotes":""},"categories":[25491,11909],"tags":[],"aioseo_notices":[],"_links":{"self":[{"href":"https:\/\/blogsaverroes.juntadeandalucia.es\/escuelainfantilpuntasabinar\/wp-json\/wp\/v2\/posts\/2410"}],"collection":[{"href":"https:\/\/blogsaverroes.juntadeandalucia.es\/escuelainfantilpuntasabinar\/wp-json\/wp\/v2\/posts"}],"about":[{"href":"https:\/\/blogsaverroes.juntadeandalucia.es\/escuelainfantilpuntasabinar\/wp-json\/wp\/v2\/types\/post"}],"author":[{"embeddable":true,"href":"https:\/\/blogsaverroes.juntadeandalucia.es\/escuelainfantilpuntasabinar\/wp-json\/wp\/v2\/users\/10384"}],"replies":[{"embeddable":true,"href":"https:\/\/blogsaverroes.juntadeandalucia.es\/escuelainfantilpuntasabinar\/wp-json\/wp\/v2\/comments?post=2410"}],"version-history":[{"count":5,"href":"https:\/\/blogsaverroes.juntadeandalucia.es\/escuelainfantilpuntasabinar\/wp-json\/wp\/v2\/posts\/2410\/revisions"}],"predecessor-version":[{"id":2813,"href":"https:\/\/blogsaverroes.juntadeandalucia.es\/escuelainfantilpuntasabinar\/wp-json\/wp\/v2\/posts\/2410\/revisions\/2813"}],"wp:attachment":[{"href":"https:\/\/blogsaverroes.juntadeandalucia.es\/escuelainfantilpuntasabinar\/wp-json\/wp\/v2\/media?parent=2410"}],"wp:term":[{"taxonomy":"category","embeddable":true,"href":"https:\/\/blogsaverroes.juntadeandalucia.es\/escuelainfantilpuntasabinar\/wp-json\/wp\/v2\/categories?post=2410"},{"taxonomy":"post_tag","embeddable":true,"href":"https:\/\/blogsaverroes.juntadeandalucia.es\/escuelainfantilpuntasabinar\/wp-json\/wp\/v2\/tags?post=2410"}],"curies":[{"name":"wp","href":"https:\/\/api.w.org\/{rel}","templated":true}]}}