{"id":145,"date":"2023-05-06T21:38:51","date_gmt":"2023-05-06T21:38:51","guid":{"rendered":"https:\/\/blogsaverroes.juntadeandalucia.es\/estimulaciontemprana\/?p=145"},"modified":"2023-05-06T21:38:51","modified_gmt":"2023-05-06T21:38:51","slug":"sintomas-tdah","status":"publish","type":"post","link":"https:\/\/blogsaverroes.juntadeandalucia.es\/estimulaciontemprana\/sintomas-tdah\/","title":{"rendered":"S\u00edntomas TDAH"},"content":{"rendered":"<p>Aqu\u00ed presentamos una serie de s\u00edntomas que poseen los ni\u00f1os que padecen este trastorno, en cuanto a <em><span style=\"color: #ff0000\"><strong>atenci\u00f3n,<\/strong> <strong>hiperactividad e impulsividad.<\/strong><\/span><\/em><\/p>\n<p><img fetchpriority=\"high\" decoding=\"async\" class=\"alignnone size-medium wp-image-146\" src=\"https:\/\/blogsaverroes.juntadeandalucia.es\/estimulaciontemprana\/files\/2023\/05\/Captura-de-pantalla-2023-05-06-233421-300x211.png\" alt=\"\" width=\"300\" height=\"211\" srcset=\"https:\/\/blogsaverroes.juntadeandalucia.es\/estimulaciontemprana\/files\/2023\/05\/Captura-de-pantalla-2023-05-06-233421-300x211.png 300w, https:\/\/blogsaverroes.juntadeandalucia.es\/estimulaciontemprana\/files\/2023\/05\/Captura-de-pantalla-2023-05-06-233421.png 524w\" sizes=\"(max-width: 300px) 100vw, 300px\" \/>&nbsp;<img decoding=\"async\" class=\"alignnone size-medium wp-image-151\" src=\"https:\/\/blogsaverroes.juntadeandalucia.es\/estimulaciontemprana\/files\/2023\/05\/Captura-de-pantalla-2023-05-06-233733-300x239.png\" alt=\"\" width=\"300\" height=\"239\" srcset=\"https:\/\/blogsaverroes.juntadeandalucia.es\/estimulaciontemprana\/files\/2023\/05\/Captura-de-pantalla-2023-05-06-233733-300x239.png 300w, https:\/\/blogsaverroes.juntadeandalucia.es\/estimulaciontemprana\/files\/2023\/05\/Captura-de-pantalla-2023-05-06-233733.png 479w\" sizes=\"(max-width: 300px) 100vw, 300px\" \/>&nbsp;<img decoding=\"async\" class=\"alignnone size-medium wp-image-148\" src=\"https:\/\/blogsaverroes.juntadeandalucia.es\/estimulaciontemprana\/files\/2023\/05\/Captura-de-pantalla-2023-05-06-233534-300x214.png\" alt=\"\" width=\"300\" height=\"214\" srcset=\"https:\/\/blogsaverroes.juntadeandalucia.es\/estimulaciontemprana\/files\/2023\/05\/Captura-de-pantalla-2023-05-06-233534-300x214.png 300w, https:\/\/blogsaverroes.juntadeandalucia.es\/estimulaciontemprana\/files\/2023\/05\/Captura-de-pantalla-2023-05-06-233534.png 530w\" sizes=\"(max-width: 300px) 100vw, 300px\" \/><\/p>\n","protected":false},"excerpt":{"rendered":"<p>Aqu\u00ed presentamos una serie de s\u00edntomas que poseen los ni\u00f1os que padecen este trastorno, en cuanto a atenci\u00f3n, hiperactividad e impulsividad. &nbsp;&nbsp;<\/p>\n","protected":false},"author":12532,"featured_media":0,"comment_status":"open","ping_status":"open","sticky":false,"template":"","format":"standard","meta":{"ngg_post_thumbnail":0,"footnotes":""},"categories":[1],"tags":[],"aioseo_notices":[],"_links":{"self":[{"href":"https:\/\/blogsaverroes.juntadeandalucia.es\/estimulaciontemprana\/wp-json\/wp\/v2\/posts\/145"}],"collection":[{"href":"https:\/\/blogsaverroes.juntadeandalucia.es\/estimulaciontemprana\/wp-json\/wp\/v2\/posts"}],"about":[{"href":"https:\/\/blogsaverroes.juntadeandalucia.es\/estimulaciontemprana\/wp-json\/wp\/v2\/types\/post"}],"author":[{"embeddable":true,"href":"https:\/\/blogsaverroes.juntadeandalucia.es\/estimulaciontemprana\/wp-json\/wp\/v2\/users\/12532"}],"replies":[{"embeddable":true,"href":"https:\/\/blogsaverroes.juntadeandalucia.es\/estimulaciontemprana\/wp-json\/wp\/v2\/comments?post=145"}],"version-history":[{"count":1,"href":"https:\/\/blogsaverroes.juntadeandalucia.es\/estimulaciontemprana\/wp-json\/wp\/v2\/posts\/145\/revisions"}],"predecessor-version":[{"id":152,"href":"https:\/\/blogsaverroes.juntadeandalucia.es\/estimulaciontemprana\/wp-json\/wp\/v2\/posts\/145\/revisions\/152"}],"wp:attachment":[{"href":"https:\/\/blogsaverroes.juntadeandalucia.es\/estimulaciontemprana\/wp-json\/wp\/v2\/media?parent=145"}],"wp:term":[{"taxonomy":"category","embeddable":true,"href":"https:\/\/blogsaverroes.juntadeandalucia.es\/estimulaciontemprana\/wp-json\/wp\/v2\/categories?post=145"},{"taxonomy":"post_tag","embeddable":true,"href":"https:\/\/blogsaverroes.juntadeandalucia.es\/estimulaciontemprana\/wp-json\/wp\/v2\/tags?post=145"}],"curies":[{"name":"wp","href":"https:\/\/api.w.org\/{rel}","templated":true}]}}