{"id":1141,"date":"2021-10-26T21:35:29","date_gmt":"2021-10-26T20:35:29","guid":{"rendered":"https:\/\/eventosyprotocologrx.com\/?p=1141"},"modified":"2021-10-26T21:35:29","modified_gmt":"2021-10-26T20:35:29","slug":"fitur","status":"publish","type":"post","link":"https:\/\/blogsaverroes.juntadeandalucia.es\/eventosyprotocologrx\/2021\/10\/26\/fitur\/","title":{"rendered":"FITUR"},"content":{"rendered":"\n<figure class=\"wp-block-image size-large\"><img loading=\"lazy\" decoding=\"async\" width=\"1080\" height=\"1080\" src=\"https:\/\/blogsaverroes.juntadeandalucia.es\/eventosyprotocologrx\/files\/2021\/10\/somos-turismo_-somos-reencuentro-1-1.png?w=1024\" alt=\"\" class=\"wp-image-1151\" srcset=\"https:\/\/blogsaverroes.juntadeandalucia.es\/eventosyprotocologrx\/files\/2021\/10\/somos-turismo_-somos-reencuentro-1-1.png 1080w, https:\/\/blogsaverroes.juntadeandalucia.es\/eventosyprotocologrx\/files\/2021\/10\/somos-turismo_-somos-reencuentro-1-1-300x300.png 300w, https:\/\/blogsaverroes.juntadeandalucia.es\/eventosyprotocologrx\/files\/2021\/10\/somos-turismo_-somos-reencuentro-1-1-1024x1024.png 1024w, https:\/\/blogsaverroes.juntadeandalucia.es\/eventosyprotocologrx\/files\/2021\/10\/somos-turismo_-somos-reencuentro-1-1-150x150.png 150w, https:\/\/blogsaverroes.juntadeandalucia.es\/eventosyprotocologrx\/files\/2021\/10\/somos-turismo_-somos-reencuentro-1-1-768x768.png 768w, https:\/\/blogsaverroes.juntadeandalucia.es\/eventosyprotocologrx\/files\/2021\/10\/somos-turismo_-somos-reencuentro-1-1-80x80.png 80w, https:\/\/blogsaverroes.juntadeandalucia.es\/eventosyprotocologrx\/files\/2021\/10\/somos-turismo_-somos-reencuentro-1-1-320x320.png 320w\" sizes=\"(max-width: 1080px) 100vw, 1080px\" \/><\/figure>\n\n\n\n<h2 class=\"wp-block-heading\">\u00bfQu\u00e9 es?<\/h2>\n\n\n\n<p>Es un evento que se celebra anualmente en el IFEMA, en la ciudad de Madrid, Espa\u00f1a.\u00a0 Se celebra durante 5 d\u00edas en el mes de enero. Es el gran escaparate donde proceden todos los operadores tur\u00edsticos a nivel nacional e internacional para poder hacer un negocio alrededor del turismo. Del mismo modo aprovechar y ense\u00f1ar todas las maravillas que tienen a nivel patrimonial y a nivel tur\u00edstico en la ciudad.<\/p>\n\n\n\n<p>En este gran evento se re\u00fanen expertos en una variedad de disciplinas para compartir conocimiento, experiencias e inquietudes a trav\u00e9s de foros, debates y organizaciones.<\/p>\n\n\n\n<p>FITUR es:<\/p>\n\n\n\n<ul><li>Tur\u00edsmo<\/li><li>Negocio<\/li><li>Especializaci\u00f3n<\/li><li>Vanguardia<\/li><li>Conocimientos<\/li><\/ul>\n\n\n\n<p>\u00bfPor qu\u00e9 visitar FITUR?<\/p>\n\n\n\n<ul><li>Para comenzar y renovar la red de contactor, aumentando las oportunidades de negocio.<\/li><li>Para inspirarse y recaudar toda la informaci\u00f3n de la oferta.<\/li><li>Para aprovechar las nuevas tendencias del mercado.<\/li><li>Para disfrutar y conocer la ciudad de Madrid y su Comunidad.<\/li><\/ul>\n\n\n\n<p>&nbsp;Debido a la pandemia mundial, FITUR se ha celebrado este a\u00f1o 2021 &nbsp;en el mes de mayo de manera hibrida, es decir, tanto presencial como virtual gracias al apoyo de enbex. Ha sido una edici\u00f3n muy especial con tal fin de reactivar el turismo. El impacto recibido ha sido tanto que ha sido nombrado como \u201cEspecial Recuperaci\u00f3n del Turismo.\u201d De manera que ha finalizado con una participaci\u00f3n de 5.000 empresas de 55 pa\u00edses diferentes.<\/p>\n\n\n\n<p>En el pr\u00f3ximo a\u00f1o, 2022, se celebrar\u00e1 la nueva edici\u00f3n en los d\u00edas transcurridos del 19 al 23 de enero en el recinto ferial IFEMA DE MADRID.<\/p>\n\n\n\n<p>Autora: \u00c9rika Castillo Vi\u00f1olo<\/p>\n","protected":false},"excerpt":{"rendered":"<p>\u00bfQu\u00e9 es? Es un evento que se celebra anualmente en el IFEMA, en la ciudad de Madrid, Espa\u00f1a.\u00a0 Se celebra durante 5 d\u00edas en el&hellip;<\/p>\n","protected":false},"author":11209,"featured_media":1145,"comment_status":"open","ping_status":"open","sticky":false,"template":"","format":"standard","meta":{"ngg_post_thumbnail":0,"footnotes":""},"categories":[2],"tags":[],"aioseo_notices":[],"_links":{"self":[{"href":"https:\/\/blogsaverroes.juntadeandalucia.es\/eventosyprotocologrx\/wp-json\/wp\/v2\/posts\/1141"}],"collection":[{"href":"https:\/\/blogsaverroes.juntadeandalucia.es\/eventosyprotocologrx\/wp-json\/wp\/v2\/posts"}],"about":[{"href":"https:\/\/blogsaverroes.juntadeandalucia.es\/eventosyprotocologrx\/wp-json\/wp\/v2\/types\/post"}],"author":[{"embeddable":true,"href":"https:\/\/blogsaverroes.juntadeandalucia.es\/eventosyprotocologrx\/wp-json\/wp\/v2\/users\/11209"}],"replies":[{"embeddable":true,"href":"https:\/\/blogsaverroes.juntadeandalucia.es\/eventosyprotocologrx\/wp-json\/wp\/v2\/comments?post=1141"}],"version-history":[{"count":0,"href":"https:\/\/blogsaverroes.juntadeandalucia.es\/eventosyprotocologrx\/wp-json\/wp\/v2\/posts\/1141\/revisions"}],"wp:featuredmedia":[{"embeddable":true,"href":"https:\/\/blogsaverroes.juntadeandalucia.es\/eventosyprotocologrx\/wp-json\/wp\/v2\/media\/1145"}],"wp:attachment":[{"href":"https:\/\/blogsaverroes.juntadeandalucia.es\/eventosyprotocologrx\/wp-json\/wp\/v2\/media?parent=1141"}],"wp:term":[{"taxonomy":"category","embeddable":true,"href":"https:\/\/blogsaverroes.juntadeandalucia.es\/eventosyprotocologrx\/wp-json\/wp\/v2\/categories?post=1141"},{"taxonomy":"post_tag","embeddable":true,"href":"https:\/\/blogsaverroes.juntadeandalucia.es\/eventosyprotocologrx\/wp-json\/wp\/v2\/tags?post=1141"}],"curies":[{"name":"wp","href":"https:\/\/api.w.org\/{rel}","templated":true}]}}