{"id":1213,"date":"2021-12-03T13:24:57","date_gmt":"2021-12-03T12:24:57","guid":{"rendered":"https:\/\/eventosyprotocologrx.com\/?p=1213"},"modified":"2021-12-03T13:24:57","modified_gmt":"2021-12-03T12:24:57","slug":"iv-jornadas-de-administracion-y-gestion-2","status":"publish","type":"post","link":"https:\/\/blogsaverroes.juntadeandalucia.es\/eventosyprotocologrx\/2021\/12\/03\/iv-jornadas-de-administracion-y-gestion-2\/","title":{"rendered":"IV JORNADAS DE ADMINISTRACI\u00d3N Y GESTI\u00d3N"},"content":{"rendered":"\n<p>A d\u00eda 1 de Diciembre tuvieron lugar las IV Jornadas de Administraci\u00f3n y Gesti\u00f3n como estuvimos anunciando anteriormente. Estas jornadas se desarrollaron de manera online, a partir de un programa organizado por el profesorado de los distintos centros participantes con horario de 9:00-14:00 horas. Entre las cuales se llevaron a cabo actividades como:<\/p>\n\n\n\n<ol><li>Saludo del director del I.E.S Cartuja, Don Jos\u00e9 Manuel Franco Amador junto a la alumna Mar\u00eda P\u00e9rez del I.E.S Generalife, agradeciendo al profesorado y alumnado y dando paso a los talleres y diferentes participantes.<\/li><li>Apertura de las IV Jornadas de Administraci\u00f3n y Gesti\u00f3n. Do\u00f1a. Ana Berrocal, Delegada  Territorial de Educaci\u00f3n y Deporte de la Junta de Andaluc\u00eda, comenz\u00f3 su intervenci\u00f3n agradeciendo la invitaci\u00f3n a las jornadas, resaltando la mejora en la calidad del FP en Granada y recalcando la gran cantidad de personas que apuestan por la formaci\u00f3n profesional por delante de Bachillerato.<\/li><li>Tras la despedida de D\u00f1a. Ana Berrocal, se di\u00f3 paso a  D. Jose Antonio Martin Amad, Presidente de la Asociaci\u00f3n de J\u00f3venes Empresarios de Granada, mostrando tambi\u00e9n su apoyo a las Jornadas.<\/li><li>Se di\u00f3 paso a la ponencia llevada a cabo por D. Jose Luis Ca\u00f1avate,  titulada \u00abAprendiendo a Negociar\u00bb, donde habl\u00f3 sobre la negociaci\u00f3n, c\u00f3mo negociamos, estructura de una negociaci\u00f3n y sus ingredientes y por \u00faltimo los nuevos factores de negociaci\u00f3n.<\/li><li>En los talleres que se realizaron a continuaci\u00f3n, aprendimos de Identidad Corporativa, Comunicaci\u00f3n no Verbal, Contabilidad y Fiscalidad e Idea de Negocio.<\/li><li>Tras un breve descanso, se realiz\u00f3 la reapertura de las jornadas por parte del director del Instituto Ave Mar\u00eda San Crist\u00f3bal, y tras esto se dio paso a la 2\u00aa rotaci\u00f3n de talleres.<\/li><li>Mesa redonda de antiguos alumnos de los centros participantes donde hablaron sobre su experiencia en el mundo laboral.<\/li><li>Para terminar, Andrea Liguero realiz\u00f3 un resumen de las Jornadas y se pas\u00f3 a la clausura de las jornadas.<\/li><\/ol>\n\n\n\n<p>Nuestro agradecimiento a todos y todas las  participantes que pudieron asistir, esperamos que estas Jornadas hayan sido del agrado de todos y que se sigan pudiendo realizar a\u00f1o tras a\u00f1o.<\/p>\n\n\n\n<figure class=\"wp-block-video wp-block-embed is-type-video is-provider-videopress\"><div class=\"wp-block-embed__wrapper\">\n<iframe title=\"VideoPress Video Player\" aria-label='VideoPress Video Player' width='843' height='474' src='https:\/\/video.wordpress.com\/embed\/sMf7bAO9?cover=1&amp;preloadContent=metadata&amp;hd=1' frameborder='0' allowfullscreen data-resize-to-parent=\"true\" allow='clipboard-write'><\/iframe><script src='https:\/\/v0.wordpress.com\/js\/next\/videopress-iframe.js?m=1674852142'><\/script>\n<\/div><\/figure>\n","protected":false},"excerpt":{"rendered":"<p>A d\u00eda 1 de Diciembre tuvieron lugar las IV Jornadas de Administraci\u00f3n y Gesti\u00f3n como estuvimos anunciando anteriormente. Estas jornadas se desarrollaron de manera online,&hellip;<\/p>\n","protected":false},"author":11209,"featured_media":0,"comment_status":"open","ping_status":"open","sticky":false,"template":"","format":"standard","meta":{"ngg_post_thumbnail":0,"footnotes":""},"categories":[2],"tags":[],"aioseo_notices":[],"_links":{"self":[{"href":"https:\/\/blogsaverroes.juntadeandalucia.es\/eventosyprotocologrx\/wp-json\/wp\/v2\/posts\/1213"}],"collection":[{"href":"https:\/\/blogsaverroes.juntadeandalucia.es\/eventosyprotocologrx\/wp-json\/wp\/v2\/posts"}],"about":[{"href":"https:\/\/blogsaverroes.juntadeandalucia.es\/eventosyprotocologrx\/wp-json\/wp\/v2\/types\/post"}],"author":[{"embeddable":true,"href":"https:\/\/blogsaverroes.juntadeandalucia.es\/eventosyprotocologrx\/wp-json\/wp\/v2\/users\/11209"}],"replies":[{"embeddable":true,"href":"https:\/\/blogsaverroes.juntadeandalucia.es\/eventosyprotocologrx\/wp-json\/wp\/v2\/comments?post=1213"}],"version-history":[{"count":0,"href":"https:\/\/blogsaverroes.juntadeandalucia.es\/eventosyprotocologrx\/wp-json\/wp\/v2\/posts\/1213\/revisions"}],"wp:attachment":[{"href":"https:\/\/blogsaverroes.juntadeandalucia.es\/eventosyprotocologrx\/wp-json\/wp\/v2\/media?parent=1213"}],"wp:term":[{"taxonomy":"category","embeddable":true,"href":"https:\/\/blogsaverroes.juntadeandalucia.es\/eventosyprotocologrx\/wp-json\/wp\/v2\/categories?post=1213"},{"taxonomy":"post_tag","embeddable":true,"href":"https:\/\/blogsaverroes.juntadeandalucia.es\/eventosyprotocologrx\/wp-json\/wp\/v2\/tags?post=1213"}],"curies":[{"name":"wp","href":"https:\/\/api.w.org\/{rel}","templated":true}]}}