{"id":1291,"date":"2022-02-01T09:50:37","date_gmt":"2022-02-01T08:50:37","guid":{"rendered":"https:\/\/eventosyprotocologrx.com\/?p=1291"},"modified":"2022-02-01T09:50:37","modified_gmt":"2022-02-01T08:50:37","slug":"1291","status":"publish","type":"post","link":"https:\/\/blogsaverroes.juntadeandalucia.es\/eventosyprotocologrx\/2022\/02\/01\/1291\/","title":{"rendered":"MUNDO VERDE S.L.S &#8211; Trabajo docente"},"content":{"rendered":"<div class=\"wp-block-image\">\n<figure class=\"aligncenter size-large is-resized\"><img loading=\"lazy\" decoding=\"async\" src=\"https:\/\/blogsaverroes.juntadeandalucia.es\/eventosyprotocologrx\/files\/2022\/02\/logo-mundo-verde-e1643703737606.png?w=1024\" alt=\"\" class=\"wp-image-1288\" width=\"197\" height=\"197\" srcset=\"https:\/\/blogsaverroes.juntadeandalucia.es\/eventosyprotocologrx\/files\/2022\/02\/logo-mundo-verde-e1643703737606.png 1330w, https:\/\/blogsaverroes.juntadeandalucia.es\/eventosyprotocologrx\/files\/2022\/02\/logo-mundo-verde-e1643703737606-300x300.png 300w, https:\/\/blogsaverroes.juntadeandalucia.es\/eventosyprotocologrx\/files\/2022\/02\/logo-mundo-verde-e1643703737606-1024x1024.png 1024w, https:\/\/blogsaverroes.juntadeandalucia.es\/eventosyprotocologrx\/files\/2022\/02\/logo-mundo-verde-e1643703737606-150x150.png 150w, https:\/\/blogsaverroes.juntadeandalucia.es\/eventosyprotocologrx\/files\/2022\/02\/logo-mundo-verde-e1643703737606-768x768.png 768w, https:\/\/blogsaverroes.juntadeandalucia.es\/eventosyprotocologrx\/files\/2022\/02\/logo-mundo-verde-e1643703737606-80x80.png 80w, https:\/\/blogsaverroes.juntadeandalucia.es\/eventosyprotocologrx\/files\/2022\/02\/logo-mundo-verde-e1643703737606-320x320.png 320w\" sizes=\"(max-width: 197px) 100vw, 197px\" \/><\/figure><\/div>\n\n\n<p class=\"has-text-align-center\"><em><strong>OFERTA PUESTOS DE TRABAJO<\/strong><\/em><\/p>\n\n\n\n<p>Desde la empresa Mundo Verde S.L.S. (Empresa simulada) queremos crear una empresa competente en nuestro sector por lo cual buscamos a los mejores profesionales y especialistas, se ofrecen puestos de trabajo para los distintos cargos de la empresa que se muestran a continuaci\u00f3n:<\/p>\n\n\n\n<ul><li><strong><span style=\"text-decoration:underline\">Transportista<\/span><\/strong><\/li><\/ul>\n\n\n\n<p>En este puesto, el trabajador deber\u00e1 ser una persona responsable, ya que se&nbsp; encargar\u00e1 de llevar a cabo el traslado de todos los pedidos al domicilio indicado con la mayor brevedad posible. Implica seguir las rutas indicadas y no desviarse de ellas a no ser que las causas lo requieran.<\/p>\n\n\n\n<p><strong>Requisitos<\/strong>:<\/p>\n\n\n\n<ol><li>Mayor de edad.<\/li><li>Carnet de conducir m\u00ednimo tipo B.<\/li><\/ol>\n\n\n\n<ul><li><strong><span style=\"text-decoration:underline\">Mozo de almac\u00e9n<\/span><\/strong><\/li><\/ul>\n\n\n\n<p>En este cargo el trabajador debe ser un apersona organizada y resolutiva, pues se encargar\u00e1 de la log\u00edstica del almac\u00e9n donde se clasifican los diferentes productos y se almacenan siguiendo unos requisitos, el mozo de almac\u00e9n se encargar\u00e1 de mover el cargamento almacenado con la carretilla elevadora cuando ello lo requiera.<\/p>\n\n\n\n<p><strong>Requisitos<\/strong>:<\/p>\n\n\n\n<ol><li>Mayor de edad.<\/li><li>Carnet de carretillero.<\/li><li>T\u00edtulo de Educaci\u00f3n Secundaria Obligatoria (ESO).<\/li><\/ol>\n\n\n\n<ul><li><strong><span style=\"text-decoration:underline\">Asistente a la direcci\u00f3n<\/span><\/strong><\/li><\/ul>\n\n\n\n<p>Para el puesto de asistente a la direcci\u00f3n, lo que se busca es que el trabajador se encargue de gestionar la documentaci\u00f3n requerida por la direcci\u00f3n de la empresa, as\u00ed como de gestionar y organizar la agenda de la empresa. <\/p>\n\n\n\n<p><strong>Requisitos<\/strong>:<\/p>\n\n\n\n<ol><li><span style=\"color:initial\">T\u00e9cnico Superior de Asistencia a la Direcci\u00f3n.<\/span><\/li><li>Nivel m\u00ednimo B1 en ingl\u00e9s.<\/li><li>Conocimientos b\u00e1sicos de franc\u00e9s<\/li><\/ol>\n\n\n\n<ul><li><strong><span style=\"text-decoration:underline\">Contable<\/span>&nbsp;<\/strong><\/li><\/ul>\n\n\n\n<p>Ser\u00e1 el encargado de llevar la contabilidad y las operaciones comerciales de la&nbsp; empresa, fundamentalmente compras y ventas, con el objetivo de llevar las cuentas a nivel anual.<\/p>\n\n\n\n<p><strong>Requisitos<\/strong>:<\/p>\n\n\n\n<ol><li><span style=\"color:initial\">En posesi\u00f3n del t\u00edtulo de T\u00e9cnico Superior de Asistencia a la Direcci\u00f3n.<\/span><\/li><li>Manejo de los programas Factusol y Contasol.<\/li><\/ol>\n\n\n\n<ul><li><span style=\"text-decoration:underline\"><strong>Encargado de personal<\/strong> (Recursos Humanos).<\/span><\/li><\/ul>\n\n\n\n<p>&nbsp;En este departamento se encargar\u00e1 de la selecci\u00f3n de personal, cumplimentaci\u00f3n de contratos, altas, bajas, confecci\u00f3n de n\u00f3minas,&#8230; <\/p>\n\n\n\n<p><strong>Requisitos<\/strong>:<\/p>\n\n\n\n<ol><li><span style=\"color:initial\">Al menos el T\u00e9cnico Superior de Asistencia a la Direcci\u00f3n.<\/span><\/li><li>Curso de especializaci\u00f3n en n\u00f3minas y seguros sociales.<\/li><\/ol>\n\n\n\n<ul><li><strong><span style=\"text-decoration:underline\">Encargado de publicidad y marketing.<\/span><\/strong><\/li><\/ul>\n\n\n\n<p>Este departamento se encargar\u00e1 de crear infograf\u00edas, folletos propagand\u00edsticos, dise\u00f1ar la publicidad as\u00ed como crear anuncios para dar a conocer las ofertas.  Crear y gestionar las redes sociales de la empresa.  Estudiar el mercado y localizar los clientes potenciales. Editar y mantener al d\u00eda la p\u00e1gina web. Y promocionar la empresa en distintas plataformas para darnos a conocer.<\/p>\n\n\n\n<p><strong>Requisitos<\/strong>:<\/p>\n\n\n\n<ol><li>Grado de Marketing e Investigaci\u00f3n de Mercados.<\/li><li>Al menos t\u00edtulo de T\u00e9cnico Superior de Asistencia a la Direcci\u00f3n.<\/li><\/ol>\n\n\n\n<p><strong>&nbsp;Le recordamos a todos los interesados que el d\u00eda l\u00edmite para la entrega de los Curr\u00edculum vitae, es el 14 de Febrero de  2022<\/strong>. <\/p>\n\n\n\n<p><\/p>\n\n\n\n<p>Atentamente,&nbsp;<\/p>\n\n\n\n<p><a href=\"mailto:es.mundoverde.sl@gmail.com\">es.mundoverde.sl@gmail.com<\/a><\/p>\n","protected":false},"excerpt":{"rendered":"<p>OFERTA PUESTOS DE TRABAJO Desde la empresa Mundo Verde S.L.S. (Empresa simulada) queremos crear una empresa competente en nuestro sector por lo cual buscamos a&hellip;<\/p>\n","protected":false},"author":11209,"featured_media":1288,"comment_status":"open","ping_status":"open","sticky":false,"template":"","format":"standard","meta":{"ngg_post_thumbnail":0,"footnotes":""},"categories":[10],"tags":[],"aioseo_notices":[],"_links":{"self":[{"href":"https:\/\/blogsaverroes.juntadeandalucia.es\/eventosyprotocologrx\/wp-json\/wp\/v2\/posts\/1291"}],"collection":[{"href":"https:\/\/blogsaverroes.juntadeandalucia.es\/eventosyprotocologrx\/wp-json\/wp\/v2\/posts"}],"about":[{"href":"https:\/\/blogsaverroes.juntadeandalucia.es\/eventosyprotocologrx\/wp-json\/wp\/v2\/types\/post"}],"author":[{"embeddable":true,"href":"https:\/\/blogsaverroes.juntadeandalucia.es\/eventosyprotocologrx\/wp-json\/wp\/v2\/users\/11209"}],"replies":[{"embeddable":true,"href":"https:\/\/blogsaverroes.juntadeandalucia.es\/eventosyprotocologrx\/wp-json\/wp\/v2\/comments?post=1291"}],"version-history":[{"count":0,"href":"https:\/\/blogsaverroes.juntadeandalucia.es\/eventosyprotocologrx\/wp-json\/wp\/v2\/posts\/1291\/revisions"}],"wp:featuredmedia":[{"embeddable":true,"href":"https:\/\/blogsaverroes.juntadeandalucia.es\/eventosyprotocologrx\/wp-json\/wp\/v2\/media\/1288"}],"wp:attachment":[{"href":"https:\/\/blogsaverroes.juntadeandalucia.es\/eventosyprotocologrx\/wp-json\/wp\/v2\/media?parent=1291"}],"wp:term":[{"taxonomy":"category","embeddable":true,"href":"https:\/\/blogsaverroes.juntadeandalucia.es\/eventosyprotocologrx\/wp-json\/wp\/v2\/categories?post=1291"},{"taxonomy":"post_tag","embeddable":true,"href":"https:\/\/blogsaverroes.juntadeandalucia.es\/eventosyprotocologrx\/wp-json\/wp\/v2\/tags?post=1291"}],"curies":[{"name":"wp","href":"https:\/\/api.w.org\/{rel}","templated":true}]}}