{"id":234,"date":"2020-01-22T09:42:00","date_gmt":"2020-01-22T08:42:00","guid":{"rendered":"https:\/\/eventosyprotocologrx.wordpress.com\/?p=234"},"modified":"2020-01-22T09:42:00","modified_gmt":"2020-01-22T08:42:00","slug":"protocolo-militar","status":"publish","type":"post","link":"https:\/\/blogsaverroes.juntadeandalucia.es\/eventosyprotocologrx\/2020\/01\/22\/protocolo-militar\/","title":{"rendered":"Protocolo militar"},"content":{"rendered":"\n<p>\u00bfSab\u00edas que la palabra \u00abProtocolo\u00bb existe en todos los pa\u00edses y en todos los idiomas desde que existe la sociedad?<\/p>\n\n\n\n<p><\/p>\n\n\n\n<p> El protocolo militar surg\u00edo en el a\u00f1o 303 a.C. con los griegos, durante el mandato de Alejandro Magno y tiene tres fundamentos: orden, disciplina y tratamientos.<\/p>\n\n\n\n<p>Se trata de \u00ab<strong>Excelent\u00edsimo Se\u00f1or<\/strong>\u00bb a:<\/p>\n\n\n\n<ul><li>Oficiales Generales <\/li><li>Teniente General.<\/li><li>General.<\/li><li>Almirante.<\/li><li>Vicealmirante.<\/li><li>Contralmirante jefe.<\/li><li>Capit\u00e1n General.<\/li><li>Gobernador Militar.<\/li><\/ul>\n\n\n\n<p>Y de \u00ab<strong>Ilustr\u00edsimo<\/strong>\u00bb a: <\/p>\n\n\n\n<ul><li>Teniente Coronel.<\/li><li>Coronel.<\/li><li>Capit\u00e1n de Nav\u00edo.<\/li><li>Capit\u00e1n de Fragata.<\/li><li>Fiscal General del Tribunal Militar Territorial.<\/li><li>Presidente del Tribunal Militar Territorial.<\/li><\/ul>\n\n\n\n<p><\/p>\n\n\n\n<p>Existen cuatro tipos de <strong>uniformes<\/strong>:<\/p>\n\n\n\n<p>     Diario: para actividades normales de servicio<\/p>\n\n\n\n<p>     -Gala: festividades de las Fuerzas Armadas<\/p>\n\n\n\n<p>     -Etiqueta y Gran Etiqueta: en actos oficiales o sociales no militares en los que se pide etiqueta al personal no civil.<\/p>\n\n\n\n<p><\/p>\n\n\n\n<figure class=\"wp-block-embed is-type-rich\"><div class=\"wp-block-embed__wrapper\">\n<iframe class=\"wp-embedded-content\" sandbox=\"allow-scripts\" security=\"restricted\" title=\"militar\" frameborder='0' width='800' height='1600' src='https:\/\/view.genial.ly\/5e178ee9753abd1738ee1423#?secret=6lS2oXoCue' data-secret='6lS2oXoCue' scrolling='yes'><\/iframe>\n<\/div><\/figure>\n\n\n\n<p>Tienen tres <strong>modalidades<\/strong>:<\/p>\n\n\n\n<p>     A: para tiempo fr\u00edo<\/p>\n\n\n\n<p>     B: para tiempo templado<\/p>\n\n\n\n<p>     C: para tiempo c\u00e1lido<\/p>\n\n\n\n<p><\/p>\n\n\n\n<p>El <strong>saludo<\/strong> militar tiene su origen en los yelmos de la edad media y existen dos tipos: palmada en la pierna o saludo en la frente.<\/p>\n\n\n\n<p>La <strong>parada<\/strong> militar es un desfile&nbsp; en el que las unidades del ej\u00e9rcito marchan ordenadamente en formaciones ense\u00f1ando la capacidad de los distintos ej\u00e9rcitos : armada, fuerza a\u00e9rea y tierra.<\/p>\n\n\n\n<p>La secuencia de actos se compone de varios momentos en los que se fragmenta un acto militar<\/p>\n\n\n\n<p><\/p>\n\n\n\n<p>FUENTES:<\/p>\n\n\n\n<p>www.cuerpomilitardesanidad.es<\/p>\n\n\n\n<p>http:\/\/protocoloudc.blogspot.com<\/p>\n\n\n\n<p>http:\/\/abcblogs.abc.es<\/p>\n\n\n\n<p>Realizado por Luc\u00eda Benavides e Irene Fern\u00e1ndez.<\/p>\n","protected":false},"excerpt":{"rendered":"<p>\u00bfSab\u00edas que la palabra \u00abProtocolo\u00bb existe en todos los pa\u00edses y en todos los idiomas desde que existe la sociedad? El protocolo militar surg\u00edo en&hellip;<\/p>\n","protected":false},"author":11209,"featured_media":293,"comment_status":"open","ping_status":"open","sticky":false,"template":"","format":"standard","meta":{"ngg_post_thumbnail":0,"footnotes":""},"categories":[9,2],"tags":[11,19,68],"aioseo_notices":[],"_links":{"self":[{"href":"https:\/\/blogsaverroes.juntadeandalucia.es\/eventosyprotocologrx\/wp-json\/wp\/v2\/posts\/234"}],"collection":[{"href":"https:\/\/blogsaverroes.juntadeandalucia.es\/eventosyprotocologrx\/wp-json\/wp\/v2\/posts"}],"about":[{"href":"https:\/\/blogsaverroes.juntadeandalucia.es\/eventosyprotocologrx\/wp-json\/wp\/v2\/types\/post"}],"author":[{"embeddable":true,"href":"https:\/\/blogsaverroes.juntadeandalucia.es\/eventosyprotocologrx\/wp-json\/wp\/v2\/users\/11209"}],"replies":[{"embeddable":true,"href":"https:\/\/blogsaverroes.juntadeandalucia.es\/eventosyprotocologrx\/wp-json\/wp\/v2\/comments?post=234"}],"version-history":[{"count":0,"href":"https:\/\/blogsaverroes.juntadeandalucia.es\/eventosyprotocologrx\/wp-json\/wp\/v2\/posts\/234\/revisions"}],"wp:featuredmedia":[{"embeddable":true,"href":"https:\/\/blogsaverroes.juntadeandalucia.es\/eventosyprotocologrx\/wp-json\/wp\/v2\/media\/293"}],"wp:attachment":[{"href":"https:\/\/blogsaverroes.juntadeandalucia.es\/eventosyprotocologrx\/wp-json\/wp\/v2\/media?parent=234"}],"wp:term":[{"taxonomy":"category","embeddable":true,"href":"https:\/\/blogsaverroes.juntadeandalucia.es\/eventosyprotocologrx\/wp-json\/wp\/v2\/categories?post=234"},{"taxonomy":"post_tag","embeddable":true,"href":"https:\/\/blogsaverroes.juntadeandalucia.es\/eventosyprotocologrx\/wp-json\/wp\/v2\/tags?post=234"}],"curies":[{"name":"wp","href":"https:\/\/api.w.org\/{rel}","templated":true}]}}