{"id":261,"date":"2020-02-21T13:00:00","date_gmt":"2020-02-21T12:00:00","guid":{"rendered":"https:\/\/eventosyprotocologrx.wordpress.com\/?p=261"},"modified":"2020-02-21T13:00:00","modified_gmt":"2020-02-21T12:00:00","slug":"protocolo-en-africa","status":"publish","type":"post","link":"https:\/\/blogsaverroes.juntadeandalucia.es\/eventosyprotocologrx\/2020\/02\/21\/protocolo-en-africa\/","title":{"rendered":"En \u00c1frica se caracterizan por su hospitalidad"},"content":{"rendered":"\n<p>En la zona no musulmana de \u00c1frica la caracter\u00edstica principal es que son personas conservadoras, con ideas antiguas con respecto a las diferencias de g\u00e9nero, en este articulo trataremos las distintas aptitudes en el protocolo de estos pa\u00edses:<\/p>\n\n\n\n<p><strong><em>Comportamientos sociales<\/em><\/strong><\/p>\n\n\n\n<p>Los africanos se caracterizan por la <strong>hospitalidad<\/strong>, es frecuente el contacto f\u00edsico entre personas del mismo g\u00e9nero.<\/p>\n\n\n\n<p>Pero no entre personas de diferente g\u00e9nero, tambi\u00e9n se caracterizan por el m\u00e1ximo respeto a las personas de edad superior.<\/p>\n\n\n\n<p><strong><em>Saludo<\/em><\/strong><\/p>\n\n\n\n<p>Un apret\u00f3n de manos o un gui\u00f1o de reconocimiento suelen ser suficientes para realizar un saludo apropiado.<\/p>\n\n\n\n<p><strong>Se saluda por orden de jerarqu\u00eda<\/strong> empezando por la persona de mayor rango y continuando en orden descendente.<\/p>\n\n\n\n<p><strong><em>Regalos<\/em><\/strong><\/p>\n\n\n\n<p>Los obsequios suelen ser<strong> sencillos<\/strong>, se suelen utilizar como regalo objetos <strong>del lugar de procedencia.<\/strong><\/p>\n\n\n\n<ul><li>No se recomienda regalar bebidas alcoh\u00f3licas, ni productos derivados del cerdo.<\/li><li>Evitar obsequios en colores amarillo, morado y rosa, estos simbolizan la muerte.<\/li><li>Cuando existen regalos, suelen ser abiertos en privado.<\/li><\/ul>\n\n\n\n<p><em><strong>Puntualidad y horarios<\/strong><\/em><\/p>\n\n\n\n<p>En las reuniones de negocios es valorada la <strong>puntualidad<\/strong>, se considera descort\u00e9s el llegar tarde, en cambio en los eventos sociales no se tiende a ser puntual.<\/p>\n\n\n\n<p><strong><em>Vestimenta<\/em><\/strong><\/p>\n\n\n\n<p>&nbsp;En algunos pa\u00edses de la regi\u00f3n se permite<strong> la vestimenta informal<\/strong> aunque <strong>no se recomienda.<\/strong><\/p>\n\n\n\n<p>En el hombre es usual el uso de <strong>traje, camisa blanca y corbata<\/strong> y en la mujer una vestimenta corporativa y conservadora.<\/p>\n\n\n\n<p><strong><em>Normas b\u00e1sicas de protocolo<\/em><\/strong><\/p>\n\n\n\n<p>En estos estados est\u00e1 mejor visto el hacer<strong> negocios presenciales<\/strong>, suelen ser <strong>a corto o medio plazo<\/strong>, evitando en la medida de lo posible el largo plazo.<\/p>\n\n\n\n<p>Algunos de los valores m\u00e1s destacados en los negocios son la paciencia y se intenta evitar la presi\u00f3n ya que es vista como una falta de respeto.<\/p>\n\n\n\n<p>\u00abAl ser una completa desconocida en gran medida \u00c1frica puede ser lo que tu quieras que sea\u00bb Afirma el periodista estadounidense Ray Suarez.<\/p>\n\n\n\n<p><a href=\"https:\/\/centrogilbertobosques.senado.gob.mx\/protocolo-internacional\/ceremonial-protocolo\">https:\/\/centrogilbertobosques.senado.gob.mx\/protocolo-internacional\/ceremonial-protocolo<\/a><\/p>\n\n\n\n<p><\/p>\n","protected":false},"excerpt":{"rendered":"<p>En la zona no musulmana de \u00c1frica la caracter\u00edstica principal es que son personas conservadoras, con ideas antiguas con respecto a las diferencias de g\u00e9nero,&hellip;<\/p>\n","protected":false},"author":11209,"featured_media":385,"comment_status":"open","ping_status":"open","sticky":false,"template":"","format":"standard","meta":{"ngg_post_thumbnail":0,"footnotes":""},"categories":[9,2],"tags":[11,19,59,67],"aioseo_notices":[],"_links":{"self":[{"href":"https:\/\/blogsaverroes.juntadeandalucia.es\/eventosyprotocologrx\/wp-json\/wp\/v2\/posts\/261"}],"collection":[{"href":"https:\/\/blogsaverroes.juntadeandalucia.es\/eventosyprotocologrx\/wp-json\/wp\/v2\/posts"}],"about":[{"href":"https:\/\/blogsaverroes.juntadeandalucia.es\/eventosyprotocologrx\/wp-json\/wp\/v2\/types\/post"}],"author":[{"embeddable":true,"href":"https:\/\/blogsaverroes.juntadeandalucia.es\/eventosyprotocologrx\/wp-json\/wp\/v2\/users\/11209"}],"replies":[{"embeddable":true,"href":"https:\/\/blogsaverroes.juntadeandalucia.es\/eventosyprotocologrx\/wp-json\/wp\/v2\/comments?post=261"}],"version-history":[{"count":0,"href":"https:\/\/blogsaverroes.juntadeandalucia.es\/eventosyprotocologrx\/wp-json\/wp\/v2\/posts\/261\/revisions"}],"wp:featuredmedia":[{"embeddable":true,"href":"https:\/\/blogsaverroes.juntadeandalucia.es\/eventosyprotocologrx\/wp-json\/wp\/v2\/media\/385"}],"wp:attachment":[{"href":"https:\/\/blogsaverroes.juntadeandalucia.es\/eventosyprotocologrx\/wp-json\/wp\/v2\/media?parent=261"}],"wp:term":[{"taxonomy":"category","embeddable":true,"href":"https:\/\/blogsaverroes.juntadeandalucia.es\/eventosyprotocologrx\/wp-json\/wp\/v2\/categories?post=261"},{"taxonomy":"post_tag","embeddable":true,"href":"https:\/\/blogsaverroes.juntadeandalucia.es\/eventosyprotocologrx\/wp-json\/wp\/v2\/tags?post=261"}],"curies":[{"name":"wp","href":"https:\/\/api.w.org\/{rel}","templated":true}]}}